{"id":325857,"date":"2025-02-12T11:44:56","date_gmt":"2025-02-12T09:44:56","guid":{"rendered":"https:\/\/www.elche.es\/2025\/02\/lajuntament-treballa-per-a-convertir-elx-en-referent-dinnovacio-a-la-provincia\/"},"modified":"2025-02-12T11:44:57","modified_gmt":"2025-02-12T09:44:57","slug":"lajuntament-treballa-per-a-convertir-elx-en-referent-dinnovacio-a-la-provincia","status":"publish","type":"post","link":"https:\/\/www.elche.es\/va\/2025\/02\/lajuntament-treballa-per-a-convertir-elx-en-referent-dinnovacio-a-la-provincia\/","title":{"rendered":"L&#8217;Ajuntament treballa per a convertir Elx en referent d&#8217;innovaci\u00f3 a la prov\u00edncia"},"content":{"rendered":"<div class=\"wpb-content-wrapper\"><p>[vc_row el_id=&#8221;SUBTITULAR_NOTICIA&#8221;][vc_column][vc_column_text css=&#8221;&#8221;]<\/p>\n<hr \/>\n<h4>El regidor Claudio Guilabert es reunix amb el secretari auton\u00f2mic de l&#8217;\u00e0rea, Jer\u00f3nimo Mora, per al desenvolupament de projectes relacionats amb la digitalitzaci\u00f3 de l&#8217;espai p\u00fablic<\/h4>\n<hr \/>\n<p>[\/vc_column_text][\/vc_column][\/vc_row][vc_row el_id=&#8221;TEXTO_NOTICIA&#8221;][vc_column][vc_column_text css=&#8221;&#8221;]L&#8217;Ajuntament s&#8217;ha marcat com a objectiu convertir Elx en referent de la prov\u00edncia d&#8217;Alacant en mat\u00e8ria d&#8217;innovaci\u00f3 tecnol\u00f2gica. D&#8217;esta manera, <strong>el regidor de l&#8217;\u00e0rea, Claudio Guilabert<\/strong>, s&#8217;ha reunit amb el <strong>secretari auton\u00f2mic d&#8217;Innovaci\u00f3, Jer\u00f3nimo Mora<\/strong>, per a definir una s\u00e8rie de projectes relacionats amb la digitalitzaci\u00f3 de l&#8217;espai p\u00fablic o la innovaci\u00f3 dels sectors productius.<\/p>\n<p>Segons Guilabert, \u00e9s un \u201ccomprom\u00eds d&#8217;este govern municipal apostar per la <strong>innovaci\u00f3 tecnol\u00f2gica i la millora de la comunicaci\u00f3 amb la ciutadania<\/strong> per a convertir Elx en un veritable referent a la prov\u00edncia d&#8217;Alacant\u201d.[\/vc_column_text][\/vc_column][\/vc_row][vc_row source=&#8221;media_library&#8221; image=&#8221;&#8221; img_size=&#8221;full&#8221; external_img_size=&#8221;&#8221; add_caption=&#8221;&#8221; alignment=&#8221;left&#8221; style=&#8221;&#8221; external_style=&#8221;&#8221; border_color=&#8221;grey&#8221; external_border_color=&#8221;grey&#8221; onclick=&#8221;link_image&#8221; img_link_target=&#8221;_self&#8221; el_class=&#8221;fotounicanoticia&#8221; title=&#8221;&#8221; custom_src=&#8221;&#8221; caption=&#8221;&#8221; link=&#8221;&#8221; img_link_large=&#8221;&#8221;][vc_column][vc_single_image image=&#8221;325850&#8243; img_size=&#8221;full&#8221; onclick=&#8221;link_image&#8221; css=&#8221;&#8221; el_class=&#8221;fotounicanoticia&#8221;][\/vc_column][\/vc_row][vc_row el_id=&#8221;TEXTO_FIN_NOTICIA&#8221;][vc_column][vc_column_text css=&#8221;&#8221;]Aix\u00ed, ha recordat que l&#8217;Ajuntament d&#8217;Elx ha reactivat les pol\u00edtiques de seguretat de dades de la ciutadania que es troben en les diferents fonts municipals. <strong>La idea \u00e9s dur a terme una protecci\u00f3 adequada de la informaci\u00f3<\/strong> i els serveis prestats per a assegurar l&#8217;acc\u00e9s, confidencialitat, autenticitat i la conservaci\u00f3 de dades, informaci\u00f3 i servicis utilitzats per mitjans electr\u00f2nics que gestione el mateix Ajuntament.<\/p>\n<p>En este sentit, destaca la <strong>posada en marxa de l&#8217;oficina municipal de protecci\u00f3<\/strong> de dades, al costat de la creaci\u00f3 de diferents comit\u00e9s de seguretat de la informaci\u00f3 integrats per personal de l&#8217;Ajuntament i la Policia Local d&#8217;Elx per a dur a terme instruccions i pol\u00edtiques per a la seguretat de les dades que es troben en els servidors municipals i fonts d&#8217;acc\u00e9s electr\u00f2nic.<\/p>\n<hr \/>\n<p>[\/vc_column_text][\/vc_column][\/vc_row][vc_row][vc_column width=&#8221;1\/6&#8243;][\/vc_column][vc_column width=&#8221;2\/3&#8243;]<audio class=\"sc_audio\" src=\"\" width=\"\" height=\"\"><\/audio>[\/vc_column][vc_column width=&#8221;1\/6&#8243;][\/vc_column][\/vc_row]<\/p>\n<\/div>","protected":false},"excerpt":{"rendered":"<p>[vc_row el_id=&#8221;SUBTITULAR_NOTICIA&#8221;][vc_column][vc_column_text css=&#8221;&#8221;] El regidor Claudio Guilabert es reunix amb el secretari auton\u00f2mic de l&#8217;\u00e0rea, Jer\u00f3nimo Mora, per al desenvolupament de projectes relacionats amb la digitalitzaci\u00f3 de l&#8217;espai p\u00fablic [\/vc_column_text][\/vc_column][\/vc_row][vc_row [&hellip;]<\/p>\n","protected":false},"author":139,"featured_media":325853,"comment_status":"closed","ping_status":"closed","sticky":false,"template":"","format":"standard","meta":{"footnotes":""},"categories":[391,1312],"tags":[],"class_list":["post-325857","post","type-post","status-publish","format-standard","has-post-thumbnail","hentry","category-home-va","category-noticias-va"],"_links":{"self":[{"href":"https:\/\/www.elche.es\/va\/wp-json\/wp\/v2\/posts\/325857","targetHints":{"allow":["GET"]}}],"collection":[{"href":"https:\/\/www.elche.es\/va\/wp-json\/wp\/v2\/posts"}],"about":[{"href":"https:\/\/www.elche.es\/va\/wp-json\/wp\/v2\/types\/post"}],"author":[{"embeddable":true,"href":"https:\/\/www.elche.es\/va\/wp-json\/wp\/v2\/users\/139"}],"replies":[{"embeddable":true,"href":"https:\/\/www.elche.es\/va\/wp-json\/wp\/v2\/comments?post=325857"}],"version-history":[{"count":2,"href":"https:\/\/www.elche.es\/va\/wp-json\/wp\/v2\/posts\/325857\/revisions"}],"predecessor-version":[{"id":325859,"href":"https:\/\/www.elche.es\/va\/wp-json\/wp\/v2\/posts\/325857\/revisions\/325859"}],"wp:featuredmedia":[{"embeddable":true,"href":"https:\/\/www.elche.es\/va\/wp-json\/wp\/v2\/media\/325853"}],"wp:attachment":[{"href":"https:\/\/www.elche.es\/va\/wp-json\/wp\/v2\/media?parent=325857"}],"wp:term":[{"taxonomy":"category","embeddable":true,"href":"https:\/\/www.elche.es\/va\/wp-json\/wp\/v2\/categories?post=325857"},{"taxonomy":"post_tag","embeddable":true,"href":"https:\/\/www.elche.es\/va\/wp-json\/wp\/v2\/tags?post=325857"}],"curies":[{"name":"wp","href":"https:\/\/api.w.org\/{rel}","templated":true}]}}