{"id":325909,"date":"2025-02-12T14:18:15","date_gmt":"2025-02-12T12:18:15","guid":{"rendered":"https:\/\/www.elche.es\/2025\/02\/la-diputacio-convocara-el-concurs-internacional-del-palau-de-congressos-delx-abans-de-lestiu\/"},"modified":"2025-02-12T14:18:15","modified_gmt":"2025-02-12T12:18:15","slug":"la-diputacio-convocara-el-concurs-internacional-del-palau-de-congressos-delx-abans-de-lestiu","status":"publish","type":"post","link":"https:\/\/www.elche.es\/va\/2025\/02\/la-diputacio-convocara-el-concurs-internacional-del-palau-de-congressos-delx-abans-de-lestiu\/","title":{"rendered":"La Diputaci\u00f3 convocar\u00e0 el concurs internacional del Palau de Congressos d&#8217;Elx abans de l&#8217;estiu"},"content":{"rendered":"<div class=\"wpb-content-wrapper\"><p>[vc_row el_id=&#8221;SUBTITULAR_NOTICIA&#8221;][vc_column][vc_column_text css=&#8221;&#8221;]<\/p>\n<hr \/>\n<h4>El president de la instituci\u00f3 provincial, Toni P\u00e9rez, ha confirmat que \u201csi tot transcorre amb normalitat el ple l&#8217;aprovar\u00e0 abans del mes de juny\u201d<\/h4>\n<hr \/>\n<p>[\/vc_column_text][\/vc_column][\/vc_row][vc_row el_id=&#8221;TEXTO_NOTICIA&#8221;][vc_column][vc_column_text css=&#8221;&#8221;]<strong>El president de la Diputaci\u00f3 d&#8217;Alacant, Toni P\u00e9rez,<\/strong> en una visita a Elx este dimecres, ha confirmat que la instituci\u00f3 provincial convocar\u00e0 el concurs internacional d&#8217;idees del futur Palau de Congressos d&#8217;Elx en els pr\u00f2xims mesos.<\/p>\n<p>\u201cSi tot transcorre amb normalitat i va b\u00e9, abans d&#8217;estiu el ple de la Diputaci\u00f3 d&#8217;Alacant aprovar\u00e0 els plecs del concurs internacional de l&#8217;avantprojecte per a la <strong>redacci\u00f3 del projecte que definitivament impulsarem per a la construcci\u00f3 i posada en marxa<\/strong> del Palau de Congressos a Elx\u201d ha assenyalat P\u00e9rez.[\/vc_column_text][\/vc_column][\/vc_row][vc_row el_id=&#8221;DESTACADO_NOTICIA&#8221;][vc_column][vc_column_text css=&#8221;&#8221; el_class=&#8221;cuadronoticia&#8221;]<\/p>\n<h5>Es tracta del seg\u00fcent pas despr\u00e9s que l&#8217;Ajuntament incorporara una nova parcel\u00b7la sense cost per a les arques municipals<\/h5>\n<p>[\/vc_column_text][\/vc_column][\/vc_row][vc_row el_id=&#8221;TEXTO_FIN_NOTICIA&#8221;][vc_column][vc_column_text css=&#8221;&#8221;]Es tracta del seg\u00fcent dels passos per a la<strong> posada en marxa d&#8217;un projecte que l&#8217;Ajuntament ha reactivat recentment despr\u00e9s d&#8217;aconseguir una soluci\u00f3 a la problem\u00e0tica<\/strong> que existia amb l&#8217;adquisici\u00f3 de les parcel\u00b7les que el projecte requeria. La resoluci\u00f3 passa per la incorporaci\u00f3 d&#8217;una nova parcel\u00b7la sense cap cost per a les arques municipals i sense perjudicar els propietaris del terreny tal com va assenyalar el regidor d&#8217;Estrat\u00e8gia Municipal, Francisco Soler.<\/p>\n<p>Tant l&#8217;Ajuntament com <strong>la Diputaci\u00f3 ja han mantingut una trobada amb arquitectes municipals i t\u00e8cnics d&#8217;Urbanisme<\/strong>, aix\u00ed com amb la diputada encarregada del projecte i personal de la instituci\u00f3 provincial, on ja es van concretar les bases del concurs internacional d&#8217;idees.<\/p>\n<p>El futur Palau de Congressos tindr\u00e0 una <strong>sala principal de 1.500 butaques a m\u00e9s de 5 sales auxiliars, 3 sales de 200 butaques, una de 350 i una altra de 500<\/strong> i es preveu a m\u00e9s la construcci\u00f3 d&#8217;un aparcament subterrani de 400 places.<\/p>\n<hr \/>\n<p>[\/vc_column_text][\/vc_column][\/vc_row][vc_row][vc_column width=&#8221;1\/6&#8243;][\/vc_column][vc_column width=&#8221;2\/3&#8243;]<audio class=\"sc_audio\" src=\"https:\/\/soundcloud.com\/ayuntamiento-de-elche\/la-diputacion-convocara-el-concurso-internacional-del-palacio-de-congresos-de-elche-antes-del-verano?si=5b0719a11867448f86ba6b6c7fc426ee&#038;utm_source=clipboard&#038;utm_medium=text&#038;utm_campaign=social_sharing\" width=\"\" height=\"\" style=\"````\"><\/audio>[\/vc_column][vc_column width=&#8221;1\/6&#8243;][\/vc_column][\/vc_row]<\/p>\n<\/div>","protected":false},"excerpt":{"rendered":"<p>[vc_row el_id=&#8221;SUBTITULAR_NOTICIA&#8221;][vc_column][vc_column_text css=&#8221;&#8221;] El president de la instituci\u00f3 provincial, Toni P\u00e9rez, ha confirmat que \u201csi tot transcorre amb normalitat el ple l&#8217;aprovar\u00e0 abans del mes de juny\u201d [\/vc_column_text][\/vc_column][\/vc_row][vc_row el_id=&#8221;TEXTO_NOTICIA&#8221;][vc_column][vc_column_text css=&#8221;&#8221;]El [&hellip;]<\/p>\n","protected":false},"author":139,"featured_media":239140,"comment_status":"closed","ping_status":"closed","sticky":false,"template":"","format":"standard","meta":{"footnotes":""},"categories":[391,1312],"tags":[],"class_list":["post-325909","post","type-post","status-publish","format-standard","has-post-thumbnail","hentry","category-home-va","category-noticias-va"],"_links":{"self":[{"href":"https:\/\/www.elche.es\/va\/wp-json\/wp\/v2\/posts\/325909","targetHints":{"allow":["GET"]}}],"collection":[{"href":"https:\/\/www.elche.es\/va\/wp-json\/wp\/v2\/posts"}],"about":[{"href":"https:\/\/www.elche.es\/va\/wp-json\/wp\/v2\/types\/post"}],"author":[{"embeddable":true,"href":"https:\/\/www.elche.es\/va\/wp-json\/wp\/v2\/users\/139"}],"replies":[{"embeddable":true,"href":"https:\/\/www.elche.es\/va\/wp-json\/wp\/v2\/comments?post=325909"}],"version-history":[{"count":2,"href":"https:\/\/www.elche.es\/va\/wp-json\/wp\/v2\/posts\/325909\/revisions"}],"predecessor-version":[{"id":325911,"href":"https:\/\/www.elche.es\/va\/wp-json\/wp\/v2\/posts\/325909\/revisions\/325911"}],"wp:featuredmedia":[{"embeddable":true,"href":"https:\/\/www.elche.es\/va\/wp-json\/wp\/v2\/media\/239140"}],"wp:attachment":[{"href":"https:\/\/www.elche.es\/va\/wp-json\/wp\/v2\/media?parent=325909"}],"wp:term":[{"taxonomy":"category","embeddable":true,"href":"https:\/\/www.elche.es\/va\/wp-json\/wp\/v2\/categories?post=325909"},{"taxonomy":"post_tag","embeddable":true,"href":"https:\/\/www.elche.es\/va\/wp-json\/wp\/v2\/tags?post=325909"}],"curies":[{"name":"wp","href":"https:\/\/api.w.org\/{rel}","templated":true}]}}