{"id":326020,"date":"2025-02-13T13:25:44","date_gmt":"2025-02-13T11:25:44","guid":{"rendered":"https:\/\/www.elche.es\/2025\/02\/lajuntament-incrementa-les-partides-de-convenis-amb-entitats-daccio-social-i-discapacitat\/"},"modified":"2025-02-13T13:25:44","modified_gmt":"2025-02-13T11:25:44","slug":"lajuntament-incrementa-les-partides-de-convenis-amb-entitats-daccio-social-i-discapacitat","status":"publish","type":"post","link":"https:\/\/www.elche.es\/va\/2025\/02\/lajuntament-incrementa-les-partides-de-convenis-amb-entitats-daccio-social-i-discapacitat\/","title":{"rendered":"L&#8217;Ajuntament incrementa les partides de convenis amb entitats d&#8217;Acci\u00f3 Social i Discapacitat"},"content":{"rendered":"<div class=\"wpb-content-wrapper\"><p>[vc_row el_id=&#8221;SUBTITULAR_NOTICIA&#8221;][vc_column][vc_column_text css=&#8221;&#8221;]<\/p>\n<hr \/>\n<h4>La Junta de Govern Local aprova per primera vegada un conveni amb l&#8217;Associaci\u00f3 Tamarit per a tallers de formaci\u00f3 en escoles infantils per valor de 7.000 euros<\/h4>\n<hr \/>\n<p>[\/vc_column_text][\/vc_column][\/vc_row][vc_row el_id=&#8221;TEXTO_NOTICIA&#8221;][vc_column][vc_column_text css=&#8221;&#8221;]La Junta de Govern Local de l&#8217;Ajuntament d&#8217;Elx ha aprovat diferents convenis de col\u00b7laboraci\u00f3 amb associacions i entitats socials del municipi. En este sentit, <strong>el regidor de Relacions Institucionals, Juan de Dios Navarro<\/strong>, en qualitat de portaveu, ha assenyalat que per primera vegada ha s&#8217;establit un conveni amb l&#8217;Associaci\u00f3 TAMARIT de persones amb discapacitat l\u00edmit i lleugera, per al desenvolupament del Programa \u201cPer un futur sense l\u00edmits- Taller de formaci\u00f3 a les Escoles Infantils\u201d per 7.000 euros.<\/p>\n<p>En este cas, este taller compr\u00e9n un projecte de neteja, adequaci\u00f3 i plantaci\u00f3 en les \u00e0rees verdes de les <strong>escoles infantils municipals<\/strong> Don Honorio, Don Julio i Don Crisp\u00edn. D&#8217;esta manera, els alumnes de l&#8217;associaci\u00f3, amb un diagn\u00f2stic de discapacitat intel\u00b7lectual adquirixen ferramentes personals i professionals que els servixen per a millorar la seua ocupabilitat i adquirir habilitats que els poden facilitar l&#8217;acc\u00e9s al mercat de treball.<\/p>\n<p>A m\u00e9s,<strong> s\u2019ha incrementat en 4.000 euros el conveni amb l&#8217;Associaci\u00f3 P\u00e0rkinson Elx<\/strong> per al desenvolupament del Programa d&#8217;Atenci\u00f3 Integral a persones amb P\u00e0rkinson i familiars fins a un total de 10.000 euros. Esta \u00e9s una associaci\u00f3 sense \u00e0nim de lucre que du a terme un programa terap\u00e8utic d&#8217;atenci\u00f3 integral a les persones afectades per esta malaltia, amb la finalitat \u00faltima de millorar la qualitat de vida d&#8217;estes persones i contribuir a optimitzar la situaci\u00f3 dels seus familiars i\/o cuidadors.<\/p>\n<p>Un altre dels convenis aprovats \u00e9s amb<strong> l&#8217;Associaci\u00f3 de Familiars de Persones amb Alzheimer d&#8217;Elx (AFAE)<\/strong> per al desenvolupament del Programa de Centre d&#8217;Atenci\u00f3 Integral per a Persones amb Alzheimer i\/o altres dem\u00e8ncies i les seues fam\u00edlies 2025. En este cas, s&#8217;ha incrementat en 5.000 euros respecte a l&#8217;any anterior, fins a aconseguir els 20.000.<\/p>\n<p>Aix\u00ed mateix, ha augmentat en 2.000 euros el conveni amb la Fundaci\u00f3 Secretariat Gitano per al desenvolupament del<strong> Programa d&#8217;Itineraris d&#8217;inserci\u00f3 sociolaboral per a la poblaci\u00f3 gitana d&#8217;Elx<\/strong>: Ocupa-T Elx i el programa Cal\u00ed, per la igualtat de les dones gitanes, per un import de 44.000 euros. D&#8217;esta manera, l&#8217;Ajuntament dona suport a una acci\u00f3 dirigida a afavorir l&#8217;acc\u00e9s de la comunitat gitana als recursos socials en igualtat de condicions i fomentar la incorporaci\u00f3 de la poblaci\u00f3 gitana al mercat laboral per a reduir l&#8217;exclusi\u00f3 social.<\/p>\n<p>D&#8217;altra banda, s&#8217;ha aprovat el <strong>conveni-subvenci\u00f3 amb la Fundaci\u00f3 Conci\u00e9nciate<\/strong> per al desenvolupament del Programa \u201cPromoci\u00f3 del voluntariat i atenci\u00f3 a persones en risc d&#8217;exclusi\u00f3\u201d, per a 2025, per un import de 36.000 euros i el conveni-subvenci\u00f3 amb l&#8217;Associaci\u00f3 Isabela per al desenvolupament del Programa \u201cMenors color esperan\u00e7a: Intervenci\u00f3 amb menors i dones v\u00edctimes de viol\u00e8ncia\u201d per a 2025, per un import de 10.000 euros. En el cas d&#8217;estos dos convenis es mant\u00e9 la dotaci\u00f3 de l&#8217;any anterior.[\/vc_column_text][\/vc_column][\/vc_row][vc_row el_id=&#8221;DESTACADO_NOTICIA&#8221;][vc_column][vc_column_text css=&#8221;&#8221; el_class=&#8221;cuadronoticia&#8221;]<\/p>\n<h5>Llum verda a l&#8217;inici de l&#8217;expedient per a l&#8217;adjudicaci\u00f3 dels sondatges arqueol\u00f2gics previs al projecte d&#8217;execuci\u00f3 de la reforma de la pla\u00e7a del Congr\u00e9s Eucar\u00edstic i el seu entorn<\/h5>\n<p>[\/vc_column_text][\/vc_column][\/vc_row][vc_row el_id=&#8221;TEXTO_FIN_NOTICIA&#8221;][vc_column][vc_column_text css=&#8221;&#8221;]L&#8217;Associaci\u00f3 Isabela \u00e9s una entitat sense \u00e0nim de lucre, dirigida a l&#8217;atenci\u00f3 de menors i de dones v\u00edctimes de qualsevol mena de viol\u00e8ncia. <strong>Des de la Regidoria de Dona es col\u00b7labora<\/strong> mitjan\u00e7ant este conveni per a donar suport a accions de prevenci\u00f3, tractament i eliminaci\u00f3 de qualsevol causa o situaci\u00f3 de marginaci\u00f3 o desigualtat social.<\/p>\n<p>En la reuni\u00f3 d&#8217;este dijous tamb\u00e9 <strong>s&#8217;ha aprovat el calendari d&#8217;organitzaci\u00f3 de cerim\u00f2nies civils per a l&#8217;any 2026<\/strong>. D&#8217;esta manera, en funci\u00f3 de la disponibilitat del sal\u00f3 de plens es proposen com a dies de celebraci\u00f3 de cerim\u00f2nies els dissabtes en horaris compresos entre les franges de 10.00 a 14 hores i de 17.00 a 22.00 hores. Tota la informaci\u00f3 i reserves de cites per a l&#8217;any vinent es podran dur a terme a partir de la setmana que ve en la web <a href=\"https:\/\/www.elche.es\/va\/cerimonies-civils\/\">https:\/\/www.elche.es\/ceremonias-civiles\/<\/a><\/p>\n<p>Entre els assumptes de fora de l&#8217;orde del dia <strong>s&#8217;ha aprovat l&#8217;inici de l&#8217;expedient per a l&#8217;adjudicaci\u00f3 del contracte d&#8217;obres per als treballs d&#8217;identificaci\u00f3<\/strong> i documentaci\u00f3 de vestigis arqueol\u00f2gics a la pla\u00e7a del Congr\u00e9s Eucar\u00edstic d&#8217;Elx. El pressupost base de licitaci\u00f3 ascendix a 47.467 euros i el termini d&#8217;execuci\u00f3 ser\u00e0 de cinc setmanes. De manera pr\u00e8via a la redacci\u00f3 del projecte d&#8217;execuci\u00f3, \u00e9s necessari dur a terme una s\u00e8rie de sondatges arqueol\u00f2gics per a con\u00e9ixer amb exactitud els nivells d&#8217;excavaci\u00f3.<\/p>\n<p>El mes de gener passat <strong>la Junta de Govern Local ja va aprovar el projecte b\u00e0sic de les obres de reurbanitzaci\u00f3 de la pla\u00e7a<\/strong> i el seu entorn per a retornar-li la vida a este gran espai p\u00fablic, fer-lo m\u00e9s atractiu i inclusiu per a il\u00b7licitans i visitants.<\/p>\n<p>Tamb\u00e9 s&#8217;ha iniciat l&#8217;expedient d&#8217;ocupaci\u00f3 directa de la finca registral n\u00fam. 63.497 del Registre de la Propietat n\u00fam. 2 per a la <strong>construcci\u00f3 del nou Palau de Congressos i s&#8217;ha em\u00e9s l&#8217;informe Ambiental i Territorial Estrat\u00e8gic<\/strong> favorable del document d&#8217;inici de la modificaci\u00f3 puntual del Pla Parcial del Sector E-21 del Pla General d&#8217;Elx.<\/p>\n<hr \/>\n<p>&nbsp;<\/p>\n<p>[\/vc_column_text][\/vc_column][\/vc_row][vc_row][vc_column width=&#8221;1\/6&#8243;][\/vc_column][vc_column width=&#8221;2\/3&#8243;]<audio class=\"sc_audio\" src=\"https:\/\/soundcloud.com\/ayuntamiento-de-elche\/el-ayuntamiento-incrementa-las-partidas-de-convenios-con-entidades-de-accion-social-y-discapacidad?si=651a59c68dba4f6295dae4b93a4ba516&#038;utm_source=clipboard&#038;utm_medium=text&#038;utm_campaign=social_sharing\" width=\"\" height=\"\" style=\"````\"><\/audio>[\/vc_column][vc_column width=&#8221;1\/6&#8243;][\/vc_column][\/vc_row]<\/p>\n<\/div>","protected":false},"excerpt":{"rendered":"<p>[vc_row el_id=&#8221;SUBTITULAR_NOTICIA&#8221;][vc_column][vc_column_text css=&#8221;&#8221;] La Junta de Govern Local aprova per primera vegada un conveni amb l&#8217;Associaci\u00f3 Tamarit per a tallers de formaci\u00f3 en escoles infantils per valor de 7.000 euros [&hellip;]<\/p>\n","protected":false},"author":139,"featured_media":326014,"comment_status":"closed","ping_status":"closed","sticky":false,"template":"","format":"standard","meta":{"footnotes":""},"categories":[391,3085,1312],"tags":[],"class_list":["post-326020","post","type-post","status-publish","format-standard","has-post-thumbnail","hentry","category-home-va","category-junta-de-govern-local","category-noticias-va"],"_links":{"self":[{"href":"https:\/\/www.elche.es\/va\/wp-json\/wp\/v2\/posts\/326020","targetHints":{"allow":["GET"]}}],"collection":[{"href":"https:\/\/www.elche.es\/va\/wp-json\/wp\/v2\/posts"}],"about":[{"href":"https:\/\/www.elche.es\/va\/wp-json\/wp\/v2\/types\/post"}],"author":[{"embeddable":true,"href":"https:\/\/www.elche.es\/va\/wp-json\/wp\/v2\/users\/139"}],"replies":[{"embeddable":true,"href":"https:\/\/www.elche.es\/va\/wp-json\/wp\/v2\/comments?post=326020"}],"version-history":[{"count":2,"href":"https:\/\/www.elche.es\/va\/wp-json\/wp\/v2\/posts\/326020\/revisions"}],"predecessor-version":[{"id":326022,"href":"https:\/\/www.elche.es\/va\/wp-json\/wp\/v2\/posts\/326020\/revisions\/326022"}],"wp:featuredmedia":[{"embeddable":true,"href":"https:\/\/www.elche.es\/va\/wp-json\/wp\/v2\/media\/326014"}],"wp:attachment":[{"href":"https:\/\/www.elche.es\/va\/wp-json\/wp\/v2\/media?parent=326020"}],"wp:term":[{"taxonomy":"category","embeddable":true,"href":"https:\/\/www.elche.es\/va\/wp-json\/wp\/v2\/categories?post=326020"},{"taxonomy":"post_tag","embeddable":true,"href":"https:\/\/www.elche.es\/va\/wp-json\/wp\/v2\/tags?post=326020"}],"curies":[{"name":"wp","href":"https:\/\/api.w.org\/{rel}","templated":true}]}}