{"id":326057,"date":"2025-02-13T14:24:46","date_gmt":"2025-02-13T12:24:46","guid":{"rendered":"https:\/\/www.elche.es\/2025\/02\/lajuntament-inicia-les-obres-de-millora-de-laccessibilitat-al-carrer-bufart\/"},"modified":"2025-02-13T14:24:46","modified_gmt":"2025-02-13T12:24:46","slug":"lajuntament-inicia-les-obres-de-millora-de-laccessibilitat-al-carrer-bufart","status":"publish","type":"post","link":"https:\/\/www.elche.es\/va\/2025\/02\/lajuntament-inicia-les-obres-de-millora-de-laccessibilitat-al-carrer-bufart\/","title":{"rendered":"L&#8217;Ajuntament inicia les obres de millora de l&#8217;accessibilitat al carrer Bufart"},"content":{"rendered":"<div class=\"wpb-content-wrapper\"><p>[vc_row el_id=&#8221;SUBTITULAR_NOTICIA&#8221;][vc_column][vc_column_text css=&#8221;&#8221;]<\/p>\n<hr \/>\n<h4>L&#8217;actuaci\u00f3 suposa l&#8217;ampliaci\u00f3 de les voreres, la plantaci\u00f3 d&#8217;arbratge i el canvi d&#8217;il\u00b7luminaci\u00f3 amb el qual es reduir\u00e0 el consum energ\u00e8tic<\/h4>\n<hr \/>\n<p>[\/vc_column_text][\/vc_column][\/vc_row][vc_row el_id=&#8221;TEXTO_NOTICIA&#8221;][vc_column][vc_column_text css=&#8221;&#8221;]<strong>L&#8217;Ajuntament d&#8217;Elx, a trav\u00e9s de la Regidoria de Serveis P\u00fablics<\/strong>, ha comen\u00e7at les obres de millora de l&#8217;accessibilitat al carrer Bufart, al barri del Raval.<\/p>\n<p>\u201cContinuem amb el pla d&#8217;inversions i modernitzaci\u00f3 de la via p\u00fablica durant este 2025 i <strong>millorarem infraestructures perqu\u00e8 \u00e9s necessari continuar invertint a millorar l&#8217;entorn<\/strong> i la qualitat de vida dels il\u00b7licitans\u201d, ha assenyalat el regidor de l&#8217;\u00e0rea, Claudio Guilabert.[\/vc_column_text][\/vc_column][\/vc_row][vc_row type=&#8221;flexslider_slide&#8221; interval=&#8221;5&#8243; source=&#8221;media_library&#8221; images=&#8221;&#8221; img_size=&#8221;full&#8221; external_img_size=&#8221;&#8221; onclick=&#8221;link_image&#8221; custom_links_target=&#8221;_self&#8221; el_class=&#8221;galerianoticia&#8221; title=&#8221;&#8221; custom_srcs=&#8221;&#8221; custom_links=&#8221;&#8221;][vc_column][vc_gallery type=&#8221;flexslider_slide&#8221; interval=&#8221;5&#8243; images=&#8221;326024,326026,326028,326030,326032,326034,326036,326038&#8243; img_size=&#8221;full&#8221; css=&#8221;&#8221; el_class=&#8221;galerianoticia&#8221;][\/vc_column][\/vc_row][vc_row][vc_column][vc_column_text css=&#8221;&#8221;]Les obres se centren en <strong>l&#8217;ampliaci\u00f3 de les voreres, es mantindr\u00e0 l&#8217;actual estructura a distint nivell i es relinear\u00e0 la vorada<\/strong>. Guilabert ha explicat que es renovar\u00e0 tot el paviment del carrer, es plantaran arbres que doten de major ombra la zona i es millorar\u00e0 el sistema d&#8217;enllumenat amb el canvi d&#8217;il\u00b7luminaci\u00f3 a tecnologia led amb el qual es reduir\u00e0 el consum energ\u00e8tic i alhora es millorar\u00e0 la il\u00b7luminaci\u00f3 de la via. L&#8217;actuaci\u00f3 suposa <strong>una inversi\u00f3 de 280.000 euros<\/strong> i est\u00e0 previst que finalitze el mes de mar\u00e7.[\/vc_column_text][\/vc_column][\/vc_row][vc_row el_id=&#8221;DESTACADO_NOTICIA&#8221;][vc_column][vc_column_text css=&#8221;&#8221; el_class=&#8221;cuadronoticia&#8221;]<\/p>\n<h5>Segons Claudio Guilabert, regidor de l&#8217;\u00e0rea, \u201cdurant 2025 continuarem invertint a millorar l&#8217;entorn i la qualitat de vida dels il\u00b7licitans\u201d<\/h5>\n<p>[\/vc_column_text][\/vc_column][\/vc_row][vc_row el_id=&#8221;TEXTO_FIN_NOTICIA&#8221;][vc_column][vc_column_text css=&#8221;&#8221;]Segons ha confirmat Guilabert, l&#8217;actuaci\u00f3 s&#8217;emmarca dins del <strong>pla de renovaci\u00f3 i millora de les voreres en tot el nucli urb\u00e0 del municipi i pedanies<\/strong> i que continuar\u00e0 en els pr\u00f2xims mesos al carrer Mare D\u00e9u de l\u2019Assumpci\u00f3, on tamb\u00e9 s&#8217;ampliaran les voreres, es plantaran nous arbres i es canviar\u00e0 la il\u00b7luminaci\u00f3.<\/p>\n<hr \/>\n<p>[\/vc_column_text][\/vc_column][\/vc_row][vc_row][vc_column width=&#8221;1\/6&#8243;][\/vc_column][vc_column width=&#8221;2\/3&#8243;]<audio class=\"sc_audio\" src=\"https:\/\/soundcloud.com\/ayuntamiento-de-elche\/el-ayuntamiento-inicia-las-obras-de-mejora-de-la-accesibilidad-en-la-calle-bufart?si=ed34d7eea7b14ce5ac70d2058a0d6c10&#038;utm_source=clipboard&#038;utm_medium=text&#038;utm_campaign=social_sharing\" width=\"\" height=\"\" style=\"````\"><\/audio>[\/vc_column][vc_column width=&#8221;1\/6&#8243;][\/vc_column][\/vc_row]<\/p>\n<\/div>","protected":false},"excerpt":{"rendered":"<p>[vc_row el_id=&#8221;SUBTITULAR_NOTICIA&#8221;][vc_column][vc_column_text css=&#8221;&#8221;] L&#8217;actuaci\u00f3 suposa l&#8217;ampliaci\u00f3 de les voreres, la plantaci\u00f3 d&#8217;arbratge i el canvi d&#8217;il\u00b7luminaci\u00f3 amb el qual es reduir\u00e0 el consum energ\u00e8tic [\/vc_column_text][\/vc_column][\/vc_row][vc_row el_id=&#8221;TEXTO_NOTICIA&#8221;][vc_column][vc_column_text css=&#8221;&#8221;]L&#8217;Ajuntament d&#8217;Elx, a trav\u00e9s [&hellip;]<\/p>\n","protected":false},"author":139,"featured_media":326041,"comment_status":"closed","ping_status":"closed","sticky":false,"template":"","format":"standard","meta":{"footnotes":""},"categories":[391,1312],"tags":[],"class_list":["post-326057","post","type-post","status-publish","format-standard","has-post-thumbnail","hentry","category-home-va","category-noticias-va"],"_links":{"self":[{"href":"https:\/\/www.elche.es\/va\/wp-json\/wp\/v2\/posts\/326057","targetHints":{"allow":["GET"]}}],"collection":[{"href":"https:\/\/www.elche.es\/va\/wp-json\/wp\/v2\/posts"}],"about":[{"href":"https:\/\/www.elche.es\/va\/wp-json\/wp\/v2\/types\/post"}],"author":[{"embeddable":true,"href":"https:\/\/www.elche.es\/va\/wp-json\/wp\/v2\/users\/139"}],"replies":[{"embeddable":true,"href":"https:\/\/www.elche.es\/va\/wp-json\/wp\/v2\/comments?post=326057"}],"version-history":[{"count":2,"href":"https:\/\/www.elche.es\/va\/wp-json\/wp\/v2\/posts\/326057\/revisions"}],"predecessor-version":[{"id":326059,"href":"https:\/\/www.elche.es\/va\/wp-json\/wp\/v2\/posts\/326057\/revisions\/326059"}],"wp:featuredmedia":[{"embeddable":true,"href":"https:\/\/www.elche.es\/va\/wp-json\/wp\/v2\/media\/326041"}],"wp:attachment":[{"href":"https:\/\/www.elche.es\/va\/wp-json\/wp\/v2\/media?parent=326057"}],"wp:term":[{"taxonomy":"category","embeddable":true,"href":"https:\/\/www.elche.es\/va\/wp-json\/wp\/v2\/categories?post=326057"},{"taxonomy":"post_tag","embeddable":true,"href":"https:\/\/www.elche.es\/va\/wp-json\/wp\/v2\/tags?post=326057"}],"curies":[{"name":"wp","href":"https:\/\/api.w.org\/{rel}","templated":true}]}}