{"id":326294,"date":"2025-02-14T12:56:02","date_gmt":"2025-02-14T10:56:02","guid":{"rendered":"https:\/\/www.elche.es\/2025\/02\/lajuntament-se-suma-a-la-lluita-contra-el-cancer-infantil\/"},"modified":"2025-02-14T12:56:02","modified_gmt":"2025-02-14T10:56:02","slug":"lajuntament-se-suma-a-la-lluita-contra-el-cancer-infantil","status":"publish","type":"post","link":"https:\/\/www.elche.es\/va\/2025\/02\/lajuntament-se-suma-a-la-lluita-contra-el-cancer-infantil\/","title":{"rendered":"L&#8217;Ajuntament se suma a la lluita contra el c\u00e0ncer infantil"},"content":{"rendered":"<div class=\"wpb-content-wrapper\"><p>[vc_row el_id=&#8221;SUBTITULAR_NOTICIA&#8221;][vc_column][vc_column_text css=&#8221;&#8221;]<\/p>\n<hr \/>\n<h4>El sal\u00f3 de plens acull la lectura del manifest on l&#8217;associaci\u00f3 Aspanion reivindica la import\u00e0ncia d&#8217;una atenci\u00f3 integral i el suport permanent als afectats per esta malaltia<\/h4>\n<hr \/>\n<p>[\/vc_column_text][\/vc_column][\/vc_row][vc_row el_id=&#8221;TEXTO_NOTICIA&#8221;][vc_column][vc_column_text css=&#8221;&#8221;]El Sal\u00f3 de Plens de l&#8217;Ajuntament d&#8217;Elx ha acollit la<strong> lectura del manifest amb motiu del Dia Internacional del C\u00e0ncer Infantil que se celebra cada any el 15 de febrer.<\/strong> L&#8217;acte ha estat condu\u00eft per la regidora de Sanitat, Inma Mora, que ha assenyalat que \u201ceste acte pret\u00e9n donar visibilitat a la realitat que patixen els xiquets, xiquetes i adolescents afectats i mostrar tot el nostre suport, tamb\u00e9 al seu entorn\u201d.<\/p>\n<p><strong>L&#8217;usuari d&#8217;Aspanion, Luis Pomares<\/strong>, acompanyat per la seua mare Fini Hurtado, que a m\u00e9s \u00e9s representant de la junta local d&#8217;esta associaci\u00f3, ha sigut l&#8217;encarregat de la lectura del manifest. \u201cVolem donar-li import\u00e0ncia a la necessitat que tots els menors i adolescents amb c\u00e0ncer i les seues fam\u00edlies, tinguem acc\u00e9s a una atenci\u00f3 psicosocial adequada durant tot el proc\u00e9s de la malaltia\u201d.[\/vc_column_text][\/vc_column][\/vc_row][vc_row type=&#8221;flexslider_slide&#8221; interval=&#8221;5&#8243; source=&#8221;media_library&#8221; images=&#8221;&#8221; img_size=&#8221;full&#8221; external_img_size=&#8221;&#8221; onclick=&#8221;link_image&#8221; custom_links_target=&#8221;_self&#8221; el_class=&#8221;galerianoticia&#8221; title=&#8221;&#8221; custom_srcs=&#8221;&#8221; custom_links=&#8221;&#8221;][vc_column][vc_gallery type=&#8221;flexslider_slide&#8221; interval=&#8221;5&#8243; images=&#8221;326277,326275,326273,326271&#8243; img_size=&#8221;full&#8221; css=&#8221;&#8221; el_class=&#8221;galerianoticia&#8221;][\/vc_column][\/vc_row][vc_row][vc_column][vc_column_text css=&#8221;&#8221;]Ha assenyalat que \u201cel c\u00e0ncer <strong>canvia el nostre dia a dia, la rutina, les nostres necessitats i tamb\u00e9 la de les persones que ens estimen<\/strong>. per aix\u00f2 Aspanion, al costat de la Federaci\u00f3 Espanyola de Fam\u00edlies de C\u00e0ncer Infantil, vol donar import\u00e0ncia a la necessitat d&#8217;atendre&#8217;ns de manera integral.<\/p>\n<p><strong>Cuidar la part social i l&#8217;emocional durant totes les fases de la malaltia<\/strong>\u201d. En concret s&#8217;ha referit a garantir les cures psicosocials i emocionals i que programes espec\u00edfics per a les fam\u00edlies, que ajuden a gestionar totes les emocions i conflictes que genera la malaltia.[\/vc_column_text][\/vc_column][\/vc_row][vc_row el_id=&#8221;DESTACADO_NOTICIA&#8221;][vc_column][vc_column_text css=&#8221;&#8221; el_class=&#8221;cuadronoticia&#8221;]<\/p>\n<h5>Segons la regidora de l&#8217;\u00e0rea, Inma Mora, este acte \u201cpret\u00e9n donar visibilitat a la realitat que patixen i donar-los tot el nostre suport, tamb\u00e9 al seu entorn\u201d<\/h5>\n<p>[\/vc_column_text][\/vc_column][\/vc_row][vc_row el_id=&#8221;TEXTO_FIN_NOTICIA&#8221;][vc_column][vc_column_text css=&#8221;&#8221;]D&#8217;esta manera, ha indicat que \u201c\u00e9s imprescindible continuar impulsant la labor dels psic\u00f2legs i treballadors socials i d&#8217;ac\u00ed la necessitat de <strong>facilitar la creaci\u00f3 d&#8217;espais dins dels hospitals per a expressar lliurement les nostres emocions i puguem rebre l&#8217;acompanyament que tant necessitem<\/strong>\u201d. A m\u00e9s, \u00e9s necessari \u201ccontinuar impulsant el seguiment a llarg termini dels supervivents de c\u00e0ncer infantil en el sistema sanitari\u201d.<\/p>\n<p>En 2025, <strong>Aspanion commemora 40 anys de suport permanent als afectats pel c\u00e0ncer infantil<\/strong>. \u201cEsta associaci\u00f3 oferix amb esfor\u00e7 i carinyo atenci\u00f3 psicosocial a les fam\u00edlies, assumix el cost del seguiment dels supervivents, per\u00f2 demanar\u00edem a tots els actors involucrats com a governs auton\u00f2mics i de l&#8217;Estat, institucions sanit\u00e0ries i educatives que s&#8217;incloga esta atenci\u00f3 al mateix sistema\u201d.<\/p>\n<hr \/>\n<p>&nbsp;<\/p>\n<p>[\/vc_column_text][\/vc_column][\/vc_row][vc_row][vc_column width=&#8221;1\/6&#8243;][\/vc_column][vc_column width=&#8221;2\/3&#8243;]<audio class=\"sc_audio\" src=\"\" width=\"\" height=\"\"><\/audio>[\/vc_column][vc_column width=&#8221;1\/6&#8243;][\/vc_column][\/vc_row]<\/p>\n<\/div>","protected":false},"excerpt":{"rendered":"<p>[vc_row el_id=&#8221;SUBTITULAR_NOTICIA&#8221;][vc_column][vc_column_text css=&#8221;&#8221;] El sal\u00f3 de plens acull la lectura del manifest on l&#8217;associaci\u00f3 Aspanion reivindica la import\u00e0ncia d&#8217;una atenci\u00f3 integral i el suport permanent als afectats per esta malaltia [&hellip;]<\/p>\n","protected":false},"author":139,"featured_media":326280,"comment_status":"closed","ping_status":"closed","sticky":false,"template":"","format":"standard","meta":{"footnotes":""},"categories":[391,1312,893],"tags":[],"class_list":["post-326294","post","type-post","status-publish","format-standard","has-post-thumbnail","hentry","category-home-va","category-noticias-va","category-sanidad-va"],"_links":{"self":[{"href":"https:\/\/www.elche.es\/va\/wp-json\/wp\/v2\/posts\/326294","targetHints":{"allow":["GET"]}}],"collection":[{"href":"https:\/\/www.elche.es\/va\/wp-json\/wp\/v2\/posts"}],"about":[{"href":"https:\/\/www.elche.es\/va\/wp-json\/wp\/v2\/types\/post"}],"author":[{"embeddable":true,"href":"https:\/\/www.elche.es\/va\/wp-json\/wp\/v2\/users\/139"}],"replies":[{"embeddable":true,"href":"https:\/\/www.elche.es\/va\/wp-json\/wp\/v2\/comments?post=326294"}],"version-history":[{"count":2,"href":"https:\/\/www.elche.es\/va\/wp-json\/wp\/v2\/posts\/326294\/revisions"}],"predecessor-version":[{"id":326296,"href":"https:\/\/www.elche.es\/va\/wp-json\/wp\/v2\/posts\/326294\/revisions\/326296"}],"wp:featuredmedia":[{"embeddable":true,"href":"https:\/\/www.elche.es\/va\/wp-json\/wp\/v2\/media\/326280"}],"wp:attachment":[{"href":"https:\/\/www.elche.es\/va\/wp-json\/wp\/v2\/media?parent=326294"}],"wp:term":[{"taxonomy":"category","embeddable":true,"href":"https:\/\/www.elche.es\/va\/wp-json\/wp\/v2\/categories?post=326294"},{"taxonomy":"post_tag","embeddable":true,"href":"https:\/\/www.elche.es\/va\/wp-json\/wp\/v2\/tags?post=326294"}],"curies":[{"name":"wp","href":"https:\/\/api.w.org\/{rel}","templated":true}]}}