{"id":326321,"date":"2025-02-14T13:35:24","date_gmt":"2025-02-14T11:35:24","guid":{"rendered":"https:\/\/www.elche.es\/2025\/02\/lajuntament-instal%c2%b7la-pergoles-en-huit-centres-educatius-de-primaria\/"},"modified":"2025-02-14T13:35:25","modified_gmt":"2025-02-14T11:35:25","slug":"lajuntament-instal%c2%b7la-pergoles-en-huit-centres-educatius-de-primaria","status":"publish","type":"post","link":"https:\/\/www.elche.es\/va\/2025\/02\/lajuntament-instal%c2%b7la-pergoles-en-huit-centres-educatius-de-primaria\/","title":{"rendered":"L&#8217;Ajuntament instal\u00b7la p\u00e8rgoles en huit centres educatius de prim\u00e0ria"},"content":{"rendered":"<div class=\"wpb-content-wrapper\"><p>[vc_row el_id=&#8221;SUBTITULAR_NOTICIA&#8221;][vc_column][vc_column_text css=&#8221;&#8221;]<\/p>\n<hr \/>\n<h4>Es tracta d&#8217;infraestructures que doten d&#8217;ombra els patis dels col\u00b7legis i amb les quals es vol millorar la qualitat de vida dels alumnes i professorat<\/h4>\n<hr \/>\n<p>[\/vc_column_text][\/vc_column][\/vc_row][vc_row el_id=&#8221;TEXTO_NOTICIA&#8221;][vc_column][vc_column_text css=&#8221;&#8221;]L&#8217;Ajuntament d&#8217;Elx, a trav\u00e9s de les <strong>regidories de Serveis P\u00fablics i d&#8217;Educaci\u00f3,<\/strong> ha instal\u00b7lat p\u00e8rgoles en huit centres educatius de prim\u00e0ria del municipi: el CEIP El Pla, CEIP Eugeni d\u2019Ors, CEIP Le\u00f3n Felipe, CEIP Jaume I, CEIP Mariano Benlliure, CEIP Mediterrani, CEIP Miguel de Cervantes i CEIP Ram\u00f3n Llull.<\/p>\n<p>\u201c\u00c9s una aposta decidida per millorar les infraestructures dels centres educatius, una cosa necess\u00e0ria per a <strong>millorar la vida dels alumnes i el professorat<\/strong>\u201d ha assenyalat <strong>el regidor de Serveis P\u00fablics, Claudio Guilabert.<\/strong>[\/vc_column_text][\/vc_column][\/vc_row][vc_row type=&#8221;flexslider_slide&#8221; interval=&#8221;5&#8243; source=&#8221;media_library&#8221; images=&#8221;&#8221; img_size=&#8221;full&#8221; external_img_size=&#8221;&#8221; onclick=&#8221;link_image&#8221; custom_links_target=&#8221;_self&#8221; el_class=&#8221;galerianoticia&#8221; title=&#8221;&#8221; custom_srcs=&#8221;&#8221; custom_links=&#8221;&#8221;][vc_column][vc_gallery type=&#8221;flexslider_slide&#8221; interval=&#8221;5&#8243; images=&#8221;326312,326310,326308,326306&#8243; img_size=&#8221;full&#8221; css=&#8221;&#8221; el_class=&#8221;galerianoticia&#8221;][\/vc_column][\/vc_row][vc_row][vc_column][vc_column_text css=&#8221;&#8221;]Per part seua, <strong>la regidora d&#8217;Educaci\u00f3, Mar\u00eda Bonmat\u00ed<\/strong> ha destacat \u201cel comprom\u00eds amb la millora de les instal\u00b7lacions als col\u00b7legis\u201d i ha posat en valor \u201cl&#8217;estreta relaci\u00f3 entre l&#8217;Ajuntament i la comunitat educativa perqu\u00e8 estos projectes tiren avant en els diferents centres educatius\u201d.[\/vc_column_text][\/vc_column][\/vc_row][vc_row el_id=&#8221;DESTACADO_NOTICIA&#8221;][vc_column][vc_column_text css=&#8221;&#8221; el_class=&#8221;cuadronoticia&#8221;]<\/p>\n<h5>L&#8217;actuaci\u00f3 ha suposat una inversi\u00f3 de 54.000 euros i est\u00e0 previst que s&#8217;amplie a la resta de centres del municipi<\/h5>\n<p>[\/vc_column_text][\/vc_column][\/vc_row][vc_row el_id=&#8221;TEXTO_FIN_NOTICIA&#8221;][vc_column][vc_column_text css=&#8221;&#8221;]Es tracta d&#8217;una actuaci\u00f3 que ha suposat 54.000 euros d&#8217;inversi\u00f3 i que tal com ha confirmat Guilabert <strong>s&#8217;ampliar\u00e0 a la resta de col\u00b7legis del municipi en els mesos d&#8217;estiu<\/strong>. A les p\u00e8rgoles, que doten d&#8217;espais d&#8217;ombra a estos centres educatius, se suma la renaturalitzaci\u00f3 dels col\u00b7legis que es realitza des de la brigada de Parcs i Jardins, \u201cperqu\u00e8 no hi ha millor ombra que la natural\u201d ha indicat el regidor de l&#8217;\u00e0rea, Claudio Guilabert.<\/p>\n<hr \/>\n<p>[\/vc_column_text][\/vc_column][\/vc_row][vc_row][vc_column width=&#8221;1\/6&#8243;][\/vc_column][vc_column width=&#8221;2\/3&#8243;]<audio class=\"sc_audio\" src=\"https:\/\/soundcloud.com\/ayuntamiento-de-elche\/el-ayuntamiento-instala-pergolas-en-ocho-centros-educativos-de-primaria?si=c6d1a4e83fe54730bacf983a33f5f96b&#038;utm_source=clipboard&#038;utm_medium=text&#038;utm_campaign=social_sharing\" width=\"\" height=\"\" style=\"````\"><\/audio>[\/vc_column][vc_column width=&#8221;1\/6&#8243;][\/vc_column][\/vc_row]<\/p>\n<\/div>","protected":false},"excerpt":{"rendered":"<p>[vc_row el_id=&#8221;SUBTITULAR_NOTICIA&#8221;][vc_column][vc_column_text css=&#8221;&#8221;] Es tracta d&#8217;infraestructures que doten d&#8217;ombra els patis dels col\u00b7legis i amb les quals es vol millorar la qualitat de vida dels alumnes i professorat [\/vc_column_text][\/vc_column][\/vc_row][vc_row el_id=&#8221;TEXTO_NOTICIA&#8221;][vc_column][vc_column_text [&hellip;]<\/p>\n","protected":false},"author":139,"featured_media":326315,"comment_status":"closed","ping_status":"closed","sticky":false,"template":"","format":"standard","meta":{"footnotes":""},"categories":[194,391,1312,1277],"tags":[],"class_list":["post-326321","post","type-post","status-publish","format-standard","has-post-thumbnail","hentry","category-educacio-va","category-home-va","category-noticias-va","category-via-publica-va"],"_links":{"self":[{"href":"https:\/\/www.elche.es\/va\/wp-json\/wp\/v2\/posts\/326321","targetHints":{"allow":["GET"]}}],"collection":[{"href":"https:\/\/www.elche.es\/va\/wp-json\/wp\/v2\/posts"}],"about":[{"href":"https:\/\/www.elche.es\/va\/wp-json\/wp\/v2\/types\/post"}],"author":[{"embeddable":true,"href":"https:\/\/www.elche.es\/va\/wp-json\/wp\/v2\/users\/139"}],"replies":[{"embeddable":true,"href":"https:\/\/www.elche.es\/va\/wp-json\/wp\/v2\/comments?post=326321"}],"version-history":[{"count":2,"href":"https:\/\/www.elche.es\/va\/wp-json\/wp\/v2\/posts\/326321\/revisions"}],"predecessor-version":[{"id":326323,"href":"https:\/\/www.elche.es\/va\/wp-json\/wp\/v2\/posts\/326321\/revisions\/326323"}],"wp:featuredmedia":[{"embeddable":true,"href":"https:\/\/www.elche.es\/va\/wp-json\/wp\/v2\/media\/326315"}],"wp:attachment":[{"href":"https:\/\/www.elche.es\/va\/wp-json\/wp\/v2\/media?parent=326321"}],"wp:term":[{"taxonomy":"category","embeddable":true,"href":"https:\/\/www.elche.es\/va\/wp-json\/wp\/v2\/categories?post=326321"},{"taxonomy":"post_tag","embeddable":true,"href":"https:\/\/www.elche.es\/va\/wp-json\/wp\/v2\/tags?post=326321"}],"curies":[{"name":"wp","href":"https:\/\/api.w.org\/{rel}","templated":true}]}}