{"id":326440,"date":"2025-02-17T13:05:16","date_gmt":"2025-02-17T11:05:16","guid":{"rendered":"https:\/\/www.elche.es\/2025\/02\/elx-acull-un-esdeveniment-de-la-fundacio-uapo-per-a-impulsar-loncologia-integrativa-a-la-provincia\/"},"modified":"2025-02-17T13:05:17","modified_gmt":"2025-02-17T11:05:17","slug":"elx-acull-un-esdeveniment-de-la-fundacio-uapo-per-a-impulsar-loncologia-integrativa-a-la-provincia","status":"publish","type":"post","link":"https:\/\/www.elche.es\/va\/2025\/02\/elx-acull-un-esdeveniment-de-la-fundacio-uapo-per-a-impulsar-loncologia-integrativa-a-la-provincia\/","title":{"rendered":"Elx acull un esdeveniment de la Fundaci\u00f3 UAPO per a impulsar l&#8217;oncologia integrativa a la prov\u00edncia"},"content":{"rendered":"<div class=\"wpb-content-wrapper\"><p>[vc_row el_id=&#8221;SUBTITULAR_NOTICIA&#8221;][vc_column][vc_column_text css=&#8221;&#8221;]<\/p>\n<hr \/>\n<h4>Esta trobada pret\u00e9n donar a con\u00e9ixer l&#8217;impacte de la Unitat de Suport al Pacient Oncol\u00f2gic a la ciutat, que aposta per l&#8217;atenci\u00f3 a trav\u00e9s de l&#8217;exercici f\u00edsic, fisioter\u00e0pia, nutrici\u00f3 i psicologia de manera gratu\u00efta<\/h4>\n<hr \/>\n<p>[\/vc_column_text][\/vc_column][\/vc_row][vc_row el_id=&#8221;TEXTO_NOTICIA&#8221;][vc_column][vc_column_text css=&#8221;&#8221;]El Centre de Congressos acull dijous que ve 20 de febrer<strong> l&#8217;esdeveniment organitzat per la Fundaci\u00f3 UAPO (Unitat de Suport al Pacient Oncol\u00f2gic)<\/strong> en col\u00b7laboraci\u00f3 amb l&#8217;Ajuntament d&#8217;Elx per a impulsar l&#8217;oncologia integrativa a la prov\u00edncia d&#8217;Alacant.<\/p>\n<p>Esta trobada pret\u00e9n donar a con\u00e9ixer l&#8217;impacte que UAPO t\u00e9 a Elx, on des d&#8217;octubre de 2024 oferix tractament integratiu gratu\u00eft a pacients oncol\u00f2gics i en estos mesos ja ha acollit a m\u00e9s de 70 pacients. D&#8217;esta manera, durant la jornada<strong> es compartiran els avan\u00e7os en la seu d&#8217;Elx, la import\u00e0ncia de l&#8217;oncologia integrativa i les formes en qu\u00e8 empreses, institucions i particulars poden col\u00b7laborar<\/strong> per a garantir la continu\u00eftat i el creixement d&#8217;este model \u00fanic a Espanya.[\/vc_column_text][\/vc_column][\/vc_row][vc_row source=&#8221;media_library&#8221; image=&#8221;&#8221; img_size=&#8221;medium&#8221; external_img_size=&#8221;&#8221; add_caption=&#8221;&#8221; alignment=&#8221;center&#8221; style=&#8221;&#8221; external_style=&#8221;&#8221; border_color=&#8221;grey&#8221; external_border_color=&#8221;grey&#8221; onclick=&#8221;link_image&#8221; img_link_target=&#8221;_self&#8221; el_class=&#8221;fotounicanoticiavertical&#8221; title=&#8221;&#8221; custom_src=&#8221;&#8221; caption=&#8221;&#8221; link=&#8221;&#8221; img_link_large=&#8221;&#8221;][vc_column][vc_single_image image=&#8221;326434&#8243; img_size=&#8221;medium&#8221; alignment=&#8221;center&#8221; onclick=&#8221;link_image&#8221; css=&#8221;&#8221; el_class=&#8221;fotounicanoticiavertical&#8221;][\/vc_column][\/vc_row][vc_row][vc_column][vc_column_text css=&#8221;&#8221;]Segons <strong>la regidora d&#8217;Acci\u00f3 Social, Celia Lastra<\/strong>, des de la seua creaci\u00f3 a Granada l&#8217;any 2021, la Fundaci\u00f3 UAPO ha revolucionat el tractament complementari del c\u00e0ncer mitjan\u00e7ant <strong>un enfocament multidisciplinari que integra exercici f\u00edsic, fisioter\u00e0pia, nutrici\u00f3 i psicologia de manera gratu\u00efta<\/strong>. L&#8217;objectiu \u00e9s millorar la qualitat de vida dels pacients oncol\u00f2gics a trav\u00e9s d&#8217;un tractament basat en l&#8217;evid\u00e8ncia cient\u00edfica.<\/p>\n<p>Lastra ha explicat que en l&#8217;\u00faltim any s&#8217;han diagnosticat 13.000 nous casos de c\u00e0ncer a la prov\u00edncia, 40 de c\u00e0ncer infantil i la prov\u00edncia d&#8217;Alacant \u00e9s la quarta prov\u00edncia amb major incid\u00e8ncia de c\u00e0ncer a Espanya. A m\u00e9s, 60.000 familiars es veuen afectats per l&#8217;impacte del diagn\u00f2stic i el tractament de la malaltia.<\/p>\n<p>Actualment,<strong> la Fundaci\u00f3 UAPO at\u00e9n m\u00e9s d&#8217;un miler de persones en les seues quatre seus de Granada, Madrid, M\u00e0laga i Elx,<\/strong> on oferix un tractament gratu\u00eft i personalitzat a pacients de totes les edats i amb m\u00e9s de 26 tipus de c\u00e0ncer. \u201cDavant esta realitat, la pres\u00e8ncia de UAPO a Elx no sols \u00e9s una oportunitat, sin\u00f3 una necessitat social i moral\u201d, ha assenyalat Llastra.[\/vc_column_text][\/vc_column][\/vc_row][vc_row el_id=&#8221;DESTACADO_NOTICIA&#8221;][vc_column][vc_column_text css=&#8221;&#8221; el_class=&#8221;cuadronoticia&#8221;]<\/p>\n<h5>Segons la regidora d&#8217;Acci\u00f3 Social, Celia Lastra, l&#8217;objectiu \u00e9s \u201cmillorar la qualitat de vida dels pacients oncol\u00f2gics a trav\u00e9s d&#8217;un tractament basat en l&#8217;evid\u00e8ncia cient\u00edfica\u201d<\/h5>\n<p>[\/vc_column_text][\/vc_column][\/vc_row][vc_row el_id=&#8221;TEXTO_FIN_NOTICIA&#8221;][vc_column][vc_column_text css=&#8221;&#8221;]<strong>El director general de la Fundaci\u00f3 UAPO, Javier C\u00e1novas<\/strong>, ha assenyalat que l&#8217;oncologia integrativa \u00e9s un \u201celement coajudant al tractament m\u00e8dic que integra fisioter\u00e0pia, nutrici\u00f3, psicologia i exercici f\u00edsic\u201d.<\/p>\n<p>Aix\u00ed, ha explicat que en la fundaci\u00f3 \u201cno hi ha pacients sin\u00f3 atletes UAPO, ja que, si un atleta ol\u00edmpic lluita per un tros de metall com \u00e9s una medalla i t\u00e9 a la seua disposici\u00f3 a un equip de nutricionistes, fisioterapeutes o entrenador, per qu\u00e8 un pacient oncol\u00f2gic que lluita per la seua vida no disposar\u00e0 d&#8217;este servei i de manera gratu\u00efta\u201d.<\/p>\n<p>C\u00e1novas ha destacat que <strong>en 2024 es van diagnosticar a Espanya 286.000 casos de c\u00e0ncer a Espanya<\/strong>, enguany seran 295.000 i s&#8217;espera que per a 2040 la xifra s&#8217;incremente fins als 340.000 casos.<\/p>\n<hr \/>\n<p>[\/vc_column_text][\/vc_column][\/vc_row][vc_row][vc_column width=&#8221;1\/2&#8243;]<audio class=\"sc_audio\" src=\"https:\/\/soundcloud.com\/ayuntamiento-de-elche\/elche-acoge-un-evento-de-la-fundacion-uapo-para-impulsar-la-oncologia-integrativa-en-la-provincia?si=1c8bc97d1b85403db51d13fc352f9d40&#038;utm_source=clipboard&#038;utm_medium=text&#038;utm_campaign=social_sharing\" width=\"\" height=\"\" style=\"````\"><\/audio>[\/vc_column][vc_column width=&#8221;1\/2&#8243;]<audio class=\"sc_audio\" src=\"https:\/\/soundcloud.com\/ayuntamiento-de-elche\/08ed7e73-ee29-41fb-8ee5-f71d38268105?si=e56644f94a7b4234a3bab22d164e05b0&#038;utm_source=clipboard&#038;utm_medium=text&#038;utm_campaign=social_sharing\" width=\"\" height=\"\" style=\"````\"><\/audio>[\/vc_column][\/vc_row]<\/p>\n<\/div>","protected":false},"excerpt":{"rendered":"<p>[vc_row el_id=&#8221;SUBTITULAR_NOTICIA&#8221;][vc_column][vc_column_text css=&#8221;&#8221;] Esta trobada pret\u00e9n donar a con\u00e9ixer l&#8217;impacte de la Unitat de Suport al Pacient Oncol\u00f2gic a la ciutat, que aposta per l&#8217;atenci\u00f3 a trav\u00e9s de l&#8217;exercici f\u00edsic, [&hellip;]<\/p>\n","protected":false},"author":139,"featured_media":326433,"comment_status":"closed","ping_status":"closed","sticky":false,"template":"","format":"standard","meta":{"footnotes":""},"categories":[190,391,1312],"tags":[],"class_list":["post-326440","post","type-post","status-publish","format-standard","has-post-thumbnail","hentry","category-drets-socials","category-home-va","category-noticias-va"],"_links":{"self":[{"href":"https:\/\/www.elche.es\/va\/wp-json\/wp\/v2\/posts\/326440","targetHints":{"allow":["GET"]}}],"collection":[{"href":"https:\/\/www.elche.es\/va\/wp-json\/wp\/v2\/posts"}],"about":[{"href":"https:\/\/www.elche.es\/va\/wp-json\/wp\/v2\/types\/post"}],"author":[{"embeddable":true,"href":"https:\/\/www.elche.es\/va\/wp-json\/wp\/v2\/users\/139"}],"replies":[{"embeddable":true,"href":"https:\/\/www.elche.es\/va\/wp-json\/wp\/v2\/comments?post=326440"}],"version-history":[{"count":2,"href":"https:\/\/www.elche.es\/va\/wp-json\/wp\/v2\/posts\/326440\/revisions"}],"predecessor-version":[{"id":326442,"href":"https:\/\/www.elche.es\/va\/wp-json\/wp\/v2\/posts\/326440\/revisions\/326442"}],"wp:featuredmedia":[{"embeddable":true,"href":"https:\/\/www.elche.es\/va\/wp-json\/wp\/v2\/media\/326433"}],"wp:attachment":[{"href":"https:\/\/www.elche.es\/va\/wp-json\/wp\/v2\/media?parent=326440"}],"wp:term":[{"taxonomy":"category","embeddable":true,"href":"https:\/\/www.elche.es\/va\/wp-json\/wp\/v2\/categories?post=326440"},{"taxonomy":"post_tag","embeddable":true,"href":"https:\/\/www.elche.es\/va\/wp-json\/wp\/v2\/tags?post=326440"}],"curies":[{"name":"wp","href":"https:\/\/api.w.org\/{rel}","templated":true}]}}