{"id":326470,"date":"2025-02-17T13:52:36","date_gmt":"2025-02-17T11:52:36","guid":{"rendered":"https:\/\/www.elche.es\/2025\/02\/la-font-ornamental-daltabix-torna-a-funcionar-despres-danys-en-desus\/"},"modified":"2025-02-17T13:52:37","modified_gmt":"2025-02-17T11:52:37","slug":"la-font-ornamental-daltabix-torna-a-funcionar-despres-danys-en-desus","status":"publish","type":"post","link":"https:\/\/www.elche.es\/va\/2025\/02\/la-font-ornamental-daltabix-torna-a-funcionar-despres-danys-en-desus\/","title":{"rendered":"La font ornamental d&#8217;Altabix torna a funcionar despr\u00e9s d&#8217;anys en des\u00fas"},"content":{"rendered":"<div class=\"wpb-content-wrapper\"><p>[vc_row el_id=&#8221;SUBTITULAR_NOTICIA&#8221;][vc_column][vc_column_text css=&#8221;&#8221;]<\/p>\n<hr \/>\n<h4>L&#8217;estructura presentava importants deterioracions a causa de l&#8217;envelliment d\u2019aquesta i a la detecci\u00f3 de filtracions a l&#8217;interior de la cambra<\/h4>\n<hr \/>\n<p>[\/vc_column_text][\/vc_column][\/vc_row][vc_row el_id=&#8221;TEXTO_NOTICIA&#8221;][vc_column][vc_column_text css=&#8221;&#8221;]La font ornamental d&#8217;Altabix <strong>ha entrat en funcionament este dilluns, 17 de febrer<\/strong>, despr\u00e9s que els treballs de reparaci\u00f3 i impermeabilitzaci\u00f3 d\u2019aquesta hagen finalitzat.<\/p>\n<p><strong>L&#8217;alcalde, Pablo Ruz<\/strong>, al costat d<strong>el regidor de Serveis P\u00fablics, Claudio Guilabert<\/strong>, ha visitat la font, situada a l&#8217;avinguda d&#8217;Alacant i que portava tres anys en des\u00fas a causa de la deterioraci\u00f3 de l&#8217;estructura, al seu envelliment i a la detecci\u00f3 de defici\u00e8ncies com ara filtracions a l&#8217;interior de la c\u00e0mera de bombament.[\/vc_column_text][\/vc_column][\/vc_row][vc_row type=&#8221;flexslider_slide&#8221; interval=&#8221;5&#8243; source=&#8221;media_library&#8221; images=&#8221;&#8221; img_size=&#8221;full&#8221; external_img_size=&#8221;&#8221; onclick=&#8221;link_image&#8221; custom_links_target=&#8221;_self&#8221; el_class=&#8221;galerianoticia&#8221; title=&#8221;&#8221; custom_srcs=&#8221;&#8221; custom_links=&#8221;&#8221;][vc_column][vc_gallery type=&#8221;flexslider_slide&#8221; interval=&#8221;5&#8243; images=&#8221;326446,326448,326450,326452&#8243; img_size=&#8221;full&#8221; css=&#8221;&#8221; el_class=&#8221;galerianoticia&#8221;][\/vc_column][\/vc_row][vc_row][vc_column][vc_column_text css=&#8221;&#8221;]\u201cPer fi podem veure esta preciosa font en marxa perqu\u00e8 la nostra idea \u00e9s<strong> que totes les entrades a la ciutat d&#8217;Elx estiguen en les millors condicions<\/strong>\u201d, ha assenyalat Ruz. En este sentit ha explicat que altres fonts ornamentals del mateix estil com la del pol\u00edgon de Carr\u00fas o la de la carretera de Santa Pola han ampliat els seus horaris i que els treballs d&#8217;Elx Natura avancen.[\/vc_column_text][\/vc_column][\/vc_row][vc_row el_id=&#8221;DESTACADO_NOTICIA&#8221;][vc_column][vc_column_text css=&#8221;&#8221; el_class=&#8221;cuadronoticia&#8221;]<\/p>\n<h5>Les tasques de reparaci\u00f3 han suposat una inversi\u00f3 de m\u00e9s de 100.000 euros per a la impermeabilitzaci\u00f3 dels gots interior i exterior<\/h5>\n<p>[\/vc_column_text][\/vc_column][\/vc_row][vc_row el_id=&#8221;TEXTO_FIN_NOTICIA&#8221;][vc_column][vc_column_text css=&#8221;&#8221;]<strong>L&#8217;actuaci\u00f3 ha suposat una inversi\u00f3 de m\u00e9s de 100.000 euros, ha durat prop de 4 mesos<\/strong> i ha consistit en la impermeabilitzaci\u00f3 del got interior de la font, aix\u00ed com de l&#8217;exterior amb un refor\u00e7 de l&#8217;estructura de formig\u00f3 per a evitar possibles danys futurs o actes vand\u00e0lics.<\/p>\n<hr \/>\n<p>&nbsp;<\/p>\n<p>[\/vc_column_text][\/vc_column][\/vc_row][vc_row][vc_column width=&#8221;1\/6&#8243;][\/vc_column][vc_column width=&#8221;2\/3&#8243;]<audio class=\"sc_audio\" src=\"https:\/\/soundcloud.com\/ayuntamiento-de-elche\/la-fuente-ornamental-de-altabix-vuelve-a-funcionar-tras-anos-en-desuso?si=74a824d23af94b9dab85f85aec33bf81&#038;utm_source=clipboard&#038;utm_medium=text&#038;utm_campaign=social_sharing\" width=\"\" height=\"\" style=\"````\"><\/audio>[\/vc_column][vc_column width=&#8221;1\/6&#8243;][\/vc_column][\/vc_row]<\/p>\n<\/div>","protected":false},"excerpt":{"rendered":"<p>[vc_row el_id=&#8221;SUBTITULAR_NOTICIA&#8221;][vc_column][vc_column_text css=&#8221;&#8221;] L&#8217;estructura presentava importants deterioracions a causa de l&#8217;envelliment d\u2019aquesta i a la detecci\u00f3 de filtracions a l&#8217;interior de la cambra [\/vc_column_text][\/vc_column][\/vc_row][vc_row el_id=&#8221;TEXTO_NOTICIA&#8221;][vc_column][vc_column_text css=&#8221;&#8221;]La font ornamental d&#8217;Altabix ha [&hellip;]<\/p>\n","protected":false},"author":139,"featured_media":326445,"comment_status":"closed","ping_status":"closed","sticky":false,"template":"","format":"standard","meta":{"footnotes":""},"categories":[391,1312,1277],"tags":[],"class_list":["post-326470","post","type-post","status-publish","format-standard","has-post-thumbnail","hentry","category-home-va","category-noticias-va","category-via-publica-va"],"_links":{"self":[{"href":"https:\/\/www.elche.es\/va\/wp-json\/wp\/v2\/posts\/326470","targetHints":{"allow":["GET"]}}],"collection":[{"href":"https:\/\/www.elche.es\/va\/wp-json\/wp\/v2\/posts"}],"about":[{"href":"https:\/\/www.elche.es\/va\/wp-json\/wp\/v2\/types\/post"}],"author":[{"embeddable":true,"href":"https:\/\/www.elche.es\/va\/wp-json\/wp\/v2\/users\/139"}],"replies":[{"embeddable":true,"href":"https:\/\/www.elche.es\/va\/wp-json\/wp\/v2\/comments?post=326470"}],"version-history":[{"count":2,"href":"https:\/\/www.elche.es\/va\/wp-json\/wp\/v2\/posts\/326470\/revisions"}],"predecessor-version":[{"id":326472,"href":"https:\/\/www.elche.es\/va\/wp-json\/wp\/v2\/posts\/326470\/revisions\/326472"}],"wp:featuredmedia":[{"embeddable":true,"href":"https:\/\/www.elche.es\/va\/wp-json\/wp\/v2\/media\/326445"}],"wp:attachment":[{"href":"https:\/\/www.elche.es\/va\/wp-json\/wp\/v2\/media?parent=326470"}],"wp:term":[{"taxonomy":"category","embeddable":true,"href":"https:\/\/www.elche.es\/va\/wp-json\/wp\/v2\/categories?post=326470"},{"taxonomy":"post_tag","embeddable":true,"href":"https:\/\/www.elche.es\/va\/wp-json\/wp\/v2\/tags?post=326470"}],"curies":[{"name":"wp","href":"https:\/\/api.w.org\/{rel}","templated":true}]}}