{"id":327073,"date":"2025-02-24T11:10:42","date_gmt":"2025-02-24T09:10:42","guid":{"rendered":"https:\/\/www.elche.es\/2025\/02\/detinguts-en-un-control-policial-per-falsedat-documental-i-trafic-de-drogues\/"},"modified":"2025-02-24T11:10:43","modified_gmt":"2025-02-24T09:10:43","slug":"detinguts-en-un-control-policial-per-falsedat-documental-i-trafic-de-drogues","status":"publish","type":"post","link":"https:\/\/www.elche.es\/va\/2025\/02\/detinguts-en-un-control-policial-per-falsedat-documental-i-trafic-de-drogues\/","title":{"rendered":"Detinguts en un control policial per falsedat documental i tr\u00e0fic de drogues"},"content":{"rendered":"<div class=\"wpb-content-wrapper\"><p>[vc_row el_id=&#8221;SUBTITULAR_NOTICIA&#8221;][vc_column][vc_column_text css=&#8221;&#8221;]<\/p>\n<hr \/>\n<h4>La Policia Local ha detingut dos conductors en un control de vehicles que van donar positiu en la prova de detecci\u00f3 de subst\u00e0ncies estupefaents<\/h4>\n<hr \/>\n<p>[\/vc_column_text][\/vc_column][\/vc_row][vc_row el_id=&#8221;TEXTO_NOTICIA&#8221;][vc_column][vc_column_text css=&#8221;&#8221;]La Policia Local ha detingut diverses persones despr\u00e9s de donar positiu en un control de tr\u00e0fic de detecci\u00f3 de subst\u00e0ncies estupefaents dut a terme <strong>a l&#8217;avinguda alcalde Ram\u00f3n Pastor.<\/strong><\/p>\n<p>A m\u00e9s, els agents van comprovar que el perm\u00eds de conduir que els va mostrar un dels conductors no era aut\u00e8ntic, per la qual cosa, despr\u00e9s d&#8217;acreditar els indicis de falsificaci\u00f3, van procedir a la <strong>detenci\u00f3 de l&#8217;home, de 34 anys<\/strong>, pels presumptes delictes de falsedat documental i contra la seguretat vi\u00e0ria.[\/vc_column_text][\/vc_column][\/vc_row][vc_row el_id=&#8221;DESTACADO_NOTICIA&#8221;][vc_column][vc_column_text css=&#8221;&#8221; el_class=&#8221;cuadronoticia&#8221;]<\/p>\n<h5>A m\u00e9s, un d&#8217;ells va mostrar un perm\u00eds de conduir fals i l&#8217;altre portava damunt diverses bosses amb marihuana i amfetamines<\/h5>\n<p>[\/vc_column_text][\/vc_column][\/vc_row][vc_row el_id=&#8221;TEXTO_FIN_NOTICIA&#8221;][vc_column][vc_column_text css=&#8221;&#8221;]Aix\u00ed mateix, els policies<strong> van detindre un altre home, de 41 anys, per un presumpte delicte contra la salut p\u00fablica,<\/strong> en la seua modalitat de tr\u00e0fic de drogues, ja que portava damunt una bossa de pl\u00e0stic amb una considerable quantitat de marihuana, una segona bosseta amb amfetamines i una gran quantitat d&#8217;efectiu en bitllets xicotets, aix\u00ed com altres objectes emprats per a la venda d&#8217;estupefaents.<\/p>\n<hr \/>\n<p>[\/vc_column_text][\/vc_column][\/vc_row][vc_row][vc_column width=&#8221;1\/6&#8243;][\/vc_column][vc_column width=&#8221;2\/3&#8243;]<audio class=\"sc_audio\" src=\"\" width=\"\" height=\"\"><\/audio>[\/vc_column][vc_column width=&#8221;1\/6&#8243;][\/vc_column][\/vc_row]<\/p>\n<\/div>","protected":false},"excerpt":{"rendered":"<p>[vc_row el_id=&#8221;SUBTITULAR_NOTICIA&#8221;][vc_column][vc_column_text css=&#8221;&#8221;] La Policia Local ha detingut dos conductors en un control de vehicles que van donar positiu en la prova de detecci\u00f3 de subst\u00e0ncies estupefaents [\/vc_column_text][\/vc_column][\/vc_row][vc_row el_id=&#8221;TEXTO_NOTICIA&#8221;][vc_column][vc_column_text css=&#8221;&#8221;]La [&hellip;]<\/p>\n","protected":false},"author":131,"featured_media":252221,"comment_status":"closed","ping_status":"closed","sticky":false,"template":"","format":"standard","meta":{"footnotes":""},"categories":[2864,238],"tags":[],"class_list":["post-327073","post","type-post","status-publish","format-standard","has-post-thumbnail","hentry","category-breus","category-policia-local-va"],"_links":{"self":[{"href":"https:\/\/www.elche.es\/va\/wp-json\/wp\/v2\/posts\/327073","targetHints":{"allow":["GET"]}}],"collection":[{"href":"https:\/\/www.elche.es\/va\/wp-json\/wp\/v2\/posts"}],"about":[{"href":"https:\/\/www.elche.es\/va\/wp-json\/wp\/v2\/types\/post"}],"author":[{"embeddable":true,"href":"https:\/\/www.elche.es\/va\/wp-json\/wp\/v2\/users\/131"}],"replies":[{"embeddable":true,"href":"https:\/\/www.elche.es\/va\/wp-json\/wp\/v2\/comments?post=327073"}],"version-history":[{"count":2,"href":"https:\/\/www.elche.es\/va\/wp-json\/wp\/v2\/posts\/327073\/revisions"}],"predecessor-version":[{"id":327075,"href":"https:\/\/www.elche.es\/va\/wp-json\/wp\/v2\/posts\/327073\/revisions\/327075"}],"wp:featuredmedia":[{"embeddable":true,"href":"https:\/\/www.elche.es\/va\/wp-json\/wp\/v2\/media\/252221"}],"wp:attachment":[{"href":"https:\/\/www.elche.es\/va\/wp-json\/wp\/v2\/media?parent=327073"}],"wp:term":[{"taxonomy":"category","embeddable":true,"href":"https:\/\/www.elche.es\/va\/wp-json\/wp\/v2\/categories?post=327073"},{"taxonomy":"post_tag","embeddable":true,"href":"https:\/\/www.elche.es\/va\/wp-json\/wp\/v2\/tags?post=327073"}],"curies":[{"name":"wp","href":"https:\/\/api.w.org\/{rel}","templated":true}]}}