{"id":32709,"date":"2017-09-01T08:00:08","date_gmt":"2017-09-01T07:00:08","guid":{"rendered":"http:\/\/www.elche.es\/va\/?p=32709"},"modified":"2022-10-14T09:50:07","modified_gmt":"2022-10-14T08:50:07","slug":"septiembre-los-banos-arabes-y-el-primer-hospital-de-elche","status":"publish","type":"post","link":"https:\/\/www.elche.es\/va\/2017\/09\/septiembre-los-banos-arabes-y-el-primer-hospital-de-elche\/","title":{"rendered":"Setembre: Els banys \u00e0rabs i el primer hospital d&#8217;Elx"},"content":{"rendered":"<div class=\"wpb-content-wrapper\"><p>[vc_row][vc_column]\r\n        <p>\r\n        <span class=\"enlaces-titulo\"> Transcripci\u00f3: ``AHME. Documentaci\u00f3 municipal. LLibre d\u2019ordinacions del consell. Sign.: a 1. f. 202 v.`` <\/span> <span><a class=\"enlaces-link\" target='_blank'href=\"https:\/\/www.elche.es\/wp-content\/uploads\/2022\/10\/a-1-202v-2.pdf \">Veure enlla\u00e7<\/a><\/span>\r\n        <br>\r\n        <span class=\"enlaces-descripcion\"><\/span>\r\n        <\/p>\r\n        <hr class=\"enlaces-separador\">\r\n        [\/vc_column][\/vc_row][vc_row][vc_column][vc_column_text]<a href=\"https:\/\/www.elche.es\/wp-content\/uploads\/2017\/08\/a-1-202v-marca-min.jpg\"><img loading=\"lazy\" decoding=\"async\" class=\"alignleft size-medium wp-image-32664\" src=\"https:\/\/www.elche.es\/wp-content\/uploads\/2017\/08\/a-1-202v-marca-min-283x300.jpg\" alt=\"a 1-202v-marca-min\" width=\"283\" height=\"300\" srcset=\"https:\/\/www.elche.es\/wp-content\/uploads\/2017\/08\/a-1-202v-marca-min-283x300.jpg 283w, https:\/\/www.elche.es\/wp-content\/uploads\/2017\/08\/a-1-202v-marca-min-768x813.jpg 768w, https:\/\/www.elche.es\/wp-content\/uploads\/2017\/08\/a-1-202v-marca-min-967x1024.jpg 967w, https:\/\/www.elche.es\/wp-content\/uploads\/2017\/08\/a-1-202v-marca-min.jpg 1675w\" sizes=\"auto, (max-width: 283px) 100vw, 283px\" \/><\/a><\/p>\n<p style=\"text-align: justify\">La historiografia il\u00b7licitana ha estat assenyalant les diferents ubicacions de l&#8217;hospital de la vila d&#8217;Elx: primer en el carrer Major de la vila, al costat de l&#8217;ermita de Sant Sebasti\u00e0, despr\u00e9s en l&#8217;actual carrer Hospital i, finalment, en el desamortitzat convent de Sant Josep, fins a l&#8217;any 1965.<br \/>\nQuant als banys \u00e0rabs, s\u00f3n coneguts per tots els del convent de la Merc\u00e8 per\u00f2, a m\u00e9s, segons Pere Ibarra existien tamb\u00e9 en el carrer Troneta en la denominada coveta del Siri, i en el carrer Major de la vila. Aquests \u00faltims estan descrits en la seua Efem\u00e8rides n\u00famero 1428, on una inspecci\u00f3 ocular a un solar que havia estat cremant durant 10 o 12 dies, i en el qual no hi ha llum, li porta a pensar que podria ser un bany, el de la Senyoria segons el seu criteri.<br \/>\nLes excavacions de l&#8217;exterior del mercat central -que han deixat a la llum les restes dels banys \u00e0rabs i altres estructures posteriors acomodades a aquest espai- possibiliten una relectura dels documents que podrien oferir una interpretaci\u00f3 diferent d&#8217;algunes dades fins ara acceptades, gr\u00e0cies a l&#8217;encreuament d&#8217;informaci\u00f3 entre el registre arqueol\u00f2gic i el textual.<br \/>\nLa pla\u00e7a on s&#8217;ha excavat, epicentre de la vida local durant tant de temps, \u00e9s de nova creaci\u00f3 en les darreries del segle XV. Est\u00e0 molt ben documentat el proc\u00e9s d&#8217;edificaci\u00f3, per a la qual cosa es van comprar cases, es va reblir l&#8217;espai i s&#8217;ha conservat en les condicions que hui hi podem apreciar. Per\u00f2 el fet que es fera aquesta pla\u00e7a tapant el que s&#8217;havia constru\u00eft anteriorment ha impedit que es tinguera coneixement de l&#8217;exist\u00e8ncia en aquest lloc d&#8217;aquests banys perqu\u00e8, si b\u00e9 en les actes del Consell s&#8217;arreplega informaci\u00f3 sobre aquests, havien sigut mal situats.<br \/>\nAquests banys van estar en \u00fas despr\u00e9s de la conquesta, almenys es continuen utilitzant el 1459. Aquest lloc es deia pla\u00e7a dels Banys i estava en el cam\u00ed de la moreria, si b\u00e9 Pere Ibarra afirma que eren els de la Merc\u00e8, cosa improbable perqu\u00e8, com tots sabem, van ser donats a aquesta ordre religiosa i estaven dedicats al culte.<br \/>\nAquest intercanvi d&#8217;informaci\u00f3 entre els dos registres, textual i arqueol\u00f2gic, ha posat de manifest, a m\u00e9s, l&#8217;exist\u00e8ncia en aquest mateix lloc -o proper al mateix- d&#8217;un edifici que fins ara s&#8217;havia situat en el carrer Major: l&#8217;hospital de la vila, hospital de pobres o hospital de caritat.<br \/>\nEl document que parla de la relaci\u00f3 entre els banys i l&#8217;hospital -un dels m\u00e9s antics que confirma l&#8217;exist\u00e8ncia d&#8217;aquesta instituci\u00f3 de caritat- \u00e9s el que hem triat com a document del mes. Es tracta d&#8217;una informaci\u00f3 arreplegada en un acta corresponent a una sessi\u00f3 del consell del 26 de setembre de 1381. En ella, Berenguer Canals va sol\u00b7licitar que se li donara perm\u00eds per a col\u00b7locar unes portes en un carrer\u00f3 al costat de l&#8217;hospital, carrer\u00f3 que estava entre la muralla i els banys. A m\u00e9s, el text diu que el carrer\u00f3 t\u00e9 l&#8217;entrada per on va l&#8217;escala per a pujar al mur, tant per a la vigil\u00e0ncia, com per a arreglar el mur, per al reconeixement de les aig\u00fces o per a altres coses. Els banys eren propietat de l&#8217;esmentat Canals a canvi del pagament d&#8217;un censal al senyor.<br \/>\nPels testimoniatges escrits d&#8217;aquesta \u00e8poca no podem afirmar que hi haguera altres banys m\u00e9s que els ara excavats, a m\u00e9s dels de la Merc\u00e8, almenys pel que fa a la vila. Aquest fet ens convida a pensar que el primer hospital de la vila estiguera proper al que s&#8217;ha excavat. A m\u00e9s, aquest text tan singular proporciona bastant informaci\u00f3 sobre aquest lloc i l&#8217;\u00fas de l&#8217;espai. No podem realitzar cap afirmaci\u00f3 definitiva, sin\u00f3 que \u00fanicament volem posar de manifest amb el document del mes la import\u00e0ncia de contrastar dades que ens permeten avan\u00e7ar en l&#8217;estudi del passat a la llum de noves informacions. No podr\u00edem estar reflexionant hui sobre aquest tema si no s&#8217;hi haguera excavat. Cert \u00e9s que manegem moltes dades referides a q\u00fcestions urban\u00edstiques que comencen a definir-se al llarg del segle XV per\u00f2 les assumim tamb\u00e9 com si hagueren existit des de la primerenca ocupaci\u00f3 cristiana i pot ser que no siga aix\u00ed.<br \/>\nLa profunda transformaci\u00f3 que aquesta \u00e0rea est\u00e0 patint, sobretot a partir del segle XV, i que comen\u00e7a amb la construcci\u00f3 de la torre del Consell, la Cort de Just\u00edcia, la mateixa pla\u00e7a Nova o l&#8217;alineaci\u00f3 del carrer Major amb els edificis nous que s&#8217;estan construint, ermita de Sant Sebasti\u00e0 o hospital inclosos, ens parla d&#8217;un model de ciutat transformat, despr\u00e9s d&#8217;haver aprofitat estructures d&#8217;edificis anteriors que t\u00e9 encara molt a dir-nos, com podria ser de confirmar-se el cas de l&#8217;hospital que plantegem.<br \/>\n\u00c9s imprescindible investigar en un projecte multidisciplinari que incloga totes les dades: les procedents tant de les excavacions arqueol\u00f2giques com de la documentaci\u00f3 de l&#8217;AHME. Per descomptat, seria molt revelador per\u00f2, sens dubte, resulta imprescindible.[\/vc_column_text][\/vc_column][\/vc_row]<\/p>\n<\/div>","protected":false},"excerpt":{"rendered":"<p>[vc_row][vc_column][\/vc_column][\/vc_row][vc_row][vc_column][vc_column_text] La historiografia il\u00b7licitana ha estat assenyalant les diferents ubicacions de l&#8217;hospital de la vila d&#8217;Elx: primer en el carrer Major de la vila, al costat de l&#8217;ermita de Sant [&hellip;]<\/p>\n","protected":false},"author":131,"featured_media":66600,"comment_status":"closed","ping_status":"closed","sticky":false,"template":"","format":"standard","meta":{"footnotes":""},"categories":[192,193],"tags":[450,1177,406,728,1364],"class_list":["post-32709","post","type-post","status-publish","format-standard","has-post-thumbnail","hentry","category-arxiu","category-cultura-va","tag-ahme-va","tag-cultura-va","tag-elche-va","tag-historia-va","tag-hospital-va"],"_links":{"self":[{"href":"https:\/\/www.elche.es\/va\/wp-json\/wp\/v2\/posts\/32709","targetHints":{"allow":["GET"]}}],"collection":[{"href":"https:\/\/www.elche.es\/va\/wp-json\/wp\/v2\/posts"}],"about":[{"href":"https:\/\/www.elche.es\/va\/wp-json\/wp\/v2\/types\/post"}],"author":[{"embeddable":true,"href":"https:\/\/www.elche.es\/va\/wp-json\/wp\/v2\/users\/131"}],"replies":[{"embeddable":true,"href":"https:\/\/www.elche.es\/va\/wp-json\/wp\/v2\/comments?post=32709"}],"version-history":[{"count":0,"href":"https:\/\/www.elche.es\/va\/wp-json\/wp\/v2\/posts\/32709\/revisions"}],"wp:featuredmedia":[{"embeddable":true,"href":"https:\/\/www.elche.es\/va\/wp-json\/wp\/v2\/media\/66600"}],"wp:attachment":[{"href":"https:\/\/www.elche.es\/va\/wp-json\/wp\/v2\/media?parent=32709"}],"wp:term":[{"taxonomy":"category","embeddable":true,"href":"https:\/\/www.elche.es\/va\/wp-json\/wp\/v2\/categories?post=32709"},{"taxonomy":"post_tag","embeddable":true,"href":"https:\/\/www.elche.es\/va\/wp-json\/wp\/v2\/tags?post=32709"}],"curies":[{"name":"wp","href":"https:\/\/api.w.org\/{rel}","templated":true}]}}