{"id":32735,"date":"2017-08-29T12:52:13","date_gmt":"2017-08-29T11:52:13","guid":{"rendered":"http:\/\/www.elche.es\/va\/2017\/08\/proteccion-en-paseo-de-arenales-del-sol\/"},"modified":"2017-08-29T13:03:22","modified_gmt":"2017-08-29T12:03:22","slug":"proteccion-en-paseo-de-arenales-del-sol","status":"publish","type":"post","link":"https:\/\/www.elche.es\/va\/2017\/08\/proteccion-en-paseo-de-arenales-del-sol\/","title":{"rendered":"Protecci\u00f3 en Passeig dels Arenals del Sol"},"content":{"rendered":"<p>&nbsp;<\/p>\n<blockquote><p>&nbsp;<\/p>\n<p><strong>Comen\u00e7a la instal\u00b7laci\u00f3 d&#8217;elements de protecci\u00f3 al Passeig dels Arenals del Sol<\/strong><\/p><\/blockquote>\n<p>&nbsp;<\/p>\n<p style=\"text-align: justify\">L&#8217;Ajuntament d&#8217;Elx ha comen\u00e7at a instal\u00b7lar aquest mat\u00ed elements de protecci\u00f3 com testos i bol\u00b7lards al passeig de Sant Bartolom\u00e9 de Tirajana, als Arenals del Sol, com va anunciar ahir el regidor de Seguretat, Jos\u00e9 P\u00e9rez. Hui s&#8217;han col\u00b7locat diversos testos en l&#8217;inici del passeig i dem\u00e0 est\u00e0 prevista la instal\u00b7laci\u00f3 de m\u00e9s elements al final del passeig, al llarg de 60 metres. En total, es col\u00b7locaran una poc m\u00e9s d&#8217;un centenar d&#8217;elements.<\/p>\n<p style=\"text-align: justify\">El regidor ha insistit que no hi ha indicis que es puga cometre un atemptat a Elx, per\u00f2 despr\u00e9s dels successos de Barcelona considera que cal prendre mesures de protecci\u00f3. En aquest sentit, ja s&#8217;han instal\u00b7lat elements protectors en alguns carrers d&#8217;Elx que s\u00f3n molt transitats i tamb\u00e9 es protegiran mercats ambulants com els de les places de Madrid i Barcelona, amb tanques, testos i m\u00e9s pres\u00e8ncia policial. Al mateix temps, l&#8217;Ajuntament est\u00e0 fent un estudi per a determinar amb exactitud la necessitat de protecci\u00f3 en zones concorregudes.<\/p>\n<p>&nbsp;<\/p>\n","protected":false},"excerpt":{"rendered":"<p>&nbsp; &nbsp; Comen\u00e7a la instal\u00b7laci\u00f3 d&#8217;elements de protecci\u00f3 al Passeig dels Arenals del Sol &nbsp; L&#8217;Ajuntament d&#8217;Elx ha comen\u00e7at a instal\u00b7lar aquest mat\u00ed elements de protecci\u00f3 com testos i bol\u00b7lards [&hellip;]<\/p>\n","protected":false},"author":131,"featured_media":32728,"comment_status":"closed","ping_status":"closed","sticky":false,"template":"","format":"standard","meta":{"footnotes":""},"categories":[1277],"tags":[],"class_list":["post-32735","post","type-post","status-publish","format-standard","has-post-thumbnail","hentry","category-via-publica-va"],"_links":{"self":[{"href":"https:\/\/www.elche.es\/va\/wp-json\/wp\/v2\/posts\/32735","targetHints":{"allow":["GET"]}}],"collection":[{"href":"https:\/\/www.elche.es\/va\/wp-json\/wp\/v2\/posts"}],"about":[{"href":"https:\/\/www.elche.es\/va\/wp-json\/wp\/v2\/types\/post"}],"author":[{"embeddable":true,"href":"https:\/\/www.elche.es\/va\/wp-json\/wp\/v2\/users\/131"}],"replies":[{"embeddable":true,"href":"https:\/\/www.elche.es\/va\/wp-json\/wp\/v2\/comments?post=32735"}],"version-history":[{"count":0,"href":"https:\/\/www.elche.es\/va\/wp-json\/wp\/v2\/posts\/32735\/revisions"}],"wp:featuredmedia":[{"embeddable":true,"href":"https:\/\/www.elche.es\/va\/wp-json\/wp\/v2\/media\/32728"}],"wp:attachment":[{"href":"https:\/\/www.elche.es\/va\/wp-json\/wp\/v2\/media?parent=32735"}],"wp:term":[{"taxonomy":"category","embeddable":true,"href":"https:\/\/www.elche.es\/va\/wp-json\/wp\/v2\/categories?post=32735"},{"taxonomy":"post_tag","embeddable":true,"href":"https:\/\/www.elche.es\/va\/wp-json\/wp\/v2\/tags?post=32735"}],"curies":[{"name":"wp","href":"https:\/\/api.w.org\/{rel}","templated":true}]}}