{"id":332100,"date":"2025-04-08T12:59:57","date_gmt":"2025-04-08T10:59:57","guid":{"rendered":"https:\/\/www.elche.es\/2025\/04\/la-biblioteca-central-acull-lexposicio-imatges-de-lassumpcio\/"},"modified":"2025-04-08T15:06:25","modified_gmt":"2025-04-08T13:06:25","slug":"la-biblioteca-central-acull-lexposicio-imatges-de-lassumpcio","status":"publish","type":"post","link":"https:\/\/www.elche.es\/va\/2025\/04\/la-biblioteca-central-acull-lexposicio-imatges-de-lassumpcio\/","title":{"rendered":"La Biblioteca Central acull l&#8217;exposici\u00f3 \u2018Imatges de l&#8217;Assumpci\u00f3\u2019"},"content":{"rendered":"<div class=\"wpb-content-wrapper\"><p>[vc_row type=&#8221;square&#8221; style_color=&#8221;original&#8221; style=&#8221;filled&#8221; size=&#8221;large&#8221; icon=&#8221;inherit&#8221; color=&#8221;&#8221; bg_color=&#8221;&#8221; align=&#8221;center&#8221; link=&#8221;&#8221; target=&#8221;_blank&#8221; popup=&#8221;&#8221; rel=&#8221;&#8221; id=&#8221;&#8221; class=&#8221;btndentronoticia&#8221; animation=&#8221;none&#8221; width=&#8221;&#8221; height=&#8221;&#8221; top=&#8221;small&#8221; bottom=&#8221;small&#8221; left=&#8221;huge&#8221; right=&#8221;huge&#8221;][vc_column]<a href=\"https:\/\/www.elche.es\/wp-content\/uploads\/2025\/04\/Folleto-ASUNCION-cast-val.pdf\" target=\"_blank\" class=\"sc_button sc_button_square sc_button_style_filled style_original sc_button_size_large aligncenter btndentronoticia margin_top_small margin_right_huge margin_bottom_small margin_left_huge\" style=\"````\">Consulta ac\u00ed tota la informaci\u00f3<\/a>[\/vc_column][\/vc_row][vc_row el_id=&#8221;SUBTITULAR_NOTICIA&#8221;][vc_column][vc_column_text css=&#8221;&#8221;]<\/p>\n<hr \/>\n<h4>Una mostra emmarcada dins de les activitats de l&#8217;any jubilar que inclou el patrimoni bibliogr\u00e0fic local sobre la Verge de l&#8217;Assumpci\u00f3, patrona d&#8217;Elx<\/h4>\n<hr \/>\n<p>[\/vc_column_text][\/vc_column][\/vc_row][vc_row el_id=&#8221;TEXTO_NOTICIA&#8221;][vc_column][vc_column_text css=&#8221;&#8221;]<strong>La Biblioteca Central Pere Ibarra acull des d&#8217;este dimarts 8 d&#8217;abril la nova exposici\u00f3 \u2018Imatges de l&#8217;Assumpci\u00f3\u2019<\/strong>, emmarcada dins de les activitats organitzades per la Regidoria de Biblioteques, en col\u00b7laboraci\u00f3 amb la Regidoria de Cultura, en el marc de la celebraci\u00f3 de l&#8217;any jubilar en el que es commemora el 75 aniversari del dogma de l&#8217; Assumpci\u00f3.<\/p>\n<p><strong>Segons la regidora de l&#8217;\u00e0rea, Loli Serna,<\/strong> es tracta d&#8217;una exposici\u00f3 bibliogr\u00e0fica basada en una selecci\u00f3 redu\u00efda dels fons que conserva la Biblioteca Pere Ibarra, encarregada del patrimoni bibliogr\u00e0fic local, sobre la nostra patrona, la Verge de l&#8217;Assumpci\u00f3\u201d.[\/vc_column_text][\/vc_column][\/vc_row][vc_row type=&#8221;flexslider_slide&#8221; interval=&#8221;5&#8243; source=&#8221;media_library&#8221; images=&#8221;&#8221; img_size=&#8221;full&#8221; external_img_size=&#8221;&#8221; onclick=&#8221;link_image&#8221; custom_links_target=&#8221;_self&#8221; el_class=&#8221;galerianoticia&#8221; title=&#8221;&#8221; custom_srcs=&#8221;&#8221; custom_links=&#8221;&#8221;][vc_column][vc_gallery type=&#8221;flexslider_slide&#8221; interval=&#8221;5&#8243; images=&#8221;332085,332087,332089,332091,332093&#8243; img_size=&#8221;full&#8221; css=&#8221;&#8221; el_class=&#8221;galerianoticia&#8221;][\/vc_column][\/vc_row][vc_row][vc_column][vc_column_text css=&#8221;&#8221;]En la mostra es troben tota mena de suports<strong> gr\u00e0fics des de paper, il\u00b7lustracions de llibres i revistes, cartells, programes de festes, l\u00e0mines, estampes o postals fotogr\u00e0fiques<\/strong>, entre altres, que representen la Verge de l&#8217;Assumpci\u00f3 al llarg de la hist\u00f2ria.<\/p>\n<p>L&#8217;exposici\u00f3 partix de <strong>les primeres imatges marianes associades amb la ciutat d&#8217;Elx<\/strong> que oferixen les Cantigues d&#8217;Alfons X el Savi, per a concloure en iconografies de la patrona que apareixen en els actuals cartells, programes o tradicionals ventalls de les festes d&#8217;agost.[\/vc_column_text][\/vc_column][\/vc_row][vc_row el_id=&#8221;DESTACADO_NOTICIA&#8221;][vc_column][vc_column_text css=&#8221;&#8221; el_class=&#8221;cuadronoticia&#8221;]<\/p>\n<h5>Romandr\u00e0 exposada al p\u00fablic a la Sala de Pr\u00e9stecs de la Biblioteca Pere Ibarra els mesos d&#8217;abril i maig i arribar\u00e0 a pedanies a la tardor<\/h5>\n<p>[\/vc_column_text][\/vc_column][\/vc_row][vc_row el_id=&#8221;TEXTO_FIN_NOTICIA&#8221;][vc_column][vc_column_text css=&#8221;&#8221;]Per part seua, <strong>la regidora de Cultura, Irene Ruiz<\/strong>, ha posat en valor la labor d\u2019\u201caquells que custodien el nostre patrimoni bibliogr\u00e0fic al llarg de la hist\u00f2ria perqu\u00e8 sense ells hui no podr\u00edem estar celebrant el 75 aniversari del dogma de l&#8217;Assumpci\u00f3 i perqu\u00e8 gr\u00e0cies a ells hui podem admirar tots estos documents que posen de manifest l&#8217;important que \u00e9s la Mare de D\u00e9u per al poble d&#8217;Elx\u201d.<\/p>\n<p>L&#8217;exposici\u00f3 \u2018Imatges de l&#8217;Assumpci\u00f3\u2019 t<strong>\u00e9 entrada totalment gratu\u00efta i estar\u00e0 disponible durant els mesos d&#8217;abril i maig a la Sala de Pr\u00e9stecs de la Biblioteca Central Pere Ibarra en horari de 9.00 a 20.50 hores de dilluns a divendres i de 9.00 a 12.50 hores els dissabtes.<\/strong><\/p>\n<p>A m\u00e9s, la mostra arribar\u00e0 a les biblioteques de les pedanies il\u00b7licitanes, Torrellano, l&#8217;Altet i la Marina en els mesos de tardor.<\/p>\n<hr \/>\n<p>&nbsp;<\/p>\n<p>[\/vc_column_text][\/vc_column][\/vc_row][vc_row][vc_column width=&#8221;1\/2&#8243;]<audio class=\"sc_audio\" src=\"https:\/\/soundcloud.com\/ayuntamiento-de-elche\/la-biblioteca-central-acoge-la-exposicion-imagenes-de-la-asuncion?si=884ea510e8e445e9a9075d0aa469e832&#038;utm_source=clipboard&#038;utm_medium=text&#038;utm_campaign=social_sharing\" width=\"\" height=\"\" style=\"````\"><\/audio>[\/vc_column][vc_column width=&#8221;1\/2&#8243;]<audio class=\"sc_audio\" src=\"https:\/\/soundcloud.com\/ayuntamiento-de-elche\/d681cc2a-d27f-4656-b49f-141deb077efd?si=48fe4917f4bc4c91ae10f159dfda4fda&#038;utm_source=clipboard&#038;utm_medium=text&#038;utm_campaign=social_sharing\" width=\"\" height=\"\" style=\"````\"><\/audio>[\/vc_column][\/vc_row]<\/p>\n<\/div>","protected":false},"excerpt":{"rendered":"<p>[vc_row type=&#8221;square&#8221; style_color=&#8221;original&#8221; style=&#8221;filled&#8221; size=&#8221;large&#8221; icon=&#8221;inherit&#8221; color=&#8221;&#8221; bg_color=&#8221;&#8221; align=&#8221;center&#8221; link=&#8221;&#8221; target=&#8221;_blank&#8221; popup=&#8221;&#8221; rel=&#8221;&#8221; id=&#8221;&#8221; class=&#8221;btndentronoticia&#8221; animation=&#8221;none&#8221; width=&#8221;&#8221; height=&#8221;&#8221; top=&#8221;small&#8221; bottom=&#8221;small&#8221; left=&#8221;huge&#8221; right=&#8221;huge&#8221;][vc_column][\/vc_column][\/vc_row][vc_row el_id=&#8221;SUBTITULAR_NOTICIA&#8221;][vc_column][vc_column_text css=&#8221;&#8221;] Una mostra emmarcada dins de les [&hellip;]<\/p>\n","protected":false},"author":139,"featured_media":332084,"comment_status":"closed","ping_status":"closed","sticky":false,"template":"","format":"standard","meta":{"footnotes":""},"categories":[181,193,391,1312],"tags":[],"class_list":["post-332100","post","type-post","status-publish","format-standard","has-post-thumbnail","hentry","category-biblioteques-va","category-cultura-va","category-home-va","category-noticias-va"],"_links":{"self":[{"href":"https:\/\/www.elche.es\/va\/wp-json\/wp\/v2\/posts\/332100","targetHints":{"allow":["GET"]}}],"collection":[{"href":"https:\/\/www.elche.es\/va\/wp-json\/wp\/v2\/posts"}],"about":[{"href":"https:\/\/www.elche.es\/va\/wp-json\/wp\/v2\/types\/post"}],"author":[{"embeddable":true,"href":"https:\/\/www.elche.es\/va\/wp-json\/wp\/v2\/users\/139"}],"replies":[{"embeddable":true,"href":"https:\/\/www.elche.es\/va\/wp-json\/wp\/v2\/comments?post=332100"}],"version-history":[{"count":4,"href":"https:\/\/www.elche.es\/va\/wp-json\/wp\/v2\/posts\/332100\/revisions"}],"predecessor-version":[{"id":332126,"href":"https:\/\/www.elche.es\/va\/wp-json\/wp\/v2\/posts\/332100\/revisions\/332126"}],"wp:featuredmedia":[{"embeddable":true,"href":"https:\/\/www.elche.es\/va\/wp-json\/wp\/v2\/media\/332084"}],"wp:attachment":[{"href":"https:\/\/www.elche.es\/va\/wp-json\/wp\/v2\/media?parent=332100"}],"wp:term":[{"taxonomy":"category","embeddable":true,"href":"https:\/\/www.elche.es\/va\/wp-json\/wp\/v2\/categories?post=332100"},{"taxonomy":"post_tag","embeddable":true,"href":"https:\/\/www.elche.es\/va\/wp-json\/wp\/v2\/tags?post=332100"}],"curies":[{"name":"wp","href":"https:\/\/api.w.org\/{rel}","templated":true}]}}