{"id":332508,"date":"2025-04-11T13:30:22","date_gmt":"2025-04-11T11:30:22","guid":{"rendered":"https:\/\/www.elche.es\/2025\/04\/elx-se-suma-a-la-commemoracio-del-dia-mundial-del-parkinson\/"},"modified":"2025-04-11T13:30:23","modified_gmt":"2025-04-11T11:30:23","slug":"elx-se-suma-a-la-commemoracio-del-dia-mundial-del-parkinson","status":"publish","type":"post","link":"https:\/\/www.elche.es\/va\/2025\/04\/elx-se-suma-a-la-commemoracio-del-dia-mundial-del-parkinson\/","title":{"rendered":"Elx se suma a la commemoraci\u00f3 del Dia Mundial del P\u00e0rkinson"},"content":{"rendered":"<div class=\"wpb-content-wrapper\"><p>[vc_row el_id=&#8221;SUBTITULAR_NOTICIA&#8221;][vc_column][vc_column_text css=&#8221;&#8221;]<\/p>\n<hr \/>\n<h4>Sota el lema \u201cM&#8217;acompanyes?\u201d l&#8217;Ajuntament i l&#8217;Associaci\u00f3 de Parkinson d&#8217;Elx s&#8217;han unit per a reivindicar una vida digna als qui viuen amb la malaltia<\/h4>\n<hr \/>\n<p>[\/vc_column_text][\/vc_column][\/vc_row][vc_row el_id=&#8221;TEXTO_NOTICIA&#8221;][vc_column][vc_column_text css=&#8221;&#8221;]El Sal\u00f3 de Plens de l&#8217;Ajuntament d&#8217;Elx ha acollit l&#8217;acte de l<strong>ectura de manifest amb motiu del Dia Mundial del P\u00e0rkinson<\/strong> que es commemora cada 11 d&#8217;abril, enguany a trav\u00e9s del lema \u201cM&#8217;acompanyes?\u201d.<\/p>\n<p>L&#8217;Associaci\u00f3 de Parkinson Elx ha sigut l&#8217;encarregada de la lectura del manifest, concretament d&#8217;una afectada per la <strong>malaltia i associada. Pilar Guill\u00e9n Alcaraz<\/strong>. \u201cHui alcem la veu per a recordar que el p\u00e0rkinson no definix els qui el tenen, per\u00f2 s\u00ed que posa en evid\u00e8ncia el que ens falta com a societat\u201d, ha destacat a l&#8217;inici de la seua intervenci\u00f3.<\/p>\n<p>Un manifest amb el qual s&#8217;ha sol\u00b7licitat <strong>\u201ccomprensi\u00f3, suport, recursos i voluntat per a garantir una vida digna als qui conviuen amb la malaltia\u201d<\/strong> i amb el qual s&#8217;ha reclamat acc\u00e9s garantit a ter\u00e0pies, investigaci\u00f3, espais de trobada i suport per a les fam\u00edlies.<\/p>\n<p>&nbsp;[\/vc_column_text][\/vc_column][\/vc_row][vc_row type=&#8221;flexslider_slide&#8221; interval=&#8221;5&#8243; source=&#8221;media_library&#8221; images=&#8221;&#8221; img_size=&#8221;full&#8221; external_img_size=&#8221;&#8221; onclick=&#8221;link_image&#8221; custom_links_target=&#8221;_self&#8221; el_class=&#8221;galerianoticia&#8221; title=&#8221;&#8221; custom_srcs=&#8221;&#8221; custom_links=&#8221;&#8221;][vc_column][vc_gallery type=&#8221;flexslider_slide&#8221; interval=&#8221;5&#8243; images=&#8221;332493,332497,332499&#8243; img_size=&#8221;full&#8221; css=&#8221;&#8221; el_class=&#8221;galerianoticia&#8221;][\/vc_column][\/vc_row][vc_row el_id=&#8221;TEXTO_FIN_NOTICIA&#8221;][vc_column][vc_column_text css=&#8221;&#8221;]Pilar Guill\u00e9n ha reivindicat que \u201cles pol\u00edtiques p\u00fabliques garantisquen una coordinaci\u00f3 sociosanit\u00e0ria que assegure un abordatge integral de qualitat per a totes les persones que viuen amb p\u00e0rkinson. Perqu\u00e8 el major repte no \u00e9s el tremolor ni la lentitud, sin\u00f3 la indifer\u00e8ncia dels qui miren i no veuen\u201d.<\/p>\n<p>Finalment, <strong>la regidora de Discapacitat, Mar\u00eda Bonmat\u00ed,<\/strong> ha traslladat als membres de l&#8217;associaci\u00f3 que \u201csom ac\u00ed per a ajudar-vos en tot per a millorar l&#8217;atenci\u00f3 i la qualitat de vida dels usuaris malalts de p\u00e0rkinson i de les seues fam\u00edlies\u201d.<\/p>\n<p>El p\u00e0rkinson \u00e9s una malaltia cerebral que afecta el sistema nervi\u00f3s en l&#8217;\u00e0rea encarregada de coordinar l&#8217;activitat, el to muscular i els moviments. \u00c9s <strong>el segon trastorn neurodegeneratiu m\u00e9s freq\u00fcents a Espanya, on es calcula que el patixen al voltant de 300.000 persones.<\/strong><\/p>\n<hr \/>\n<p>&nbsp;<\/p>\n<p>[\/vc_column_text][\/vc_column][\/vc_row][vc_row][vc_column width=&#8221;1\/6&#8243;][\/vc_column][vc_column width=&#8221;2\/3&#8243;]<audio class=\"sc_audio\" src=\"\" width=\"\" height=\"\"><\/audio>[\/vc_column][vc_column width=&#8221;1\/6&#8243;][\/vc_column][\/vc_row]<\/p>\n<\/div>","protected":false},"excerpt":{"rendered":"<p>[vc_row el_id=&#8221;SUBTITULAR_NOTICIA&#8221;][vc_column][vc_column_text css=&#8221;&#8221;] Sota el lema \u201cM&#8217;acompanyes?\u201d l&#8217;Ajuntament i l&#8217;Associaci\u00f3 de Parkinson d&#8217;Elx s&#8217;han unit per a reivindicar una vida digna als qui viuen amb la malaltia [\/vc_column_text][\/vc_column][\/vc_row][vc_row el_id=&#8221;TEXTO_NOTICIA&#8221;][vc_column][vc_column_text css=&#8221;&#8221;]El [&hellip;]<\/p>\n","protected":false},"author":139,"featured_media":332496,"comment_status":"closed","ping_status":"closed","sticky":false,"template":"","format":"standard","meta":{"footnotes":""},"categories":[3319,391,1312],"tags":[],"class_list":["post-332508","post","type-post","status-publish","format-standard","has-post-thumbnail","hentry","category-discapacitat","category-home-va","category-noticias-va"],"_links":{"self":[{"href":"https:\/\/www.elche.es\/va\/wp-json\/wp\/v2\/posts\/332508","targetHints":{"allow":["GET"]}}],"collection":[{"href":"https:\/\/www.elche.es\/va\/wp-json\/wp\/v2\/posts"}],"about":[{"href":"https:\/\/www.elche.es\/va\/wp-json\/wp\/v2\/types\/post"}],"author":[{"embeddable":true,"href":"https:\/\/www.elche.es\/va\/wp-json\/wp\/v2\/users\/139"}],"replies":[{"embeddable":true,"href":"https:\/\/www.elche.es\/va\/wp-json\/wp\/v2\/comments?post=332508"}],"version-history":[{"count":2,"href":"https:\/\/www.elche.es\/va\/wp-json\/wp\/v2\/posts\/332508\/revisions"}],"predecessor-version":[{"id":332510,"href":"https:\/\/www.elche.es\/va\/wp-json\/wp\/v2\/posts\/332508\/revisions\/332510"}],"wp:featuredmedia":[{"embeddable":true,"href":"https:\/\/www.elche.es\/va\/wp-json\/wp\/v2\/media\/332496"}],"wp:attachment":[{"href":"https:\/\/www.elche.es\/va\/wp-json\/wp\/v2\/media?parent=332508"}],"wp:term":[{"taxonomy":"category","embeddable":true,"href":"https:\/\/www.elche.es\/va\/wp-json\/wp\/v2\/categories?post=332508"},{"taxonomy":"post_tag","embeddable":true,"href":"https:\/\/www.elche.es\/va\/wp-json\/wp\/v2\/tags?post=332508"}],"curies":[{"name":"wp","href":"https:\/\/api.w.org\/{rel}","templated":true}]}}