{"id":332524,"date":"2025-04-11T13:58:08","date_gmt":"2025-04-11T11:58:08","guid":{"rendered":"https:\/\/www.elche.es\/2025\/04\/lalcalde-inaugura-el-nou-centre-de-formacio-de-lassociacio-apsa\/"},"modified":"2025-04-11T13:58:09","modified_gmt":"2025-04-11T11:58:09","slug":"lalcalde-inaugura-el-nou-centre-de-formacio-de-lassociacio-apsa","status":"publish","type":"post","link":"https:\/\/www.elche.es\/va\/2025\/04\/lalcalde-inaugura-el-nou-centre-de-formacio-de-lassociacio-apsa\/","title":{"rendered":"L&#8217;alcalde inaugura el nou centre de formaci\u00f3 de l&#8217;Associaci\u00f3 APSA"},"content":{"rendered":"<div class=\"wpb-content-wrapper\"><p>[vc_row el_id=&#8221;SUBTITULAR_NOTICIA&#8221;][vc_column][vc_column_text css=&#8221;&#8221;]<\/p>\n<hr \/>\n<h4>Segons Pablo Ruz, \u201cera un comprom\u00eds dotar de millors recursos a la gran labor que realitzen i ara hem complit\u201d<\/h4>\n<hr \/>\n<p>[\/vc_column_text][\/vc_column][\/vc_row][vc_row el_id=&#8221;TEXTO_NOTICIA&#8221;][vc_column][vc_column_text css=&#8221;&#8221;]L&#8217;Associaci\u00f3 APSA ha inaugurat les <strong>noves instal\u00b7lacions del seu Centre de Formaci\u00f3 a la ciutat, un espai cedit per l&#8217;Ajuntament d&#8217;Elx<\/strong> en l&#8217;edifici de l&#8217;antic Institut de la Palmera. L&#8217;acte ha comptat amb la pres\u00e8ncia de l&#8217;alcalde, Pablo Ruz, i representants de diverses fundacions col\u00b7laboradores com la Fundaci\u00f3 Garc\u00eda Peralta, Fundaci\u00f3 Juan Per\u00e1n Pikolinos i Fundaci\u00f3 Marjal.<\/p>\n<p>Fins ara, <strong>el centre es trobava en un xicotet taller<\/strong>, situat justament al costat del nou edifici, per\u00f2 davant l&#8217;increment de demanda i el creixement del projecte formatiu s&#8217;ha fet necessari un trasllat a un espai m\u00e9s ampli, accessible i amb capacitat per a oferir m\u00e9s i millors serveis. D&#8217;esta manera, la cessi\u00f3 de l&#8217;edifici municipal ha fet possible esta millora sense precedents.<\/p>\n<p>L&#8217;alcalde ha assenyalat que, amb esta cessi\u00f3, l&#8217;Ajuntament d&#8217;Elx refor\u00e7a el seu comprom\u00eds amb el teixit social de la ciutat i amb l&#8217;atenci\u00f3 a les persones amb discapacitat intel\u00b7lectual. \u201cHui Elx fa un pas avant en inclusi\u00f3, formaci\u00f3 i futur\u201d, ha afirmat Ruz, que ha assegurat que \u201chui \u00e9s un dia molt feli\u00e7, des de l&#8217;arribada a l&#8217;alcaldia vam adquirir<strong>\u00a0un comprom\u00eds amb APSA per a dotar de millors recursos a la gran labor que realitzen i ara hem complit\u201d.<\/strong>[\/vc_column_text][\/vc_column][\/vc_row][vc_row type=&#8221;flexslider_slide&#8221; interval=&#8221;5&#8243; source=&#8221;media_library&#8221; images=&#8221;&#8221; img_size=&#8221;full&#8221; external_img_size=&#8221;&#8221; onclick=&#8221;link_image&#8221; custom_links_target=&#8221;_self&#8221; el_class=&#8221;galerianoticia&#8221; title=&#8221;&#8221; custom_srcs=&#8221;&#8221; custom_links=&#8221;&#8221;][vc_column][vc_gallery type=&#8221;flexslider_slide&#8221; interval=&#8221;5&#8243; images=&#8221;332470,332472,332474,332476&#8243; img_size=&#8221;full&#8221; css=&#8221;&#8221; el_class=&#8221;galerianoticia&#8221;][\/vc_column][\/vc_row][vc_row][vc_column][vc_column_text css=&#8221;&#8221;]Per part seua,<strong> la presidenta d&#8217;APSA, Isabel Manero P\u00e9rez<\/strong>, ha assenyalat que \u201ceste no \u00e9s nom\u00e9s un edifici, sin\u00f3 una aposta ferma per la inclusi\u00f3 i el dret de cada persona a construir el seu propi projecte de vida\u201d i ha agra\u00eft la implicaci\u00f3 de l&#8217;Ajuntament d&#8217;Elx i la col\u00b7laboraci\u00f3 de les fundacions per al condicionament del nou centre.<\/p>\n<p>El centre va entrar en funcionament en 2013 i <strong>est\u00e0 dirigit a j\u00f3vens amb discapacitat intel\u00b7lectual a partir dels 16 anys<\/strong>, amb l&#8217;objectiu principal d&#8217;oferir una formaci\u00f3 professional adaptada que afavorisca la seua autonomia personal i la seua inclusi\u00f3 social i laboral.[\/vc_column_text][\/vc_column][\/vc_row][vc_row el_id=&#8221;DESTACADO_NOTICIA&#8221;][vc_column][vc_column_text css=&#8221;&#8221; el_class=&#8221;cuadronoticia&#8221;]<\/p>\n<h5>Este espai, cedit per l&#8217;Ajuntament, permetr\u00e0 ampliar el nombre d&#8217;usuaris i refor\u00e7ar el seu model educatiu basat en el desenvolupament de compet\u00e8ncies clau per a la vida adulta<\/h5>\n<p>[\/vc_column_text][\/vc_column][\/vc_row][vc_row el_id=&#8221;TEXTO_FIN_NOTICIA&#8221;][vc_column][vc_column_text css=&#8221;&#8221;]Amb el nou espai, APSA podr\u00e0 ampliar el nombre de persones usu\u00e0ries \u2013actualment 40\u2013 i <strong>refor\u00e7ar el seu model educatiu basat en el desenvolupament de compet\u00e8ncies clau per a la vida adulta<\/strong>. A m\u00e9s, les noves instal\u00b7lacions permetran continuar impartint formaci\u00f3 en \u00e0rees com la comunicaci\u00f3 ling\u00fc\u00edstica, les habilitats per a la vida di\u00e0ria, l&#8217;\u00fas de tecnologies, el coneixement de l&#8217;entorn, el maneig de l&#8217;euro i la formaci\u00f3 professional en operacions auxiliars de servicis administratius.<\/p>\n<p><strong>APSA \u00e9s una organitzaci\u00f3 sense \u00e0nim de lucre fundada en 1961<\/strong> que dona suport a m\u00e9s de 2.000 persones a la prov\u00edncia d&#8217;Alacant. L&#8217;entitat compta amb m\u00e9s de 350 professionals i desenrotlla programes d&#8217;educaci\u00f3, salut, ocupaci\u00f3, vivenda i oci per a persones amb diferents capacitats al llarg de tot el seu cicle vital.<\/p>\n<hr \/>\n<p>&nbsp;<\/p>\n<p>[\/vc_column_text][\/vc_column][\/vc_row][vc_row][vc_column width=&#8221;1\/6&#8243;][\/vc_column][vc_column width=&#8221;2\/3&#8243;]<audio class=\"sc_audio\" src=\"https:\/\/soundcloud.com\/ayuntamiento-de-elche\/el-alcalde-inaugura-el-nuevo-centro-de-formacion-de-la-asociacion-aps?si=c0dfde3e12f44db4b226182547c19560&#038;utm_source=clipboard&#038;utm_medium=text&#038;utm_campaign=social_sharing\" width=\"\" height=\"\" style=\"````\"><\/audio>[\/vc_column][vc_column width=&#8221;1\/6&#8243;][\/vc_column][\/vc_row]<\/p>\n<\/div>","protected":false},"excerpt":{"rendered":"<p>[vc_row el_id=&#8221;SUBTITULAR_NOTICIA&#8221;][vc_column][vc_column_text css=&#8221;&#8221;] Segons Pablo Ruz, \u201cera un comprom\u00eds dotar de millors recursos a la gran labor que realitzen i ara hem complit\u201d [\/vc_column_text][\/vc_column][\/vc_row][vc_row el_id=&#8221;TEXTO_NOTICIA&#8221;][vc_column][vc_column_text css=&#8221;&#8221;]L&#8217;Associaci\u00f3 APSA ha inaugurat les [&hellip;]<\/p>\n","protected":false},"author":139,"featured_media":332479,"comment_status":"closed","ping_status":"closed","sticky":false,"template":"","format":"standard","meta":{"footnotes":""},"categories":[3319,391,1312],"tags":[],"class_list":["post-332524","post","type-post","status-publish","format-standard","has-post-thumbnail","hentry","category-discapacitat","category-home-va","category-noticias-va"],"_links":{"self":[{"href":"https:\/\/www.elche.es\/va\/wp-json\/wp\/v2\/posts\/332524","targetHints":{"allow":["GET"]}}],"collection":[{"href":"https:\/\/www.elche.es\/va\/wp-json\/wp\/v2\/posts"}],"about":[{"href":"https:\/\/www.elche.es\/va\/wp-json\/wp\/v2\/types\/post"}],"author":[{"embeddable":true,"href":"https:\/\/www.elche.es\/va\/wp-json\/wp\/v2\/users\/139"}],"replies":[{"embeddable":true,"href":"https:\/\/www.elche.es\/va\/wp-json\/wp\/v2\/comments?post=332524"}],"version-history":[{"count":2,"href":"https:\/\/www.elche.es\/va\/wp-json\/wp\/v2\/posts\/332524\/revisions"}],"predecessor-version":[{"id":332526,"href":"https:\/\/www.elche.es\/va\/wp-json\/wp\/v2\/posts\/332524\/revisions\/332526"}],"wp:featuredmedia":[{"embeddable":true,"href":"https:\/\/www.elche.es\/va\/wp-json\/wp\/v2\/media\/332479"}],"wp:attachment":[{"href":"https:\/\/www.elche.es\/va\/wp-json\/wp\/v2\/media?parent=332524"}],"wp:term":[{"taxonomy":"category","embeddable":true,"href":"https:\/\/www.elche.es\/va\/wp-json\/wp\/v2\/categories?post=332524"},{"taxonomy":"post_tag","embeddable":true,"href":"https:\/\/www.elche.es\/va\/wp-json\/wp\/v2\/tags?post=332524"}],"curies":[{"name":"wp","href":"https:\/\/api.w.org\/{rel}","templated":true}]}}