{"id":34140,"date":"2017-09-22T09:50:04","date_gmt":"2017-09-22T08:50:04","guid":{"rendered":"http:\/\/www.elche.es\/va\/?p=34140"},"modified":"2017-09-22T12:12:53","modified_gmt":"2017-09-22T11:12:53","slug":"llistat-dadmesos-als-tallers-dels-centres-socials-programa-danimacio-sociocultural","status":"publish","type":"post","link":"https:\/\/www.elche.es\/va\/2017\/09\/llistat-dadmesos-als-tallers-dels-centres-socials-programa-danimacio-sociocultural\/","title":{"rendered":"Llistat d\u2019admesos als tallers dels centres socials: programa d\u2019animaci\u00f3 sociocultural"},"content":{"rendered":"<div class=\"wpb-content-wrapper\"><p>[vc_row][vc_column][vc_column_text]La llista d\u2019admesos als tallers dels centres socials: programa d\u2019animaci\u00f3 sociocultural es podr\u00e0 consultar, a partir del 22 de setembre en:<\/p>\n<p>-La web municipal\u00a0<a href=\"http:\/\/aplicaciones.elche.es\/talleres\/Tall_VWEB_AlumnoTaller\/\" target=\"_blank\" rel=\"noopener\">http:\/\/aplicaciones.elche.es\/taller\u2026\/Tall_VWEB_AlumnoTaller\/<\/a>\u00a0(introduint DNI)<\/p>\n<p>-Els taulers d\u2019anuncis dels diferents centres socials.<\/p>\n<div class=\"m_-7485806754955739291gmail-text_exposed_show\">\n<p>-Aquells que hagen introdu\u00eft el seu correu electr\u00f2nic en la inscripci\u00f3 rebran una resposta autom\u00e0tica amb la confirmaci\u00f3 de la seua inscripci\u00f3 i, posteriorment, amb informaci\u00f3 sobre la seua selecci\u00f3.<\/p>\n<\/div>\n<p>[\/vc_column_text][\/vc_column][\/vc_row]<\/p>\n<\/div>","protected":false},"excerpt":{"rendered":"<p>[vc_row][vc_column][vc_column_text]La llista d\u2019admesos als tallers dels centres socials: programa d\u2019animaci\u00f3 sociocultural es podr\u00e0 consultar, a partir del 22 de setembre en: -La web municipal\u00a0http:\/\/aplicaciones.elche.es\/taller\u2026\/Tall_VWEB_AlumnoTaller\/\u00a0(introduint DNI) -Els taulers d\u2019anuncis dels diferents [&hellip;]<\/p>\n","protected":false},"author":131,"featured_media":32775,"comment_status":"closed","ping_status":"closed","sticky":false,"template":"","format":"standard","meta":{"footnotes":""},"categories":[190,391],"tags":[],"class_list":["post-34140","post","type-post","status-publish","format-standard","has-post-thumbnail","hentry","category-drets-socials","category-home-va"],"_links":{"self":[{"href":"https:\/\/www.elche.es\/va\/wp-json\/wp\/v2\/posts\/34140","targetHints":{"allow":["GET"]}}],"collection":[{"href":"https:\/\/www.elche.es\/va\/wp-json\/wp\/v2\/posts"}],"about":[{"href":"https:\/\/www.elche.es\/va\/wp-json\/wp\/v2\/types\/post"}],"author":[{"embeddable":true,"href":"https:\/\/www.elche.es\/va\/wp-json\/wp\/v2\/users\/131"}],"replies":[{"embeddable":true,"href":"https:\/\/www.elche.es\/va\/wp-json\/wp\/v2\/comments?post=34140"}],"version-history":[{"count":0,"href":"https:\/\/www.elche.es\/va\/wp-json\/wp\/v2\/posts\/34140\/revisions"}],"wp:featuredmedia":[{"embeddable":true,"href":"https:\/\/www.elche.es\/va\/wp-json\/wp\/v2\/media\/32775"}],"wp:attachment":[{"href":"https:\/\/www.elche.es\/va\/wp-json\/wp\/v2\/media?parent=34140"}],"wp:term":[{"taxonomy":"category","embeddable":true,"href":"https:\/\/www.elche.es\/va\/wp-json\/wp\/v2\/categories?post=34140"},{"taxonomy":"post_tag","embeddable":true,"href":"https:\/\/www.elche.es\/va\/wp-json\/wp\/v2\/tags?post=34140"}],"curies":[{"name":"wp","href":"https:\/\/api.w.org\/{rel}","templated":true}]}}