{"id":34256,"date":"2017-09-19T12:50:59","date_gmt":"2017-09-19T11:50:59","guid":{"rendered":"http:\/\/www.elche.es\/va\/2017\/09\/el-ayuntamiento-ordena-el-pago-de-las-ayudas-al-ibi-a-cerca-de-2-000-beneficiarios\/"},"modified":"2017-09-25T11:40:44","modified_gmt":"2017-09-25T10:40:44","slug":"el-ayuntamiento-ordena-el-pago-de-las-ayudas-al-ibi-a-cerca-de-2-000-beneficiarios","status":"publish","type":"post","link":"https:\/\/www.elche.es\/va\/2017\/09\/el-ayuntamiento-ordena-el-pago-de-las-ayudas-al-ibi-a-cerca-de-2-000-beneficiarios\/","title":{"rendered":"L&#8217;Ajuntament ordena el pagament de les ajudes a l&#8217;IBI a prop de 2.000 beneficiaris"},"content":{"rendered":"<blockquote><p>&nbsp;<\/p>\n<p>La Regidoria d&#8217;Hisenda ja ha ordenat el pagament a prop de dos mil beneficiaris de les ajudes a l&#8217;impost de b\u00e9ns immobles.<\/p><\/blockquote>\n<p>&nbsp;<\/p>\n<p>Aix\u00ed ho ha explicat la regidora d&#8217;Hisenda, Ana Arabid, qui ha assenyalat que s&#8217;han presentat un total de 2.893 sol\u00b7licituds, i s&#8217;han desestimat un total de 234 per no ajustar-se als requisits sol\u00b7licitats respecte als criteris de renda i de valor cadastral de l&#8217;habitatge.<\/p>\n<p>\u201cJa s&#8217;ha enviat l&#8217;ordre de pagament de prop de dos mil sol\u00b7licituds per les quals els beneficiaris rebran aquestes ajudes durant aquesta setmana i la pr\u00f2xima\u201d, ha assenyalat Arabid, qui ha afegit que \u201ces tracta de les sol\u00b7licituds que no han registrat cap incid\u00e8ncia. A la resta, se&#8217;ls ha requerit algun document i, en la mesura que els hi presenten, procedirem al pagament de les ajudes\u201d.<\/p>\n<p>Cal recordar que aquestes ajudes al pagament de l&#8217;impost de b\u00e9ns immobles per a les fam\u00edlies m\u00e9s necessitades, les va posar en marxa l&#8217;actual equip de govern el 2016, amb un pressupost de 300.000 euros. Per al 2017, aquestes ajudes compten amb una partida de 600.000 euros, el doble que el passat exercici. Les ajudes s&#8217;atorgaran en funci\u00f3 dels l\u00edmits de renda amb la finalitat d&#8217;afavorir les fam\u00edlies m\u00e9s necessitades, les fam\u00edlies amb dependents i les v\u00edctimes de viol\u00e8ncia de g\u00e8nere.<\/p>\n","protected":false},"excerpt":{"rendered":"<p>&nbsp; La Regidoria d&#8217;Hisenda ja ha ordenat el pagament a prop de dos mil beneficiaris de les ajudes a l&#8217;impost de b\u00e9ns immobles. &nbsp; Aix\u00ed ho ha explicat la regidora [&hellip;]<\/p>\n","protected":false},"author":131,"featured_media":19995,"comment_status":"closed","ping_status":"closed","sticky":false,"template":"","format":"standard","meta":{"footnotes":""},"categories":[488],"tags":[],"class_list":["post-34256","post","type-post","status-publish","format-standard","has-post-thumbnail","hentry","category-hisenda"],"_links":{"self":[{"href":"https:\/\/www.elche.es\/va\/wp-json\/wp\/v2\/posts\/34256","targetHints":{"allow":["GET"]}}],"collection":[{"href":"https:\/\/www.elche.es\/va\/wp-json\/wp\/v2\/posts"}],"about":[{"href":"https:\/\/www.elche.es\/va\/wp-json\/wp\/v2\/types\/post"}],"author":[{"embeddable":true,"href":"https:\/\/www.elche.es\/va\/wp-json\/wp\/v2\/users\/131"}],"replies":[{"embeddable":true,"href":"https:\/\/www.elche.es\/va\/wp-json\/wp\/v2\/comments?post=34256"}],"version-history":[{"count":0,"href":"https:\/\/www.elche.es\/va\/wp-json\/wp\/v2\/posts\/34256\/revisions"}],"wp:featuredmedia":[{"embeddable":true,"href":"https:\/\/www.elche.es\/va\/wp-json\/wp\/v2\/media\/19995"}],"wp:attachment":[{"href":"https:\/\/www.elche.es\/va\/wp-json\/wp\/v2\/media?parent=34256"}],"wp:term":[{"taxonomy":"category","embeddable":true,"href":"https:\/\/www.elche.es\/va\/wp-json\/wp\/v2\/categories?post=34256"},{"taxonomy":"post_tag","embeddable":true,"href":"https:\/\/www.elche.es\/va\/wp-json\/wp\/v2\/tags?post=34256"}],"curies":[{"name":"wp","href":"https:\/\/api.w.org\/{rel}","templated":true}]}}