{"id":34282,"date":"2017-09-22T11:22:04","date_gmt":"2017-09-22T10:22:04","guid":{"rendered":"http:\/\/www.elche.es\/va\/2017\/09\/el-ayuntamiento-inaugura-una-nueva-estacion-de-bicielx-en-la-avenida-de-laltet\/"},"modified":"2017-10-17T09:39:09","modified_gmt":"2017-10-17T08:39:09","slug":"el-ayuntamiento-inaugura-una-nueva-estacion-de-bicielx-en-la-avenida-de-laltet","status":"publish","type":"post","link":"https:\/\/www.elche.es\/va\/2017\/09\/el-ayuntamiento-inaugura-una-nueva-estacion-de-bicielx-en-la-avenida-de-laltet\/","title":{"rendered":"L&#8217;Ajuntament inaugura una nova estaci\u00f3 de BiciElx a l&#8217;avinguda de l\u2019Altet"},"content":{"rendered":"<blockquote><p>&nbsp;<\/p>\n<p>La regidora de Mobilitat, Esther D\u00edez, ha assenyalat que enguany es posaran en marxa un total de huit estacions de BiciElx<\/p><\/blockquote>\n<p>&nbsp;<\/p>\n<p>Esther D\u00edez, regidora de Mobilitat, Mireia Moll\u00e0, regidora de Turisme, i Felip S\u00e1nchez, regidor de Participaci\u00f3, han inaugurat una nova estaci\u00f3 de BiciElx a l&#8217;avinguda de l\u2019Altet, pels voltants del Mart\u00ednez Valero.<\/p>\n<p>\u201c\u00c9s una instal\u00b7laci\u00f3 que ha sigut molt sol\u00b7licitada pels ve\u00efns, i que s&#8217;ha fet realitat gr\u00e0cies als pressupostos participatius, amb la petici\u00f3 d&#8217;un ve\u00ed del barri que volia que es posara en marxa aquesta infraestructura\u201d, ha explicat Esther D\u00edez.<\/p>\n<p>La regidora de Mobilitat ha assenyalat que \u201c\u00e9s important per a nosaltres tamb\u00e9 inaugurar-la hui en el Dia sense Cotxe, en el marc de la Setmana de la Mobilitat\u201d.<\/p>\n<p>D\u2019ac\u00ed a final d&#8217;any, segons ha recordat D\u00edez, encara queden almenys cinc noves estacions de BiciElx per inaugurar. \u201cEn total seran huit les estacions que es posaran en funcionament durant aquest 2017, despr\u00e9s de molt temps sense que se n&#8217;inaugurara cap\u201d, ha explicat la regidora de Mobilitat.<\/p>\n<p>El regidor de Participaci\u00f3, Felip S\u00e1nchez, ha assenyalat que aquesta \u00e9s la segona estaci\u00f3 de BiciElx que es posa en marxa gr\u00e0cies als pressupostos participatius, per\u00f2 que encara en queda una m\u00e9s per inaugurar.<\/p>\n","protected":false},"excerpt":{"rendered":"<p>&nbsp; La regidora de Mobilitat, Esther D\u00edez, ha assenyalat que enguany es posaran en marxa un total de huit estacions de BiciElx &nbsp; Esther D\u00edez, regidora de Mobilitat, Mireia Moll\u00e0, [&hellip;]<\/p>\n","protected":false},"author":131,"featured_media":34161,"comment_status":"closed","ping_status":"closed","sticky":false,"template":"","format":"standard","meta":{"footnotes":""},"categories":[217,208,228],"tags":[],"class_list":["post-34282","post","type-post","status-publish","format-standard","has-post-thumbnail","hentry","category-mobilitat","category-participacio-ciutadana-va","category-turisme-va"],"_links":{"self":[{"href":"https:\/\/www.elche.es\/va\/wp-json\/wp\/v2\/posts\/34282","targetHints":{"allow":["GET"]}}],"collection":[{"href":"https:\/\/www.elche.es\/va\/wp-json\/wp\/v2\/posts"}],"about":[{"href":"https:\/\/www.elche.es\/va\/wp-json\/wp\/v2\/types\/post"}],"author":[{"embeddable":true,"href":"https:\/\/www.elche.es\/va\/wp-json\/wp\/v2\/users\/131"}],"replies":[{"embeddable":true,"href":"https:\/\/www.elche.es\/va\/wp-json\/wp\/v2\/comments?post=34282"}],"version-history":[{"count":0,"href":"https:\/\/www.elche.es\/va\/wp-json\/wp\/v2\/posts\/34282\/revisions"}],"wp:featuredmedia":[{"embeddable":true,"href":"https:\/\/www.elche.es\/va\/wp-json\/wp\/v2\/media\/34161"}],"wp:attachment":[{"href":"https:\/\/www.elche.es\/va\/wp-json\/wp\/v2\/media?parent=34282"}],"wp:term":[{"taxonomy":"category","embeddable":true,"href":"https:\/\/www.elche.es\/va\/wp-json\/wp\/v2\/categories?post=34282"},{"taxonomy":"post_tag","embeddable":true,"href":"https:\/\/www.elche.es\/va\/wp-json\/wp\/v2\/tags?post=34282"}],"curies":[{"name":"wp","href":"https:\/\/api.w.org\/{rel}","templated":true}]}}