{"id":34293,"date":"2017-09-19T09:36:47","date_gmt":"2017-09-19T08:36:47","guid":{"rendered":"http:\/\/www.elche.es\/va\/2017\/09\/el-ayuntamiento-adquiere-una-nueva-maquina-para-facilitar-los-enterramientos\/"},"modified":"2017-09-25T11:37:52","modified_gmt":"2017-09-25T10:37:52","slug":"el-ayuntamiento-adquiere-una-nueva-maquina-para-facilitar-los-enterramientos","status":"publish","type":"post","link":"https:\/\/www.elche.es\/va\/2017\/09\/el-ayuntamiento-adquiere-una-nueva-maquina-para-facilitar-los-enterramientos\/","title":{"rendered":"L&#8217;Ajuntament adquireix una nova m\u00e0quina per facilitar els enterraments"},"content":{"rendered":"<p>&nbsp;<\/p>\n<blockquote><p>La regidoria de Cementeris de l&#8217;Ajuntament d&#8217;Elx ha adquirit una nova m\u00e0quina per facilitar els enterraments en altura i millorar la seguretat dels trasllats que es realitzen a l&#8217;interior dels cementeris municipals.<\/p><\/blockquote>\n<p>&nbsp;<\/p>\n<p>Tal com ha explicat el regidor de l&#8217;\u00e0rea, H\u00e9ctor D\u00edez, \u201ces feia imprescindible l&#8217;adquisici\u00f3 d&#8217;una m\u00e0quina per realitzar enterraments en els cementeris municipals, ja que fins hui dispos\u00e0vem d&#8217;un portaf\u00e8retres adaptat i no apropiat a les necessitats actuals, aix\u00ed com un carret\u00f3 per al trasllat a l&#8217;interior d\u2019aquest. L&#8217;adquisici\u00f3 d&#8217;aquesta nova m\u00e0quina ha suposat una inversi\u00f3 d&#8217;uns vint mil euros. Aquesta \u00e9s la primera adquisici\u00f3 d&#8217;aquest tipus, per\u00f2 n\u2019hi haur\u00e0 m\u00e9s amb l&#8217;objectiu de modernitzar la gesti\u00f3 dels nostres cementeris municipals\u201d.<\/p>\n<p>Es tracta d&#8217;una m\u00e0quina silenciosa ja que funciona amb bateries. El trasllat del f\u00e8retre en la m\u00e0quina es realitza de manera segura i silenciosa. A m\u00e9s, facilita l&#8217;accessibilitat en altura per a enterraments superiors als 4-5 metres. Tamb\u00e9 es tracta d&#8217;una m\u00e0quina ecol\u00f2gica, ja que funciona amb bateries i no amb gasoil com l&#8217;anterior.<\/p>\n","protected":false},"excerpt":{"rendered":"<p>&nbsp; La regidoria de Cementeris de l&#8217;Ajuntament d&#8217;Elx ha adquirit una nova m\u00e0quina per facilitar els enterraments en altura i millorar la seguretat dels trasllats que es realitzen a l&#8217;interior [&hellip;]<\/p>\n","protected":false},"author":131,"featured_media":33683,"comment_status":"closed","ping_status":"closed","sticky":false,"template":"","format":"standard","meta":{"footnotes":""},"categories":[1277],"tags":[],"class_list":["post-34293","post","type-post","status-publish","format-standard","has-post-thumbnail","hentry","category-via-publica-va"],"_links":{"self":[{"href":"https:\/\/www.elche.es\/va\/wp-json\/wp\/v2\/posts\/34293","targetHints":{"allow":["GET"]}}],"collection":[{"href":"https:\/\/www.elche.es\/va\/wp-json\/wp\/v2\/posts"}],"about":[{"href":"https:\/\/www.elche.es\/va\/wp-json\/wp\/v2\/types\/post"}],"author":[{"embeddable":true,"href":"https:\/\/www.elche.es\/va\/wp-json\/wp\/v2\/users\/131"}],"replies":[{"embeddable":true,"href":"https:\/\/www.elche.es\/va\/wp-json\/wp\/v2\/comments?post=34293"}],"version-history":[{"count":0,"href":"https:\/\/www.elche.es\/va\/wp-json\/wp\/v2\/posts\/34293\/revisions"}],"wp:featuredmedia":[{"embeddable":true,"href":"https:\/\/www.elche.es\/va\/wp-json\/wp\/v2\/media\/33683"}],"wp:attachment":[{"href":"https:\/\/www.elche.es\/va\/wp-json\/wp\/v2\/media?parent=34293"}],"wp:term":[{"taxonomy":"category","embeddable":true,"href":"https:\/\/www.elche.es\/va\/wp-json\/wp\/v2\/categories?post=34293"},{"taxonomy":"post_tag","embeddable":true,"href":"https:\/\/www.elche.es\/va\/wp-json\/wp\/v2\/tags?post=34293"}],"curies":[{"name":"wp","href":"https:\/\/api.w.org\/{rel}","templated":true}]}}