{"id":34363,"date":"2017-09-26T12:45:28","date_gmt":"2017-09-26T11:45:28","guid":{"rendered":"http:\/\/www.elche.es\/va\/2017\/09\/informacion-sobre-la-inscripcion-a-programas-deportivos-20172018\/"},"modified":"2017-09-26T13:04:15","modified_gmt":"2017-09-26T12:04:15","slug":"informacion-sobre-la-inscripcion-a-programas-deportivos-20172018","status":"publish","type":"post","link":"https:\/\/www.elche.es\/va\/2017\/09\/informacion-sobre-la-inscripcion-a-programas-deportivos-20172018\/","title":{"rendered":"Informaci\u00f3 sobre la inscripci\u00f3 a programes esportius 2017\/2018"},"content":{"rendered":"<p>Informaci\u00f3 sobre la inscripci\u00f3 a programes esportius 2017\/2018.<\/p>\n<p>El proper 2 d&#8217;octubre s&#8217;obrir\u00e0 el termini d&#8217;inscripci\u00f3 per participar als diferents programes esportius que gestiona la Regidoria d&#8217;Esports.<\/p>\n<p>En breu s&#8217;anunciar\u00e0 els horaris, els preus i la forma d&#8217;inscripci\u00f3.<\/p>\n","protected":false},"excerpt":{"rendered":"<p>Informaci\u00f3 sobre la inscripci\u00f3 a programes esportius 2017\/2018. El proper 2 d&#8217;octubre s&#8217;obrir\u00e0 el termini d&#8217;inscripci\u00f3 per participar als diferents programes esportius que gestiona la Regidoria d&#8217;Esports. En breu s&#8217;anunciar\u00e0 [&hellip;]<\/p>\n","protected":false},"author":26,"featured_media":34331,"comment_status":"closed","ping_status":"closed","sticky":false,"template":"","format":"standard","meta":{"footnotes":""},"categories":[187],"tags":[],"class_list":["post-34363","post","type-post","status-publish","format-standard","has-post-thumbnail","hentry","category-esports"],"_links":{"self":[{"href":"https:\/\/www.elche.es\/va\/wp-json\/wp\/v2\/posts\/34363","targetHints":{"allow":["GET"]}}],"collection":[{"href":"https:\/\/www.elche.es\/va\/wp-json\/wp\/v2\/posts"}],"about":[{"href":"https:\/\/www.elche.es\/va\/wp-json\/wp\/v2\/types\/post"}],"author":[{"embeddable":true,"href":"https:\/\/www.elche.es\/va\/wp-json\/wp\/v2\/users\/26"}],"replies":[{"embeddable":true,"href":"https:\/\/www.elche.es\/va\/wp-json\/wp\/v2\/comments?post=34363"}],"version-history":[{"count":0,"href":"https:\/\/www.elche.es\/va\/wp-json\/wp\/v2\/posts\/34363\/revisions"}],"wp:featuredmedia":[{"embeddable":true,"href":"https:\/\/www.elche.es\/va\/wp-json\/wp\/v2\/media\/34331"}],"wp:attachment":[{"href":"https:\/\/www.elche.es\/va\/wp-json\/wp\/v2\/media?parent=34363"}],"wp:term":[{"taxonomy":"category","embeddable":true,"href":"https:\/\/www.elche.es\/va\/wp-json\/wp\/v2\/categories?post=34363"},{"taxonomy":"post_tag","embeddable":true,"href":"https:\/\/www.elche.es\/va\/wp-json\/wp\/v2\/tags?post=34363"}],"curies":[{"name":"wp","href":"https:\/\/api.w.org\/{rel}","templated":true}]}}