{"id":344978,"date":"2025-10-07T13:11:33","date_gmt":"2025-10-07T11:11:33","guid":{"rendered":"https:\/\/www.elche.es\/2025\/10\/comenca-el-termini-dinscripcio-per-a-les-activitats-aquatiques-en-piscines-municipals\/"},"modified":"2025-10-07T13:34:52","modified_gmt":"2025-10-07T11:34:52","slug":"comenca-el-termini-dinscripcio-per-a-les-activitats-aquatiques-en-piscines-municipals","status":"publish","type":"post","link":"https:\/\/www.elche.es\/va\/2025\/10\/comenca-el-termini-dinscripcio-per-a-les-activitats-aquatiques-en-piscines-municipals\/","title":{"rendered":"Comen\u00e7a el termini d\u2019inscripci\u00f3 per a les activitats aqu\u00e0tiques en piscines municipals"},"content":{"rendered":"<div class=\"wpb-content-wrapper\"><p>[vc_row el_id=&#8221;SUBTITULAR_NOTICIA&#8221;][vc_column][vc_column_text css=&#8221;&#8221;]<\/p>\n<hr \/>\n<h4>Es realitzaran a les piscines de l\u2019Esperan\u00e7a Lag, Carr\u00fas, Toscar, Pla i Isabel Fern\u00e1ndez de Torrellano, des de les 7.15 h fins a les 22.00 h<\/h4>\n<hr \/>\n<p>[\/vc_column_text]<a href=\"https:\/\/www.elche.es\/wp-content\/uploads\/2025\/10\/ACTIVIDADES-ACUATICAS-OTONO-2025-1-2.pdf\" target=\"_blank\" class=\"sc_button sc_button_square sc_button_style_filled style_original sc_button_size_large aligncenter btndentronoticia margin_top_small margin_right_huge margin_bottom_small margin_left_huge\" style=\"````\">CONSULTA M\u00c9S INFORMACI\u00d3<\/a>[\/vc_column][\/vc_row][vc_row el_id=&#8221;TEXTO_NOTICIA&#8221;][vc_column][vc_column_text css=&#8221;&#8221;]<strong>El pr\u00f2xim dilluns 13 d\u2019octubre a les 10.00 h s\u2019obri el termini d\u2019inscripcions<\/strong> per a les activitats aqu\u00e0tiques en les piscines municipals del per\u00edode d\u2019octubre a desembre.<\/p>\n<p>Les activitats es realitzaran a les piscines <strong>Esperan\u00e7a Lag, Carr\u00fas, Toscar, Pla i Isabel Fern\u00e1ndez, de Torrellano<\/strong>, des de les 7.15 h fins a les 22.00 h de dilluns a divendres, i de 10.00 h a 12.15 h els dissabtes.<\/p>\n<p>Este trimestre, l<strong>es activitats aqu\u00e0tiques que s\u2019impartiran en les piscines s\u00f3n nataci\u00f3 per a adults i xiquets, aiguagim, programa per a la tercera edat i condicionament f\u00edsic a l\u2019aigua<\/strong>. Com a novetat, tamb\u00e9 s\u2019oferir\u00e0 matronataci\u00f3, nataci\u00f3 per a nadons de 6 a 36 mesos, nataci\u00f3 primerenca de 3 a 5 anys i aiguagim salut.<\/p>\n<p>Per formalitzar la inscripci\u00f3 \u00e9s n<strong>ecessari disposar de claus d\u2019usuari<\/strong> i, per a aquelles persones que necessiten ajuda per a obtindre-les, s\u2019habilitar\u00e0 un punt d\u2019atenci\u00f3 presencial ubicat al pavell\u00f3 Esperan\u00e7a Lag, oficina de gesti\u00f3 d\u2019instal\u00b7lacions, el dia 13 en horari de 10.00 a 13.30 h.[\/vc_column_text][\/vc_column][\/vc_row][vc_row el_id=&#8221;DESTACADO_NOTICIA&#8221;][vc_column][vc_column_text css=&#8221;&#8221; el_class=&#8221;cuadronoticia&#8221;]<\/p>\n<h5>Com a novetat, enguany s\u2019impartiran matronataci\u00f3, nataci\u00f3 per a beb\u00e9s de 6 a 36 mesos, nataci\u00f3 primerenca de 3 a 5 anys i aiguagim salut<\/h5>\n<p>[\/vc_column_text][\/vc_column][\/vc_row][vc_row el_id=&#8221;TEXTO_FIN_NOTICIA&#8221;][vc_column][vc_column_text css=&#8221;&#8221;]Per als cursos de nataci\u00f3 infantil, de 5 a 14 anys, ser\u00e0 imprescindible que els xiquets siguen aut\u00f2noms, <strong>ja que no est\u00e0 perm\u00e9s l\u2019acc\u00e9s d\u2019adults als vestidors.<\/strong><\/p>\n<p>L\u2019acc\u00e9s a les instal\u00b7lacions requerix disposar de la targeta d\u2019acc\u00e9s, amb un cost d\u20191,55 \u20ac, obligat\u00f2ria per a tots els usuaris.<\/p>\n<p>Les inscripcions poden realitzar-se fins al 22 d\u2019octubre i estaran disponibles a la web <a href=\"https:\/\/elche.i2a.es\/CronosWeb\/Login\">https:\/\/elche.i2a.es\/CronosWeb\/Login<\/a>.<\/p>\n<hr \/>\n<p>&nbsp;[\/vc_column_text][\/vc_column][\/vc_row]<\/p>\n<\/div>","protected":false},"excerpt":{"rendered":"<p>[vc_row el_id=&#8221;SUBTITULAR_NOTICIA&#8221;][vc_column][vc_column_text css=&#8221;&#8221;] Es realitzaran a les piscines de l\u2019Esperan\u00e7a Lag, Carr\u00fas, Toscar, Pla i Isabel Fern\u00e1ndez de Torrellano, des de les 7.15 h fins a les 22.00 h [\/vc_column_text][\/vc_column][\/vc_row][vc_row [&hellip;]<\/p>\n","protected":false},"author":198,"featured_media":201922,"comment_status":"closed","ping_status":"closed","sticky":false,"template":"","format":"standard","meta":{"footnotes":""},"categories":[187,391,1312],"tags":[],"class_list":["post-344978","post","type-post","status-publish","format-standard","has-post-thumbnail","hentry","category-esports","category-home-va","category-noticias-va"],"_links":{"self":[{"href":"https:\/\/www.elche.es\/va\/wp-json\/wp\/v2\/posts\/344978","targetHints":{"allow":["GET"]}}],"collection":[{"href":"https:\/\/www.elche.es\/va\/wp-json\/wp\/v2\/posts"}],"about":[{"href":"https:\/\/www.elche.es\/va\/wp-json\/wp\/v2\/types\/post"}],"author":[{"embeddable":true,"href":"https:\/\/www.elche.es\/va\/wp-json\/wp\/v2\/users\/198"}],"replies":[{"embeddable":true,"href":"https:\/\/www.elche.es\/va\/wp-json\/wp\/v2\/comments?post=344978"}],"version-history":[{"count":5,"href":"https:\/\/www.elche.es\/va\/wp-json\/wp\/v2\/posts\/344978\/revisions"}],"predecessor-version":[{"id":344993,"href":"https:\/\/www.elche.es\/va\/wp-json\/wp\/v2\/posts\/344978\/revisions\/344993"}],"wp:featuredmedia":[{"embeddable":true,"href":"https:\/\/www.elche.es\/va\/wp-json\/wp\/v2\/media\/201922"}],"wp:attachment":[{"href":"https:\/\/www.elche.es\/va\/wp-json\/wp\/v2\/media?parent=344978"}],"wp:term":[{"taxonomy":"category","embeddable":true,"href":"https:\/\/www.elche.es\/va\/wp-json\/wp\/v2\/categories?post=344978"},{"taxonomy":"post_tag","embeddable":true,"href":"https:\/\/www.elche.es\/va\/wp-json\/wp\/v2\/tags?post=344978"}],"curies":[{"name":"wp","href":"https:\/\/api.w.org\/{rel}","templated":true}]}}