{"id":354633,"date":"2026-03-31T11:29:51","date_gmt":"2026-03-31T09:29:51","guid":{"rendered":"https:\/\/www.elche.es\/2026\/03\/el-gran-teatre-acull-les-representacions-de-la-pasion-de-elche-durant-el-cap-de-setmana-de-setmana-santa\/"},"modified":"2026-03-31T11:29:58","modified_gmt":"2026-03-31T09:29:58","slug":"el-gran-teatre-acull-les-representacions-de-la-pasion-de-elche-durant-el-cap-de-setmana-de-setmana-santa","status":"publish","type":"post","link":"https:\/\/www.elche.es\/va\/2026\/03\/el-gran-teatre-acull-les-representacions-de-la-pasion-de-elche-durant-el-cap-de-setmana-de-setmana-santa\/","title":{"rendered":"El Gran Teatre acull les representacions de \u201cLa Pasi\u00f3n\u00a0de Elche\u201d durant el cap de setmana de Setmana Santa"},"content":{"rendered":"<div class=\"wpb-content-wrapper\"><p>[vc_row el_id=&#8221;SUBTITULAR_NOTICIA&#8221;][vc_column][vc_column_text css=&#8221;&#8221;]<\/p>\n<hr \/>\n<div><b data-olk-copy-source=\"MessageBody\">Les Clarisses programa l&#8217;obra <em>\u00d1aque<\/em>, de la companyia Sahara Teatre, el Dissabte Sant i el Diumenge de Resurrecci\u00f3<\/b><\/div>\n<hr \/>\n<p>[\/vc_column_text][\/vc_column][\/vc_row][vc_row el_id=&#8221;TEXTO_NOTICIA&#8221;][vc_column][vc_column_text css=&#8221;&#8221;]<\/p>\n<div data-olk-copy-source=\"MessageBody\">El <strong>Gran Teatre<\/strong> centra la programaci\u00f3 cultural del cap de setmana amb les <strong>representacions de\u00a0<i>La Pasi\u00f3n de Elche<\/i>,<\/strong> a c\u00e0rrec del grup cultural <strong>Jerusalem<\/strong>. L&#8217;escenificaci\u00f3 podr\u00e0 veure&#8217;s el <strong>Divendres Sant, 3 d&#8217;abril, a les 11.00 h amb entrada lliure<\/strong> fins a completar aforament i continuar\u00e0 el <strong>Dissabte Sant i el Diumenge de Resurrecci\u00f3, 4 i 5 d&#8217;abril, a les 19.00 h, amb entrades disponibles en vivaticket.es i en la taquilla del Gran Teatre<\/strong>. L&#8217;obra recrea diferents episodis evang\u00e8lics des de l&#8217;entrada de Jesucrist a Jerusalem fins a la resurrecci\u00f3.<\/div>\n<p><\/p>\n<div data-olk-copy-source=\"MessageBody\"><\/div>\n<p><\/p>\n<div><strong>Les Clarisses<\/strong> acull la representaci\u00f3 de <strong><i>\u00d1aque<\/i><\/strong>, de la companyia Sahara Teatro, amb funcions el dissabte <strong>4 d&#8217;abril, a les 20.00 hores,<\/strong> i <strong>el diumenge 5 d&#8217;abril, a les 19.00 h<\/strong>. La proposta, dirigida a tots els p\u00fablics, planteja una reflexi\u00f3 sobre el mateix fet teatral, la comunicaci\u00f3 amb l&#8217;espectador i la petjada que deixen les paraules i els gestos sobre l&#8217;escenari.<\/div>\n<p><\/p>\n<div><\/div>\n<p><\/p>\n<div>L&#8217;agenda cultural es completa amb altres propostes en diferents espais del municipi. <strong>La Rotonda del Parc Municipal<\/strong> acull una nova cita del <strong>cicle\u00a0<i>La Matinal<\/i>\u00a0el dissabte 4 d&#8217;abril amb les actuacions de Choclock i Mita<\/strong>, mentre que continuen obertes les exposicions <strong><em>L&#8217;Esperit de la Mat\u00e8ria<\/em><\/strong>, de Paco Santana, en el MACE; la\u00a0<strong><i>Mostra de fotografies de Setmana Santa<\/i><\/strong>\u00a0en la Calaforra; i\u00a0<strong><i>Elx en la d\u00e8cada de 1970. Una ciutat en transici\u00f3<\/i><\/strong>, en el Museu Escolar de Pu\u00e7ol.<\/div>\n<p><\/p>\n<div><\/div>\n<p><\/p>\n<div>A m\u00e9s, el <strong>MAHE<\/strong> mant\u00e9 les visites comentades a l&#8217;exposici\u00f3 permanent i l\u2019<strong>hort dels Pontos<\/strong> continua amb la mostra art\u00edstica <i>Palmer-Art<\/i>, d&#8217;Antonio Agull\u00f3, inspirada en el paisatge i la cultura del Palmerar. Amb aix\u00f2, la programaci\u00f3 cultural del cap de setmana combina teatre, m\u00fasica i exposicions en diferents espais de la ciutat.<\/div>\n<p>[\/vc_column_text][\/vc_column][\/vc_row][vc_row el_id=&#8221;TEXTO_FIN_NOTICIA&#8221;][vc_column][vc_column_text css=&#8221;&#8221;]<\/p>\n<h1 data-section-id=\"161jjd2\" data-start=\"72\" data-end=\"84\"><span style=\"font-size: 18pt;\">GRAN TEATRE<\/span><\/h1>\n<p><\/p>\n<p data-start=\"103\" data-end=\"138\">C\/ Kursaal, 1, 03203 Elx, Alacant<\/p>\n<p><strong>Representaci\u00f3 teatral: <em>La Pasi\u00f3n de Elche<\/em>, amb el Grup Cultural Jerusalem<\/strong><\/p>\n<p>Divendres Sant, 3 d\u2019abril a les 11:00 h<br \/>Entrada lliure fins a completar aforament<\/p>\n<p>Dissabte Sant i Diumenge de Resurrecci\u00f3<br \/>4 i 5 d&#8217;abril a les 19:00 h<br \/>Venda d&#8217;entrades: vivaticket.es i taquilla del Gran Teatre<br \/>Donatiu: 6 \u20ac<\/p>\n<p data-start=\"140\" data-end=\"301\">Informaci\u00f3: Escenificaci\u00f3 d&#8217;episodis evang\u00e8lics que narren els successos protagonitzats per Jesucrist des de l&#8217;entrada a Jerusalem, passant per la seua crucifixi\u00f3 i mort, fins a la seua resurrecci\u00f3.<\/p>\n<p><\/p>\n<hr data-start=\"654\" data-end=\"657\" \/>\n<h2 data-section-id=\"no2cwf\" data-start=\"659\" data-end=\"692\">ROTONDA DEL PARC MUNICIPAL<\/h2>\n<p><\/p>\n<p data-start=\"694\" data-end=\"846\"><strong data-start=\"694\" data-end=\"720\">CONCERTS: La Matinal<\/strong><\/p>\n<p>Caps de setmana de mar\u00e7, abril i maig<br \/>Inici dels concerts: 12:00 h<br \/>Obertura de portes: 11:00 h<br \/>Entrada lliure<\/p>\n<p>Dissabte 28 de febrer: Trist\u00e1n! + Nuestra Se\u00f1ora<br \/>Dissabte 7 de mar\u00e7: Hidrogenesse + Abrazo<br \/>Diumenge 8 de mar\u00e7: Mujeres+ Espuni<br \/>Dissabte 14 de mar\u00e7: Maren + Mirlo<br \/>Diumenge 15 de mar\u00e7: Toldos Verdes + Palomo Palomo<br \/>Dissabte 21 de mar\u00e7: Parquesyr + Becarios<br \/>Dissabte 28 de mar\u00e7: Teo Lucadamo + Elias Lynix<br \/>Dissabte 4 d&#8217;abril: Choclock + Mita<br \/>Dissabte 11 d&#8217;abril: Las Petunias + Gluu!<br \/>Dissabte 18 d&#8217;abril: Vera Grv + Juliett<br \/>Dissabte 25 d&#8217;abril: Kokoshca + Zona Malva<br \/>Dissabte 9 de maig: Laia Alcolea + Agus Priore<br \/>Dissabte 16 de maig: Sistema de Entretenimiento + Aniquiladora<\/p>\n<p>Informaci\u00f3: la programaci\u00f3 inclou 13 concerts amb un total de 23 bandes i cada dissabte actuaran dos grups. Es completar\u00e0 el cicle amb una ruta gastron\u00f2mica i cultural paral\u00b7lela perqu\u00e8 el p\u00fablic puga gaudir de la ciutat abans o despr\u00e9s dels concerts.<\/p>\n<hr data-start=\"1620\" data-end=\"1623\" \/>\n<h2 data-section-id=\"zw47hr\" data-start=\"1625\" data-end=\"1642\">LES CLARISSES<\/h2>\n<p><\/p>\n<p data-start=\"1643\" data-end=\"1693\">Passeig Eres de Santa Ll\u00facia, 03202 Elx, Alacant<\/p>\n<p><\/p>\n<p data-start=\"1695\" data-end=\"1809\"><strong data-start=\"1695\" data-end=\"1738\">TEATRE: <em>\u00d1aque<\/em>, de la Cia. Sahara Teatre<br \/>\n<\/strong>Dissabte 4 d\u2019abril a les 20:00 h<br \/>\nDiumenge 5 d&#8217;abril a les 19:00 h<\/p>\n<p><\/p>\n<p data-start=\"1811\" data-end=\"1958\">Venda d&#8217;entrades:<br data-start=\"1829\" data-end=\"1832\" \/><a class=\"decorated-link\" href=\"https:\/\/entradium.com\/events\/naque-de-sinisterra-y-otros\" target=\"_new\" rel=\"noopener\" data-start=\"1832\" data-end=\"1888\">https:\/\/entradium.com\/events\/naque-de-sinisterra-y-otros<\/a><br data-start=\"1888\" data-end=\"1891\" \/><a class=\"decorated-link\" href=\"https:\/\/entradium.com\/es\/events\/naque-de-sinisterra-y-otros-elche\" target=\"_new\" rel=\"noopener\" data-start=\"1891\" data-end=\"1956\">https:\/\/entradium.com\/es\/events\/naque-de-sinisterra-y-otros-elche<\/a><\/p>\n<p><\/p>\n<p data-start=\"1960\" data-end=\"2008\">Duraci\u00f3: 70 minuts<\/p>\n<p>Per a tots els p\u00fablics<\/p>\n<p>Informaci\u00f3: L&#8217;obra reflexiona sobre el sentit del teatre, la comunicaci\u00f3 amb el p\u00fablic i la perman\u00e8ncia del que es representa en escena.<\/p>\n<hr data-start=\"2152\" data-end=\"2155\" \/>\n<h2 data-section-id=\"12g5a4m\" data-start=\"2157\" data-end=\"2209\">MAHE. MUSEU ARQUEOL\u00d2GIC I D&#8217;HIST\u00d2RIA D&#8217;ELX<\/h2>\n<p><\/p>\n<p data-start=\"2210\" data-end=\"2240\">Carrer Diagonal del Palau, 1<\/p>\n<p><strong>VISITES COMENTADES EXPOSICI\u00d3 PERMANENT: <em>Elx, de la Prehist\u00f2ria a la Tardoantiguitat<\/em><\/strong><\/p>\n<p>Dissabtes i diumenges de mar\u00e7 a les 11:30 i 12:30 h (excepte dissabte 21)<br \/>Tel\u00e8fons de reserva: 966 658 203 i 623 986 250<\/p>\n<p data-start=\"2242\" data-end=\"2409\">Informaci\u00f3: Recorregut guiat per les principals etapes hist\u00f2riques del municipi.<\/p>\n<p><\/p>\n<hr data-start=\"2548\" data-end=\"2551\" \/>\n<h2 data-section-id=\"h69uy8\" data-start=\"2553\" data-end=\"2595\">MACE. SALA D&#8217;EXPOSICIONS TEMPORALS<\/h2>\n<p><\/p>\n<p data-start=\"2596\" data-end=\"2618\">Pla\u00e7a de Sant Joan, 6<\/p>\n<p><strong><em>L\u2019Esperit de la Mat\u00e8ria<\/em>, de Paco Santana<br \/>\n<\/strong>Del divendres 19 de desembre de 2025 al diumenge 12 d\u2019abril de 2026<\/p>\n<p>Horari: de dimarts a dissabte de 10.00 a 14.00 h i de 15.00 a 18.00 h. Diumenges i festius de 10.00 a 14.00 h<\/p>\n<p data-start=\"2839\" data-end=\"2943\">Informaci\u00f3: Proposta art\u00edstica contempor\u00e0nia que explora la tensi\u00f3 entre el\u00a0 visible i l&#8217;invisible.<\/p>\n<p><\/p>\n<hr data-start=\"2945\" data-end=\"2948\" \/>\n<h2 data-section-id=\"kwou75\" data-start=\"2950\" data-end=\"2967\">LA CALAFORRA<\/h2>\n<p><\/p>\n<p data-start=\"2968\" data-end=\"2986\">Carrer Uberna, 14<\/p>\n<p><\/p>\n<p data-start=\"2988\" data-end=\"3074\"><strong data-start=\"2988\" data-end=\"3031\">EXPOSICI\u00d3: Fotografies de Setmana Santa<\/strong><br data-start=\"3031\" data-end=\"3034\" \/>Del 13 de mar\u00e7 al 12 d&#8217;abril de 2026<\/p>\n<p><\/p>\n<p data-start=\"3076\" data-end=\"3117\">Inauguraci\u00f3: 13 de mar\u00e7 a les 20:30 h<\/p>\n<p><\/p>\n<p data-start=\"3119\" data-end=\"3221\">Horari:<br data-start=\"3127\" data-end=\"3130\" \/>Dimarts a dissabte: 10:00 a 14:00 h i 15:00 a 18:00 h<br data-start=\"3180\" data-end=\"3183\" \/>Diumenges i festius: 10:00 a 14:00 h<\/p>\n<p><\/p>\n<p data-start=\"3223\" data-end=\"3303\">Informaci\u00f3: Organitza la Regidoria de Festejos i la Junta Major de Confraries i Germandats.<\/p>\n<p><\/p>\n<hr data-start=\"3305\" data-end=\"3308\" \/>\n<h2 data-section-id=\"13sp0jf\" data-start=\"3310\" data-end=\"3337\">MUSEU ESCOLAR DE PU\u00c7OL<\/h2>\n<p><\/p>\n<p data-start=\"3338\" data-end=\"3359\">Partida de Pu\u00e7ol, 8<\/p>\n<p><\/p>\n<p data-start=\"3361\" data-end=\"3464\"><strong data-start=\"3361\" data-end=\"3429\">EXPOSICI\u00d3:<\/strong><\/p>\n<p><strong><em>Elx en la d\u00e8cada de 1970. Una ciutat en transici\u00f3<br \/>\n<\/em><\/strong>Del 6 de febrer al 24 de maig<\/p>\n<p data-start=\"3466\" data-end=\"3548\">Horari:<br data-start=\"3474\" data-end=\"3477\" \/>Dilluns a divendres: 9:00 a 17:00 h<br data-start=\"3508\" data-end=\"3511\" \/>Dissabtes i diumenges: 11:00 a 14:00 h<\/p>\n<p><\/p>\n<p data-start=\"3550\" data-end=\"3654\">Informaci\u00f3: mostra sobre la transformaci\u00f3 urbana, social i industrial d&#8217;Elx en els anys 60 i 70.<\/p>\n<p><\/p>\n<hr data-start=\"3656\" data-end=\"3659\" \/>\n<h2 data-section-id=\"zp7nn\" data-start=\"3661\" data-end=\"3682\">HORT DELS PONTOS<\/h2>\n<p><\/p>\n<p data-start=\"3683\" data-end=\"3702\">Cam\u00ed Alm\u00e0ssera, 5<\/p>\n<p><\/p>\n<p data-start=\"3704\" data-end=\"3785\"><strong data-start=\"3704\" data-end=\"3749\">EXPOSICI\u00d3: Palmer-Art, d&#8217;Antonio Agull\u00f3<\/strong><br data-start=\"3749\" data-end=\"3752\" \/>Del 28 de mar\u00e7 al 30 d&#8217;agost<\/p>\n<p><\/p>\n<p data-start=\"3787\" data-end=\"3856\">Informaci\u00f3: Mostra inspirada en el Palmerar.<br data-start=\"3833\" data-end=\"3836\" \/><a class=\"decorated-link\" href=\"http:\/\/www.museopusol.com\" target=\"_new\" rel=\"noopener\" data-start=\"3836\" data-end=\"3854\">www.museopusol.com<\/a><\/p>\n<p><\/p>\n<hr \/>\n<p>[\/vc_column_text][\/vc_column][\/vc_row][vc_row][vc_column width=&#8221;1\/6&#8243;][\/vc_column][vc_column width=&#8221;2\/3&#8243;]<audio class=\"sc_audio\" src=\"\" width=\"\" height=\"\"><\/audio>[\/vc_column][vc_column width=&#8221;1\/6&#8243;][\/vc_column][\/vc_row]<\/p>\n<\/div>","protected":false},"excerpt":{"rendered":"<p>[vc_row el_id=&#8221;SUBTITULAR_NOTICIA&#8221;][vc_column][vc_column_text css=&#8221;&#8221;] Les Clarisses programa l&#8217;obra \u00d1aque, de la companyia Sahara Teatre, el Dissabte Sant i el Diumenge de Resurrecci\u00f3 [\/vc_column_text][\/vc_column][\/vc_row][vc_row el_id=&#8221;TEXTO_NOTICIA&#8221;][vc_column][vc_column_text css=&#8221;&#8221;] El Gran Teatre centra la programaci\u00f3 [&hellip;]<\/p>\n","protected":false},"author":203,"featured_media":354538,"comment_status":"closed","ping_status":"closed","sticky":false,"template":"","format":"standard","meta":{"footnotes":""},"categories":[193,391,1312],"tags":[],"class_list":["post-354633","post","type-post","status-publish","format-standard","has-post-thumbnail","hentry","category-cultura-va","category-home-va","category-noticias-va"],"_links":{"self":[{"href":"https:\/\/www.elche.es\/va\/wp-json\/wp\/v2\/posts\/354633","targetHints":{"allow":["GET"]}}],"collection":[{"href":"https:\/\/www.elche.es\/va\/wp-json\/wp\/v2\/posts"}],"about":[{"href":"https:\/\/www.elche.es\/va\/wp-json\/wp\/v2\/types\/post"}],"author":[{"embeddable":true,"href":"https:\/\/www.elche.es\/va\/wp-json\/wp\/v2\/users\/203"}],"replies":[{"embeddable":true,"href":"https:\/\/www.elche.es\/va\/wp-json\/wp\/v2\/comments?post=354633"}],"version-history":[{"count":2,"href":"https:\/\/www.elche.es\/va\/wp-json\/wp\/v2\/posts\/354633\/revisions"}],"predecessor-version":[{"id":354635,"href":"https:\/\/www.elche.es\/va\/wp-json\/wp\/v2\/posts\/354633\/revisions\/354635"}],"wp:featuredmedia":[{"embeddable":true,"href":"https:\/\/www.elche.es\/va\/wp-json\/wp\/v2\/media\/354538"}],"wp:attachment":[{"href":"https:\/\/www.elche.es\/va\/wp-json\/wp\/v2\/media?parent=354633"}],"wp:term":[{"taxonomy":"category","embeddable":true,"href":"https:\/\/www.elche.es\/va\/wp-json\/wp\/v2\/categories?post=354633"},{"taxonomy":"post_tag","embeddable":true,"href":"https:\/\/www.elche.es\/va\/wp-json\/wp\/v2\/tags?post=354633"}],"curies":[{"name":"wp","href":"https:\/\/api.w.org\/{rel}","templated":true}]}}