{"id":355506,"date":"2026-04-20T12:19:03","date_gmt":"2026-04-20T10:19:03","guid":{"rendered":"https:\/\/www.elche.es\/2026\/04\/elx-presenta-les-oportunitats-dinversio-davant-autoritats-i-empresaris-xinesos\/"},"modified":"2026-04-20T12:19:57","modified_gmt":"2026-04-20T10:19:57","slug":"elx-presenta-les-oportunitats-dinversio-davant-autoritats-i-empresaris-xinesos","status":"publish","type":"post","link":"https:\/\/www.elche.es\/va\/2026\/04\/elx-presenta-les-oportunitats-dinversio-davant-autoritats-i-empresaris-xinesos\/","title":{"rendered":"Elx presenta les oportunitats d&#8217;inversi\u00f3 davant autoritats i empresaris xinesos"},"content":{"rendered":"<div class=\"wpb-content-wrapper\"><p>[vc_row el_id=&#8221;SUBTITULAR_NOTICIA&#8221;][vc_column][vc_column_text css=&#8221;&#8221;]<strong>En esta trobada han destacat un municipi amb m\u00e9s de 24.000 empreses, principal centre productor de cal\u00e7at a Europa i lloc de fabricaci\u00f3 de llan\u00e7adors espacials\u00a0 \u00a0<\/strong><\/p>\n<h4><strong>\u00a0<\/strong><\/h4>\n<p>&nbsp;<\/p>\n<hr \/>\n<p>[\/vc_column_text][\/vc_column][\/vc_row][vc_row el_id=&#8221;TEXTO_NOTICIA&#8221;][vc_column][vc_column_text css=&#8221;&#8221;]L&#8217;alcalde d&#8217;Elx, Pablo Ruz, i el regidor de Promoci\u00f3 Econ\u00f2mica, Samuel Ru\u00edz, han realitzat este dijous una presentaci\u00f3 davant m\u00e9s d&#8217;un centenar d&#8217;empresaris xinesos i espanyols, sobre la ciutat d&#8217;Elx i les nombroses oportunitats que oferix amb l&#8217;ampliaci\u00f3 del Parc Empresarial, la seua proximitat a l&#8217;aeroport i al port d&#8217;Alacant i la aposta que ha realitzat amb l&#8217;Alta Velocitat.<\/p>\n<p>En esta trobada han estat presents a m\u00e9s el secretari del districte de Panyu de la ciutat de Guangzhou, Huang Biao; \u2060el C\u00f2nsol General d&#8217;Espanya, Emilio de Miguel Cal\u00e0bria; el conseller d&#8217;Economia de l&#8217;Ambaixada d&#8217;Espanya a la Xina, Jaime Lorenzo i el president de la Cambra de Comer\u00e7 Espa\u00f1a-Xina, Javier Tor\u00e1.<\/p>\n<p>Durant la presentaci\u00f3, Ruz i Ru\u00edz han destacat Elx com el lloc dels 3 Patrimonis de la Humanitat, amb m\u00e9s de 24.000 empreses, de les quals 2.639 facturen anualment m\u00e9s d&#8217;1 mili\u00f3 d&#8217;euros i principal centre productor de cal\u00e7at d&#8217;Europa, a m\u00e9s de lloc de fabricaci\u00f3 de llan\u00e7adors espacials gr\u00e0cies a PLD Space.<\/p>\n<p>Tamb\u00e9 s&#8217;han referit a la bona connexi\u00f3 terrestre, a\u00e8ria i mar\u00edtima; amb un aeroport amb prop de 20 milions de passatgers i tren d&#8217;alta velocitat; un parc empresarial amb m\u00e9s de 2 milions de metres quadrats i una ampliaci\u00f3 de 500.000 metres quadrats, a m\u00e9s d&#8217;un Campus Tecnol\u00f2gic de m\u00e9s de 93.000 metres quadrats.[\/vc_column_text][\/vc_column][\/vc_row][vc_row el_id=&#8221;DESTACADO_NOTICIA&#8221;][vc_column][vc_column_text css=&#8221;&#8221; el_class=&#8221;cuadronoticia&#8221;]<strong>L&#8217;acalde, Pablo Ruz, i el regidor de Promoci\u00f3 Econ\u00f2mica, Samuel Ruiz, fan balan\u00e7 d&#8217;este viatge a la Xina en el qual \u201cens anem satisfets despr\u00e9s d&#8217;haver sembrat i saber que ara s&#8217;ha de collir\u201d<\/strong><\/p>\n<h5><strong>\u00a0<\/strong><\/h5>\n<p>[\/vc_column_text][\/vc_column][\/vc_row][vc_row el_id=&#8221;TEXTO_FIN_NOTICIA&#8221;][vc_column][vc_column_text css=&#8221;&#8221;]\u201cEste ha sigut el final d&#8217;un intens i positiu viatge a la Xina en el qual hem portat el nom d&#8217;Elx per tot el pa\u00eds despr\u00e9s de la trobada amb empresaris, per\u00f2 tamb\u00e9 la visita a escoles i ajuntaments\u201d, ha assegurat Ruz, que ha apuntat que \u201cens anem satisfets, sabent que hem sembrat i ara cal collir\u201d.<\/p>\n<p>Per part seua, Ru\u00edz ha destacat la recepci\u00f3 que han rebut a la Xina i les expectatives que s&#8217;han aconseguit. \u201cContinuarem treballant per a demostrar que este govern municipal confia en el potencial d&#8217;Elx i a portar el seu nom a l&#8217;altra part del m\u00f3n\u201d.<\/p>\n<p>En l&#8217;actualitat s\u00f3n 2.169 els ciutadans xinesos empadronats a Elx, la qual cosa representa el 5\u201937% del total d&#8217;estrangers en el municipi.<\/p>\n<hr \/>\n<p>[\/vc_column_text][\/vc_column][\/vc_row][vc_row][vc_column width=&#8221;1\/6&#8243;][\/vc_column][vc_column width=&#8221;2\/3&#8243;]<audio class=\"sc_audio\" src=\"https:\/\/soundcloud.com\/ayuntamiento-de-elche\/presentacion-de-elche-ante\" width=\"\" height=\"\" style=\"````\"><\/audio>[\/vc_column][vc_column width=&#8221;1\/6&#8243;][\/vc_column][\/vc_row]<\/p>\n<\/div>","protected":false},"excerpt":{"rendered":"<p>[vc_row el_id=&#8221;SUBTITULAR_NOTICIA&#8221;][vc_column][vc_column_text css=&#8221;&#8221;]En esta trobada han destacat un municipi amb m\u00e9s de 24.000 empreses, principal centre productor de cal\u00e7at a Europa i lloc de fabricaci\u00f3 de llan\u00e7adors espacials\u00a0 \u00a0 \u00a0 [&hellip;]<\/p>\n","protected":false},"author":203,"featured_media":355411,"comment_status":"closed","ping_status":"closed","sticky":false,"template":"","format":"standard","meta":{"footnotes":""},"categories":[391,1312,183,590],"tags":[],"class_list":["post-355506","post","type-post","status-publish","format-standard","has-post-thumbnail","hentry","category-home-va","category-noticias-va","category-pomocio-economica","category-representacio-insitucional"],"_links":{"self":[{"href":"https:\/\/www.elche.es\/va\/wp-json\/wp\/v2\/posts\/355506","targetHints":{"allow":["GET"]}}],"collection":[{"href":"https:\/\/www.elche.es\/va\/wp-json\/wp\/v2\/posts"}],"about":[{"href":"https:\/\/www.elche.es\/va\/wp-json\/wp\/v2\/types\/post"}],"author":[{"embeddable":true,"href":"https:\/\/www.elche.es\/va\/wp-json\/wp\/v2\/users\/203"}],"replies":[{"embeddable":true,"href":"https:\/\/www.elche.es\/va\/wp-json\/wp\/v2\/comments?post=355506"}],"version-history":[{"count":2,"href":"https:\/\/www.elche.es\/va\/wp-json\/wp\/v2\/posts\/355506\/revisions"}],"predecessor-version":[{"id":355508,"href":"https:\/\/www.elche.es\/va\/wp-json\/wp\/v2\/posts\/355506\/revisions\/355508"}],"wp:featuredmedia":[{"embeddable":true,"href":"https:\/\/www.elche.es\/va\/wp-json\/wp\/v2\/media\/355411"}],"wp:attachment":[{"href":"https:\/\/www.elche.es\/va\/wp-json\/wp\/v2\/media?parent=355506"}],"wp:term":[{"taxonomy":"category","embeddable":true,"href":"https:\/\/www.elche.es\/va\/wp-json\/wp\/v2\/categories?post=355506"},{"taxonomy":"post_tag","embeddable":true,"href":"https:\/\/www.elche.es\/va\/wp-json\/wp\/v2\/tags?post=355506"}],"curies":[{"name":"wp","href":"https:\/\/api.w.org\/{rel}","templated":true}]}}