{"id":355525,"date":"2026-04-20T13:27:22","date_gmt":"2026-04-20T11:27:22","guid":{"rendered":"https:\/\/www.elche.es\/2026\/04\/el-padro-aconseguix-la-xifra-total-de-168-596-vehicles-3-808-mes-que-lany-2025\/"},"modified":"2026-04-20T13:27:30","modified_gmt":"2026-04-20T11:27:30","slug":"el-padro-aconseguix-la-xifra-total-de-168-596-vehicles-3-808-mes-que-lany-2025","status":"publish","type":"post","link":"https:\/\/www.elche.es\/va\/2026\/04\/el-padro-aconseguix-la-xifra-total-de-168-596-vehicles-3-808-mes-que-lany-2025\/","title":{"rendered":"El padr\u00f3 aconseguix la xifra total de 168.596 vehicles, 3.808 m\u00e9s que l&#8217;any 2025"},"content":{"rendered":"<div class=\"wpb-content-wrapper\"><p>[vc_row el_id=&#8221;SUBTITULAR_NOTICIA&#8221;][vc_column][vc_column_text css=&#8221;&#8221;]<\/p>\n<hr \/>\n<h4>La franja majorit\u00e0ria del cens \u00e9s la de turismes entre 8 i 12 cavalls fiscals, amb 67.482, i un increment de 1.239<\/h4>\n<hr \/>\n<p>[\/vc_column_text][\/vc_column][\/vc_row][vc_row el_id=&#8221;TEXTO_NOTICIA&#8221;][vc_column][vc_column_text css=&#8221;&#8221;]El padr\u00f3 municipal de vehicles a Elx aconseguix enguany les 168.596 unitats, la qual cosa es tradu\u00efx en un increment del 2\u201931%: 3.808 vehicles m\u00e9s respecte a 2025.<\/p>\n<p>Segons el padr\u00f3, els vehicles de menys de 8 cavalls fiscals s\u00f3n els que experimenten de nou un major percentatge de pujada enguany amb un 11\u201901% (1.108 m\u00e9s fins a un total de 11.175), mentres que la franja majorit\u00e0ria continua sent la dels vehicles de 8 a 12 cavalls fiscals amb 67.482, un 1\u201987% m\u00e9s, que es tradu\u00efx en un increment de 1.239. En el cas dels vehicles de m\u00e9s de 20 cavalls, els considerats de gamma alta, enguany ha experimentat una pujada del 8\u201952%, 117 m\u00e9s, fins als 1.491.<\/p>\n<p>Un any m\u00e9s, les motocicletes de fins a 125 cent\u00edmetres c\u00fabics (cc) experimenten una pujada del 4\u201938%, que es tradu\u00efx en 438 m\u00e9s, fins a arribar a les 10.432. En el cas de les motocicletes de 250 a 500 cc, l&#8217;increment \u00e9s del 6\u201975%, 157 m\u00e9s, i el total ja supera les 2.484; mentres que les motocicletes de m\u00e9s de 1.000 cc s\u00f3n les que experimenten la major pujada amb un increment del 6\u201995%, 72 m\u00e9s, i ja s\u00f3n 1.108. Per contra, la xifra de ciclomotors seguix la tend\u00e8ncia a la baixa, encara que en menor mesura que en anys anteriors, amb 52 menys i un total de 5.907.[\/vc_column_text][\/vc_column][\/vc_row][vc_row el_id=&#8221;DESTACADO_NOTICIA&#8221;][vc_column][vc_column_text css=&#8221;&#8221; el_class=&#8221;cuadronoticia&#8221;]<\/p>\n<h5>El nombre de vehicles d&#8217;etiqueta ecol\u00f2gica, h\u00edbrids o el\u00e8ctrics, \u00e9s de 2.506<\/h5>\n<p>[\/vc_column_text][\/vc_column][\/vc_row][vc_row el_id=&#8221;TEXTO_FIN_NOTICIA&#8221;][vc_column][vc_column_text css=&#8221;&#8221;]Dels 3.808 nous vehicles que s&#8217;incorporen al parc m\u00f2bil a Elx, un total de 249 s\u00f3n de baixa contaminaci\u00f3 o h\u00edbrids i 253 sense emissions contaminants o el\u00e8ctrics. En l&#8217;actualitat el nombre d&#8217;h\u00edbrids ascendix a 1.715 pels 791 el\u00e8ctrics, en total 2.506. En este cas, este tipus de vehicles disposen de beneficis fiscals del 50% i 75% respectivament.<\/p>\n<p>Enguany s&#8217;espera una recaptaci\u00f3 d&#8217;una mica m\u00e9s de 13 milions d&#8217;euros en l&#8217;IVTM, 203.000 m\u00e9s que en 2025. El nombre de vehicles exempts del pagament de l&#8217;impost \u00e9s de 4.174, un 3\u201956% menys que en 2025.<\/p>\n<p>El per\u00edode voluntari de pagament de l&#8217;Impost de Vehicles de Tracci\u00f3 Mec\u00e0nica (IVTM) es prolongar\u00e0 fins a l&#8217;11 de maig. Finalitzat eixe per\u00edode, les quotes impagades seran requerides per SUMA mitjan\u00e7ant via de constrenyiment.<\/p>\n<hr \/>\n<p>[\/vc_column_text][\/vc_column][\/vc_row]<\/p>\n<\/div>","protected":false},"excerpt":{"rendered":"<p>[vc_row el_id=&#8221;SUBTITULAR_NOTICIA&#8221;][vc_column][vc_column_text css=&#8221;&#8221;] La franja majorit\u00e0ria del cens \u00e9s la de turismes entre 8 i 12 cavalls fiscals, amb 67.482, i un increment de 1.239 [\/vc_column_text][\/vc_column][\/vc_row][vc_row el_id=&#8221;TEXTO_NOTICIA&#8221;][vc_column][vc_column_text css=&#8221;&#8221;]El padr\u00f3 municipal [&hellip;]<\/p>\n","protected":false},"author":203,"featured_media":180273,"comment_status":"closed","ping_status":"closed","sticky":false,"template":"","format":"standard","meta":{"footnotes":""},"categories":[391,1312,205],"tags":[],"class_list":["post-355525","post","type-post","status-publish","format-standard","has-post-thumbnail","hentry","category-home-va","category-noticias-va","category-omac-2-va"],"_links":{"self":[{"href":"https:\/\/www.elche.es\/va\/wp-json\/wp\/v2\/posts\/355525","targetHints":{"allow":["GET"]}}],"collection":[{"href":"https:\/\/www.elche.es\/va\/wp-json\/wp\/v2\/posts"}],"about":[{"href":"https:\/\/www.elche.es\/va\/wp-json\/wp\/v2\/types\/post"}],"author":[{"embeddable":true,"href":"https:\/\/www.elche.es\/va\/wp-json\/wp\/v2\/users\/203"}],"replies":[{"embeddable":true,"href":"https:\/\/www.elche.es\/va\/wp-json\/wp\/v2\/comments?post=355525"}],"version-history":[{"count":2,"href":"https:\/\/www.elche.es\/va\/wp-json\/wp\/v2\/posts\/355525\/revisions"}],"predecessor-version":[{"id":355527,"href":"https:\/\/www.elche.es\/va\/wp-json\/wp\/v2\/posts\/355525\/revisions\/355527"}],"wp:featuredmedia":[{"embeddable":true,"href":"https:\/\/www.elche.es\/va\/wp-json\/wp\/v2\/media\/180273"}],"wp:attachment":[{"href":"https:\/\/www.elche.es\/va\/wp-json\/wp\/v2\/media?parent=355525"}],"wp:term":[{"taxonomy":"category","embeddable":true,"href":"https:\/\/www.elche.es\/va\/wp-json\/wp\/v2\/categories?post=355525"},{"taxonomy":"post_tag","embeddable":true,"href":"https:\/\/www.elche.es\/va\/wp-json\/wp\/v2\/tags?post=355525"}],"curies":[{"name":"wp","href":"https:\/\/api.w.org\/{rel}","templated":true}]}}