{"id":355550,"date":"2026-04-20T14:07:10","date_gmt":"2026-04-20T12:07:10","guid":{"rendered":"https:\/\/www.elche.es\/2026\/04\/la-llotja-medieval-acull-lexposicio-bangladesh-la-dignitat-dun-poble\/"},"modified":"2026-04-20T14:07:18","modified_gmt":"2026-04-20T12:07:18","slug":"la-llotja-medieval-acull-lexposicio-bangladesh-la-dignitat-dun-poble","status":"publish","type":"post","link":"https:\/\/www.elche.es\/va\/2026\/04\/la-llotja-medieval-acull-lexposicio-bangladesh-la-dignitat-dun-poble\/","title":{"rendered":"La Llotja Medieval acull l&#8217;exposici\u00f3 \u2018Bangladesh: la dignitat d&#8217;un poble\u2019"},"content":{"rendered":"<div class=\"wpb-content-wrapper\"><p>[vc_row el_id=&#8221;SUBTITULAR_NOTICIA&#8221;][vc_column][vc_column_text css=&#8221;&#8221;]<\/p>\n<hr \/>\n<h4>La mostra organitzada per la Fundaci\u00f3 FASI s&#8217;emmarca en el I Cicle de Col\u00b7loquis per la Cooperaci\u00f3 Internacional al Desenrotllament i es prolongar\u00e0 fins a l&#8217;1 de maig<\/h4>\n<hr \/>\n<p>[\/vc_column_text][\/vc_column][\/vc_row][vc_row el_id=&#8221;TEXTO_NOTICIA&#8221;][vc_column][vc_column_text css=&#8221;&#8221;]La Llotja Medieval acull fins al pr\u00f2xim 10 de maig l&#8217;exposici\u00f3 \u00abBangladesh: la dignitat d&#8217;un poble\u00bb, que s&#8217;unix a la taula-col\u00b7loqui del pr\u00f2xim dia 25 realitzada per la Fundaci\u00f3 Ajuda Solid\u00e0ria Filles de Jes\u00fas, FASFI, dins del I Cicle de Col\u00b7loquis per la Cooperaci\u00f3 Internacional al Desenrotllament.<\/p>\n<p>L&#8217;edil de Cooperaci\u00f3, Celia Lastra, ha assenyalat que esta \u00e9s una iniciativa gestada des del mes de maig passat \u201cper a acostar la cooperaci\u00f3 a la ciutadania, i en concret donar a con\u00e9ixer un projecte que tenen a Bangladesh, en un internat de xiquetes en risc d&#8217;exclusi\u00f3 social\u201d.<\/p>\n<p>Esta exposici\u00f3 s&#8217;emmarca dins de les activitats amb motiu del 75 aniversari de la pres\u00e8ncia de les Filles de Jes\u00fas a Elx i del col\u00b7legi Jesu\u00eftines. Segons el delegat de FASFI a la Comunitat Valenciana, Juanjo Briones, este \u00e9s un dels projectes que desenrotlla la fundaci\u00f3 a tot el m\u00f3n, on hi ha pres\u00e8ncia de les Filles de Jes\u00fas\u201d.[\/vc_column_text][\/vc_column][\/vc_row][vc_row el_id=&#8221;DESTACADO_NOTICIA&#8221;][vc_column][vc_column_text css=&#8221;&#8221; el_class=&#8221;cuadronoticia&#8221;]<\/p>\n<h5>Les fotografies s\u00f3n un homenatge a les dones de Bangladesh i a les xiquetes de l&#8217;\u00e8tnia Garo<\/h5>\n<p>[\/vc_column_text][\/vc_column][\/vc_row][vc_row el_id=&#8221;TEXTO_FIN_NOTICIA&#8221;][vc_column][vc_column_text css=&#8221;&#8221;]L&#8217;autora de les fotos \u00e9s Marta Azquerro, membre de la comissi\u00f3 de voluntariat, que un estiu va viatjar a Bangladesh i despr\u00e9s de la seua experi\u00e8ncia va arribar amb el comprom\u00eds de donar visibilitat a la hist\u00f2ria de les xiquetes que viuen all\u00ed.<\/p>\n<p>El gerent de la Fundaci\u00f3 FASFI, Pablo Zimmermann, ha assenyalat que esta exposici\u00f3 \u201c\u00e9s un homenatge a les dones bangladeshianes, de l&#8217;experi\u00e8ncia i del que viuen al pa\u00eds, de com de dif\u00edcil \u00e9s ser dona a Bangladesh, \u00e9s un homenatge a les Filles de Jes\u00fas missioneres, dones valentes que sostenen vides en llocs molt complicats i \u00e9s un homenatge a les xiquetes de l&#8217;\u00e8tnia Garo, que s\u00f3n les protagonistes de les fotografies\u201d.<\/p>\n<p>Segons Zimmermann, l&#8217;\u00e8tnia Garo \u00e9s agr\u00edcola, viu del camp i durant molt de temps se&#8217;ls ha anat desprenent d&#8217;estes terres i al final el mateix sistema les est\u00e0 engolint, llevant-los els seus drets i llevant-los la seua dignitat. Les xiquetes Garo el que fan \u00e9s al\u00e7ar la m\u00e0 sol\u00b7licitant ajuda per a retornar-los la dignitat que el sistema els est\u00e0 robant\u201d.<\/p>\n<p>D&#8217;esta manera, ha assegurat que la idea \u00e9s que siga \u201cuna exposici\u00f3 d&#8217;esperan\u00e7a en la qual mostrar en un principi les fotos m\u00e9s dures de la realitat de les fam\u00edlies all\u00ed a Bangladesh i com eixos moments cr\u00edtics es van convertint en esperan\u00e7a, somriure i alegria\u201d.<\/p>\n<hr \/>\n<p>[\/vc_column_text][\/vc_column][\/vc_row][vc_row][vc_column width=&#8221;1\/6&#8243;][\/vc_column][vc_column width=&#8221;2\/3&#8243;]<audio class=\"sc_audio\" src=\"https:\/\/soundcloud.com\/ayuntamiento-de-elche\/la-lonja-medieval-acoge-la\" width=\"\" height=\"\" style=\"````\"><\/audio>[\/vc_column][vc_column width=&#8221;1\/6&#8243;][\/vc_column][\/vc_row]<\/p>\n<\/div>","protected":false},"excerpt":{"rendered":"<p>[vc_row el_id=&#8221;SUBTITULAR_NOTICIA&#8221;][vc_column][vc_column_text css=&#8221;&#8221;] La mostra organitzada per la Fundaci\u00f3 FASI s&#8217;emmarca en el I Cicle de Col\u00b7loquis per la Cooperaci\u00f3 Internacional al Desenrotllament i es prolongar\u00e0 fins a l&#8217;1 de [&hellip;]<\/p>\n","protected":false},"author":203,"featured_media":355458,"comment_status":"closed","ping_status":"closed","sticky":false,"template":"","format":"standard","meta":{"footnotes":""},"categories":[3412,391,1312],"tags":[],"class_list":["post-355550","post","type-post","status-publish","format-standard","has-post-thumbnail","hentry","category-cooperacio-internacional","category-home-va","category-noticias-va"],"_links":{"self":[{"href":"https:\/\/www.elche.es\/va\/wp-json\/wp\/v2\/posts\/355550","targetHints":{"allow":["GET"]}}],"collection":[{"href":"https:\/\/www.elche.es\/va\/wp-json\/wp\/v2\/posts"}],"about":[{"href":"https:\/\/www.elche.es\/va\/wp-json\/wp\/v2\/types\/post"}],"author":[{"embeddable":true,"href":"https:\/\/www.elche.es\/va\/wp-json\/wp\/v2\/users\/203"}],"replies":[{"embeddable":true,"href":"https:\/\/www.elche.es\/va\/wp-json\/wp\/v2\/comments?post=355550"}],"version-history":[{"count":2,"href":"https:\/\/www.elche.es\/va\/wp-json\/wp\/v2\/posts\/355550\/revisions"}],"predecessor-version":[{"id":355552,"href":"https:\/\/www.elche.es\/va\/wp-json\/wp\/v2\/posts\/355550\/revisions\/355552"}],"wp:featuredmedia":[{"embeddable":true,"href":"https:\/\/www.elche.es\/va\/wp-json\/wp\/v2\/media\/355458"}],"wp:attachment":[{"href":"https:\/\/www.elche.es\/va\/wp-json\/wp\/v2\/media?parent=355550"}],"wp:term":[{"taxonomy":"category","embeddable":true,"href":"https:\/\/www.elche.es\/va\/wp-json\/wp\/v2\/categories?post=355550"},{"taxonomy":"post_tag","embeddable":true,"href":"https:\/\/www.elche.es\/va\/wp-json\/wp\/v2\/tags?post=355550"}],"curies":[{"name":"wp","href":"https:\/\/api.w.org\/{rel}","templated":true}]}}