{"id":355553,"date":"2026-04-20T14:11:20","date_gmt":"2026-04-20T12:11:20","guid":{"rendered":"https:\/\/www.elche.es\/2026\/04\/inici-de-la-recuperacio-i-museitzacio-dels-banys-arabs-al-costat-del-mercat-central\/"},"modified":"2026-04-20T14:11:45","modified_gmt":"2026-04-20T12:11:45","slug":"inici-de-la-recuperacio-i-museitzacio-dels-banys-arabs-al-costat-del-mercat-central","status":"publish","type":"post","link":"https:\/\/www.elche.es\/va\/2026\/04\/inici-de-la-recuperacio-i-museitzacio-dels-banys-arabs-al-costat-del-mercat-central\/","title":{"rendered":"Inici de la recuperaci\u00f3 i muse\u00eftzaci\u00f3 dels Banys \u00c0rabs al costat del Mercat Central"},"content":{"rendered":"<div class=\"wpb-content-wrapper\"><p>[vc_row el_id=&#8221;SUBTITULAR_NOTICIA&#8221;][vc_column][vc_column_text css=&#8221;&#8221;]<\/p>\n<hr>\n<h4>L&#8217;Ajuntament rep l&#8217;autoritzaci\u00f3 de la Conselleria de Cultura al projecte d&#8217;intervenci\u00f3 arquitect\u00f2nica, arqueol\u00f2gica i posada en valor<\/h4>\n<hr>\n<p>[\/vc_column_text][\/vc_column][\/vc_row][vc_row el_id=&#8221;TEXTO_NOTICIA&#8221;][vc_column][vc_column_text css=&#8221;&#8221;]<\/p>\n<p>L&#8217;Ajuntament d&#8217;Elx ha rebut l&#8217;autoritzaci\u00f3 de la Conselleria de Cultura per a iniciar la recuperaci\u00f3 i muse\u00eftzaci\u00f3 dels Banys \u00c0rabs al costat del Mercat Central.<\/p>\n<p>L&#8217;edil d&#8217;Estrat\u00e8gia Municipal, Francisco Soler, ha assenyalat que el passat 1 d&#8217;abril es va donar llum verda al projecte d&#8217;intervenci\u00f3 arquitect\u00f2nica, arqueol\u00f2gica del projecte de restauraci\u00f3, protecci\u00f3 i posada en valor dels Banys \u00c0rabs situats a l&#8217;entorn del Mercat Central, juntament amb el projecte de muse\u00eftzaci\u00f3.<\/p>\n<p>[\/vc_column_text][\/vc_column][\/vc_row][vc_row el_id=&#8221;DESTACADO_NOTICIA&#8221;][vc_column][vc_column_text css=&#8221;&#8221; el_class=&#8221;cuadronoticia&#8221;]<\/p>\n<h5>L&#8217;empresa adjudicat\u00e0ria ha comen\u00e7at la intervenci\u00f3 amb el desmuntatge de la teulada i la crugia de la pla\u00e7a de Dalt<\/h5>\n<p>[\/vc_column_text][\/vc_column][\/vc_row][vc_row el_id=&#8221;TEXTO_FIN_NOTICIA&#8221;][vc_column][vc_column_text css=&#8221;&#8221;]<\/p>\n<p>Soler ha indicat que esta setmana l&#8217;empresa adjudicat\u00e0ria de les obres del Mercat Central ha comen\u00e7at a intervindre en els Banys \u00c0rabs amb el desmuntatge de la teulada i de la crugia de la pla\u00e7a de Dalt, ja que el projecte de rehabilitaci\u00f3 incorpora la reculada de la fa\u00e7ana. D&#8217;esta manera, s&#8217;ha ampliat el tancat perimetral en tot l&#8217;entorn.<\/p>\n<p>Els treballs continuaran amb la resta d&#8217;excavacions arqueol\u00f2giques en l&#8217;exterior del Mercat Central despr\u00e9s del desmuntatge de la crugia, alhora que es duen a terme els treballs a l&#8217;interior.<\/p>\n<p>Segons Soler, \u201caix\u00f2 \u00e9s un pas important perqu\u00e8 el nou Mercat Central siga una realitat al desembre d&#8217;enguany\u201d.<\/p>\n<hr>\n<p>[\/vc_column_text][\/vc_column][\/vc_row][vc_row][vc_column width=&#8221;1\/6&#8243;][\/vc_column][vc_column width=&#8221;2\/3&#8243;]<\/p>\n<audio class=\"sc_audio\" src=\"https:\/\/soundcloud.com\/ayuntamiento-de-elche\/inicio-de-la-recuperacion-y\" width=\"\" height=\"\" style=\"````\"><\/audio>\n<p>[\/vc_column][vc_column width=&#8221;1\/6&#8243;][\/vc_column][\/vc_row]<\/p>\n<\/div>","protected":false},"excerpt":{"rendered":"<p>[vc_row el_id=&#8221;SUBTITULAR_NOTICIA&#8221;][vc_column][vc_column_text css=&#8221;&#8221;] L&#8217;Ajuntament rep l&#8217;autoritzaci\u00f3 de la Conselleria de Cultura al projecte d&#8217;intervenci\u00f3 arquitect\u00f2nica, arqueol\u00f2gica i posada en valor [\/vc_column_text][\/vc_column][\/vc_row][vc_row el_id=&#8221;TEXTO_NOTICIA&#8221;][vc_column][vc_column_text css=&#8221;&#8221;] L&#8217;Ajuntament d&#8217;Elx ha rebut l&#8217;autoritzaci\u00f3 de la [&hellip;]<\/p>\n","protected":false},"author":203,"featured_media":355463,"comment_status":"closed","ping_status":"closed","sticky":false,"template":"","format":"standard","meta":{"footnotes":""},"categories":[391,1312,210],"tags":[],"class_list":["post-355553","post","type-post","status-publish","format-standard","has-post-thumbnail","hentry","category-home-va","category-noticias-va","category-urbanisme-va"],"_links":{"self":[{"href":"https:\/\/www.elche.es\/va\/wp-json\/wp\/v2\/posts\/355553","targetHints":{"allow":["GET"]}}],"collection":[{"href":"https:\/\/www.elche.es\/va\/wp-json\/wp\/v2\/posts"}],"about":[{"href":"https:\/\/www.elche.es\/va\/wp-json\/wp\/v2\/types\/post"}],"author":[{"embeddable":true,"href":"https:\/\/www.elche.es\/va\/wp-json\/wp\/v2\/users\/203"}],"replies":[{"embeddable":true,"href":"https:\/\/www.elche.es\/va\/wp-json\/wp\/v2\/comments?post=355553"}],"version-history":[{"count":5,"href":"https:\/\/www.elche.es\/va\/wp-json\/wp\/v2\/posts\/355553\/revisions"}],"predecessor-version":[{"id":355558,"href":"https:\/\/www.elche.es\/va\/wp-json\/wp\/v2\/posts\/355553\/revisions\/355558"}],"wp:featuredmedia":[{"embeddable":true,"href":"https:\/\/www.elche.es\/va\/wp-json\/wp\/v2\/media\/355463"}],"wp:attachment":[{"href":"https:\/\/www.elche.es\/va\/wp-json\/wp\/v2\/media?parent=355553"}],"wp:term":[{"taxonomy":"category","embeddable":true,"href":"https:\/\/www.elche.es\/va\/wp-json\/wp\/v2\/categories?post=355553"},{"taxonomy":"post_tag","embeddable":true,"href":"https:\/\/www.elche.es\/va\/wp-json\/wp\/v2\/tags?post=355553"}],"curies":[{"name":"wp","href":"https:\/\/api.w.org\/{rel}","templated":true}]}}