{"id":355597,"date":"2026-04-21T08:59:20","date_gmt":"2026-04-21T06:59:20","guid":{"rendered":"https:\/\/www.elche.es\/2026\/04\/el-vicealcalde-francisco-soler-rep-el-premi-del-rotary-club-elx-a-la-trajectoria-professional\/"},"modified":"2026-04-21T08:59:43","modified_gmt":"2026-04-21T06:59:43","slug":"el-vicealcalde-francisco-soler-rep-el-premi-del-rotary-club-elx-a-la-trajectoria-professional","status":"publish","type":"post","link":"https:\/\/www.elche.es\/va\/2026\/04\/el-vicealcalde-francisco-soler-rep-el-premi-del-rotary-club-elx-a-la-trajectoria-professional\/","title":{"rendered":"El vicealcalde Francisco Soler rep el premi del Rotary Club Elx a la traject\u00f2ria professional"},"content":{"rendered":"<div class=\"wpb-content-wrapper\"><p>[vc_row el_id=&#8221;SUBTITULAR_NOTICIA&#8221;][vc_column][vc_column_text css=&#8221;&#8221;]<\/p>\n<hr \/>\n<h4>En l&#8217;actualitat \u00e9s tresorer de Rotary Club, membre del Consell d&#8217;Administraci\u00f3 d&#8217;IFA-Fira Alacant i vicepresident del Consell d&#8217;Administraci\u00f3 de Pimesa<\/h4>\n<hr \/>\n<p>[\/vc_column_text][\/vc_column][\/vc_row][vc_row el_id=&#8221;TEXTO_NOTICIA&#8221;][vc_column][vc_column_text css=&#8221;&#8221;]El vicealcalde i edil d&#8217;Estrat\u00e8gia Municipal, Francisco Soler, rep esta nit el Premi a la Traject\u00f2ria Professional en el Sopar de Gala del Rotary Club Elx per l&#8217;escultura dels valors empresarials, en benefici de la Fundaci\u00f3 Salut Infantil.<\/p>\n<p>Soler \u00e9s llicenciat en Dret i soci-director de FJ. SOLER &amp; ASSOCIATS (Consultora jur\u00eddica i econ\u00f2mica), aix\u00ed com d&#8217;AUDIBERS AUDITORS (empresa d&#8217;auditoria), m\u00e0ster en Dret Tributari i Assessoria Fiscal i en Auditoria de Comptes i expert comptable acreditat inscrit en el Registre d&#8217;Economistes Comptables.<\/p>\n<p>En l&#8217;actualitat \u00e9s membre l&#8217;associaci\u00f3 d&#8217;experts en compliment normatiu, tresorer del Rotary Club d&#8217;Elx, vicepresident i tresorer del Club\u00a0 N\u00e0utic de Santa Pola, membre del Consell d&#8217;Administraci\u00f3 d&#8217;IFA-FIRA ALACANT i vicepresident del Consell d&#8217;Administraci\u00f3 de PIMESA.[\/vc_column_text][\/vc_column][\/vc_row][vc_row el_id=&#8221;DESTACADO_NOTICIA&#8221;][vc_column][vc_column_text css=&#8221;&#8221; el_class=&#8221;cuadronoticia&#8221;]<\/p>\n<h5>Durant el sopar tamb\u00e9 es reconeixer\u00e0 Jos\u00e9 Navarro Pomares, fundador de l&#8217;empresa de cal\u00e7at Gioseppo<\/h5>\n<p>[\/vc_column_text][\/vc_column][\/vc_row][vc_row el_id=&#8221;TEXTO_FIN_NOTICIA&#8221;][vc_column][vc_column_text css=&#8221;&#8221;]Durant la seua dilatada traject\u00f2ria professional ha format part del Consell Social i de la Junta de Govern de la Universitat Miguel Hern\u00e1ndez d&#8217;Elx, de la qual ha a m\u00e9s ha sigut vicepresident del Patronat i Consell Executiu de la Fundaci\u00f3 Qu\u00f2rum Parc Cient\u00edfic.<\/p>\n<p>D&#8217;altra banda, ha sigut vicepresident d&#8217;Assessors Fiscals de la Comunitat Valenciana i delegat provincial d&#8217;Alacant d&#8217;Assessors Fiscals de la Comunitat Valenciana, tresorer de CEPYME Alacant i membre de la junta directiva de l&#8217;Associaci\u00f3 de Terciari Avan\u00e7at.<\/p>\n<p>Durant el sopar tamb\u00e9 es reconeixer\u00e0 Jos\u00e9 Navarro Pomares, fundador de l&#8217;empresa de cal\u00e7at Gioseppo.<\/p>\n<hr \/>\n<p>[\/vc_column_text][\/vc_column][\/vc_row][vc_row][vc_column width=&#8221;1\/6&#8243;][\/vc_column][vc_column width=&#8221;2\/3&#8243;]<audio class=\"sc_audio\" src=\"\" width=\"\" height=\"\"><\/audio>[\/vc_column][vc_column width=&#8221;1\/6&#8243;][\/vc_column][\/vc_row]<\/p>\n<\/div>","protected":false},"excerpt":{"rendered":"<p>[vc_row el_id=&#8221;SUBTITULAR_NOTICIA&#8221;][vc_column][vc_column_text css=&#8221;&#8221;] En l&#8217;actualitat \u00e9s tresorer de Rotary Club, membre del Consell d&#8217;Administraci\u00f3 d&#8217;IFA-Fira Alacant i vicepresident del Consell d&#8217;Administraci\u00f3 de Pimesa [\/vc_column_text][\/vc_column][\/vc_row][vc_row el_id=&#8221;TEXTO_NOTICIA&#8221;][vc_column][vc_column_text css=&#8221;&#8221;]El vicealcalde i edil d&#8217;Estrat\u00e8gia [&hellip;]<\/p>\n","protected":false},"author":203,"featured_media":355468,"comment_status":"closed","ping_status":"closed","sticky":false,"template":"","format":"standard","meta":{"footnotes":""},"categories":[2768,391,1312],"tags":[],"class_list":["post-355597","post","type-post","status-publish","format-standard","has-post-thumbnail","hentry","category-alcaldia-va","category-home-va","category-noticias-va"],"_links":{"self":[{"href":"https:\/\/www.elche.es\/va\/wp-json\/wp\/v2\/posts\/355597","targetHints":{"allow":["GET"]}}],"collection":[{"href":"https:\/\/www.elche.es\/va\/wp-json\/wp\/v2\/posts"}],"about":[{"href":"https:\/\/www.elche.es\/va\/wp-json\/wp\/v2\/types\/post"}],"author":[{"embeddable":true,"href":"https:\/\/www.elche.es\/va\/wp-json\/wp\/v2\/users\/203"}],"replies":[{"embeddable":true,"href":"https:\/\/www.elche.es\/va\/wp-json\/wp\/v2\/comments?post=355597"}],"version-history":[{"count":2,"href":"https:\/\/www.elche.es\/va\/wp-json\/wp\/v2\/posts\/355597\/revisions"}],"predecessor-version":[{"id":355599,"href":"https:\/\/www.elche.es\/va\/wp-json\/wp\/v2\/posts\/355597\/revisions\/355599"}],"wp:featuredmedia":[{"embeddable":true,"href":"https:\/\/www.elche.es\/va\/wp-json\/wp\/v2\/media\/355468"}],"wp:attachment":[{"href":"https:\/\/www.elche.es\/va\/wp-json\/wp\/v2\/media?parent=355597"}],"wp:term":[{"taxonomy":"category","embeddable":true,"href":"https:\/\/www.elche.es\/va\/wp-json\/wp\/v2\/categories?post=355597"},{"taxonomy":"post_tag","embeddable":true,"href":"https:\/\/www.elche.es\/va\/wp-json\/wp\/v2\/tags?post=355597"}],"curies":[{"name":"wp","href":"https:\/\/api.w.org\/{rel}","templated":true}]}}