{"id":355600,"date":"2026-04-21T09:11:46","date_gmt":"2026-04-21T07:11:46","guid":{"rendered":"https:\/\/www.elche.es\/2026\/04\/limpacte-de-la-capital-mediterrania-de-lesport-superara-els-500-000-euros-en-els-proxims-15-dies\/"},"modified":"2026-04-21T09:11:57","modified_gmt":"2026-04-21T07:11:57","slug":"limpacte-de-la-capital-mediterrania-de-lesport-superara-els-500-000-euros-en-els-proxims-15-dies","status":"publish","type":"post","link":"https:\/\/www.elche.es\/va\/2026\/04\/limpacte-de-la-capital-mediterrania-de-lesport-superara-els-500-000-euros-en-els-proxims-15-dies\/","title":{"rendered":"L&#8217;impacte de la Capital Mediterr\u00e0nia de l&#8217;Esport superar\u00e0 els 500.000 euros en els pr\u00f2xims 15 dies"},"content":{"rendered":"<div class=\"wpb-content-wrapper\"><p>[vc_row el_id=&#8221;SUBTITULAR_NOTICIA&#8221;][vc_column][vc_column_text css=&#8221;&#8221;]<\/p>\n<hr \/>\n<h4>Durant estes dos setmanes la ciutat acull m\u00e9s de 10 disciplines esportives, amb diversos campionats auton\u00f2mics, nacionals i internacionals<\/h4>\n<hr \/>\n<p>[\/vc_column_text][\/vc_column][\/vc_row][vc_row el_id=&#8221;TEXTO_NOTICIA&#8221;][vc_column][vc_column_text css=&#8221;&#8221;]L&#8217;edil d&#8217;Esports, J. Antonio Rom\u00e1n, ha assegurat que Elx viur\u00e0 en la segona quinzena d&#8217;abril un intens calendari esportiu amb la celebraci\u00f3 de nombrosos campionats auton\u00f2mics, nacionals i internacionals a m\u00e9s de partits d&#8217;ascens d&#8217;equips s\u00e8nior a categories nacionals en una desena de modalitats esportives. Nombrosos esdeveniments emmarcats en la Capitalitat Mediterr\u00e0nia de l&#8217;Esport 2026 i que suposar\u00e0 un impacte econ\u00f2mic a la ciutat de m\u00e9s de 500.000 euros.<\/p>\n<p>Segons Rom\u00e1n, \u201cElx es troba en un moment esportiu com mai abans en la seua hist\u00f2ria, amb nombrosos esdeveniments esportius en els pr\u00f2xims dies que donen bon compte de la import\u00e0ncia d&#8217;esta ciutat com a Capital Mediterr\u00e0nia de l&#8217;Esport\u201d.[\/vc_column_text][\/vc_column][\/vc_row][vc_row el_id=&#8221;DESTACADO_NOTICIA&#8221;][vc_column][vc_column_text css=&#8221;&#8221; el_class=&#8221;cuadronoticia&#8221;]<\/p>\n<h5>Segons l&#8217;edil de l&#8217;\u00e0rea, J. Antonio Rom\u00e1n, \u201cElx es troba en el millor moment esportiu de la seua hist\u00f2ria\u201d<\/h5>\n<p>[\/vc_column_text][\/vc_column][\/vc_row][vc_row el_id=&#8221;TEXTO_FIN_NOTICIA&#8221;][vc_column][vc_column_text css=&#8221;&#8221;]L&#8217;edil ha assenyalat que durant estos 15 dies Elx acollir\u00e0 el Campionat de Rugbi Inclusiu Internacional, la Fase Final Auton\u00f2mica de Voleibol alev\u00ed i benjam\u00ed a la qual assistiran prop de 1.500 esportistes o el campionat d&#8217;Espanya d&#8217;apnea indoor amb la pres\u00e8ncia de la il\u00b7licitana Isabel S\u00e1nchez-Aran, que garantix m\u00e9s de 4.500 pernoctacions i amb aix\u00f2 un ple t\u00e8cnic en el sector hoteler.<\/p>\n<p>Segons Rom\u00e1n, \u201cens trobem davant un moment alt\u00edssim de l&#8217;esport il\u00b7licit\u00e0 com a Capital Mediterr\u00e0nia de l&#8217;Esport que som i tot aix\u00f2 gr\u00e0cies a una alian\u00e7a estrat\u00e8gica entre Ajuntament d&#8217;Elx, Universitat Miguel Hern\u00e1ndez i Fundaci\u00f3 de l&#8217;Esport Il\u00b7licit\u00e0, juntament amb els clubs locals.<\/p>\n<hr \/>\n<p>[\/vc_column_text][\/vc_column][\/vc_row][vc_row][vc_column width=&#8221;1\/6&#8243;][\/vc_column][vc_column width=&#8221;2\/3&#8243;]<audio class=\"sc_audio\" src=\"https:\/\/soundcloud.com\/ayuntamiento-de-elche\/eventos-en-elche-con-motivo-de\" width=\"\" height=\"\" style=\"````\"><\/audio>[\/vc_column][vc_column width=&#8221;1\/6&#8243;][\/vc_column][\/vc_row]<\/p>\n<\/div>","protected":false},"excerpt":{"rendered":"<p>[vc_row el_id=&#8221;SUBTITULAR_NOTICIA&#8221;][vc_column][vc_column_text css=&#8221;&#8221;] Durant estes dos setmanes la ciutat acull m\u00e9s de 10 disciplines esportives, amb diversos campionats auton\u00f2mics, nacionals i internacionals [\/vc_column_text][\/vc_column][\/vc_row][vc_row el_id=&#8221;TEXTO_NOTICIA&#8221;][vc_column][vc_column_text css=&#8221;&#8221;]L&#8217;edil d&#8217;Esports, J. Antonio Rom\u00e1n, ha [&hellip;]<\/p>\n","protected":false},"author":203,"featured_media":355473,"comment_status":"closed","ping_status":"closed","sticky":false,"template":"","format":"standard","meta":{"footnotes":""},"categories":[187,391,1312],"tags":[],"class_list":["post-355600","post","type-post","status-publish","format-standard","has-post-thumbnail","hentry","category-esports","category-home-va","category-noticias-va"],"_links":{"self":[{"href":"https:\/\/www.elche.es\/va\/wp-json\/wp\/v2\/posts\/355600","targetHints":{"allow":["GET"]}}],"collection":[{"href":"https:\/\/www.elche.es\/va\/wp-json\/wp\/v2\/posts"}],"about":[{"href":"https:\/\/www.elche.es\/va\/wp-json\/wp\/v2\/types\/post"}],"author":[{"embeddable":true,"href":"https:\/\/www.elche.es\/va\/wp-json\/wp\/v2\/users\/203"}],"replies":[{"embeddable":true,"href":"https:\/\/www.elche.es\/va\/wp-json\/wp\/v2\/comments?post=355600"}],"version-history":[{"count":2,"href":"https:\/\/www.elche.es\/va\/wp-json\/wp\/v2\/posts\/355600\/revisions"}],"predecessor-version":[{"id":355602,"href":"https:\/\/www.elche.es\/va\/wp-json\/wp\/v2\/posts\/355600\/revisions\/355602"}],"wp:featuredmedia":[{"embeddable":true,"href":"https:\/\/www.elche.es\/va\/wp-json\/wp\/v2\/media\/355473"}],"wp:attachment":[{"href":"https:\/\/www.elche.es\/va\/wp-json\/wp\/v2\/media?parent=355600"}],"wp:term":[{"taxonomy":"category","embeddable":true,"href":"https:\/\/www.elche.es\/va\/wp-json\/wp\/v2\/categories?post=355600"},{"taxonomy":"post_tag","embeddable":true,"href":"https:\/\/www.elche.es\/va\/wp-json\/wp\/v2\/tags?post=355600"}],"curies":[{"name":"wp","href":"https:\/\/api.w.org\/{rel}","templated":true}]}}