{"id":355609,"date":"2026-04-21T09:28:17","date_gmt":"2026-04-21T07:28:17","guid":{"rendered":"https:\/\/www.elche.es\/2026\/04\/elx-acull-el-iii-congres-nacional-dintel%c2%b7ligencia-artificial-en-infermeria\/"},"modified":"2026-04-21T09:28:31","modified_gmt":"2026-04-21T07:28:31","slug":"elx-acull-el-iii-congres-nacional-dintel%c2%b7ligencia-artificial-en-infermeria","status":"publish","type":"post","link":"https:\/\/www.elche.es\/va\/2026\/04\/elx-acull-el-iii-congres-nacional-dintel%c2%b7ligencia-artificial-en-infermeria\/","title":{"rendered":"Elx acull el III Congr\u00e9s Nacional d&#8217;Intel\u00b7lig\u00e8ncia Artificial en Infermeria"},"content":{"rendered":"<div class=\"wpb-content-wrapper\"><p>[vc_row el_id=&#8221;SUBTITULAR_NOTICIA&#8221;][vc_column][vc_column_text css=&#8221;&#8221;]<\/p>\n<hr \/>\n<h4>L&#8217;esdeveniment se celebrar\u00e0 del 23 al 25 d&#8217;abril en el Centre de Congressos i abordar\u00e0 l&#8217;\u00fas de la IA en l&#8217;\u00e0mbit sanitari sota el lema \u201cTreballant en equip amb la IA\u201d<\/h4>\n<hr \/>\n<p>[\/vc_column_text][\/vc_column][\/vc_row][vc_row el_id=&#8221;TEXTO_NOTICIA&#8221;][vc_column][vc_column_text css=&#8221;&#8221;]El Centre de Congressos d&#8217;Elx acull del 23 al 25 d&#8217;abril el III Congr\u00e9s Nacional d&#8217;Intel\u00b7lig\u00e8ncia Artificial aplicada a la Infermeria, una cita organitzada pel Col\u00b7legi d&#8217;Infermeria d&#8217;Alacant i IAcademia, amb la col\u00b7laboraci\u00f3 de l&#8217;Ajuntament, que convertir\u00e0 la ciutat en punt de trobada de professionals sanitaris interessats en la transformaci\u00f3 digital del sector.<\/p>\n<p>El congr\u00e9s, que es desenrotllar\u00e0 entre el Centre de Congressos \u201cCiutat d\u2019Elx\u201d i la Universitat CEU Cardenal Herrera, girar\u00e0 entorn del lema \u201cTreballant en equip amb la IA\u201d i t\u00e9 com a objectiu principal mostrar el potencial de la intel\u00b7lig\u00e8ncia artificial com a ferramenta de suport per a millorar la qualitat assistencial, optimitzar processos i refor\u00e7ar el paper del personal d&#8217;infermeria.<\/p>\n<p>L&#8217;edil de Sanitat, Inma Mora, ha destacat que \u201cl&#8217;objectiu d&#8217;este esdeveniment \u00e9s convertir-lo en un punt de trobada per a totes aquelles persones que vulguen aprofitar el potencial de la IA aplicada en l&#8217;\u00e0mbit de la infermeria i mostrar com pot millorar diferents aspectes del treball diari d&#8217;estos professionals\u201d.[\/vc_column_text][\/vc_column][\/vc_row][vc_row el_id=&#8221;DESTACADO_NOTICIA&#8221;][vc_column][vc_column_text css=&#8221;&#8221; el_class=&#8221;cuadronoticia&#8221;]<\/p>\n<h5>A m\u00e9s s&#8217;impartiran tallers precongressuals en la Universitat CEU Cardenal Herrera, tallers, pon\u00e8ncies i taules redones amb experts nacionals i internacionals<\/h5>\n<p>[\/vc_column_text][\/vc_column][\/vc_row][vc_row el_id=&#8221;TEXTO_FIN_NOTICIA&#8221;][vc_column][vc_column_text css=&#8221;&#8221;]El programa arrancar\u00e0 el dia 23 amb tallers precongressuals, en el CEU Cardenal Herrera, centrats en l&#8217;aplicaci\u00f3 pr\u00e0ctica de la IA en \u00e0mbits com la doc\u00e8ncia, la investigaci\u00f3, la salut metab\u00f2lica o el desenrotllament d&#8217;aplicacions, mentres que el congr\u00e9s tindr\u00e0 lloc els dies 24 i 25 amb confer\u00e8ncies, taules redones i sessions divulgatives.<\/p>\n<p>Un dels moments m\u00e9s destacats ser\u00e0 la confer\u00e8ncia inaugural a c\u00e0rrec de Ra\u00fal Ord\u00f3\u00f1ez (@jaspeante), expert en intel\u00b7lig\u00e8ncia artificial aplicada a negoci i divulgador amb \u00e0mplia traject\u00f2ria, que oferir\u00e0 una visi\u00f3 accessible sobre la integraci\u00f3 d&#8217;esta tecnologia en l&#8217;\u00e0mbit sanitari.<\/p>\n<p>La presidenta del Col\u00b7legi d&#8217;Infermeria d&#8217;Alacant, Montserrat Angulo, ha subratllat que \u201cla intel\u00b7lig\u00e8ncia artificial ja est\u00e0 present en el nostre dia a dia i formar-s&#8217;hi no \u00e9s una opci\u00f3, sin\u00f3 una necessitat professional, \u00e8tica i assistencial\u201d. En este sentit, ha insistit que este tipus d&#8217;iniciatives permeten als professionals \u201cno sols adaptar-se al canvi, sin\u00f3 liderar-lo\u201d.<\/p>\n<p>Durant el congr\u00e9s tamb\u00e9 participaran destacats perfils de l&#8217;\u00e0mbit cient\u00edfic i tecnol\u00f2gic com l&#8217;onc\u00f2leg Ricardo Cubedo, la divulgadora cient\u00edfica Luc\u00eda Almagro, l&#8217;experta en ciberseguretat Mar\u00eda Aperador o l&#8217;especialista en tecnologies emergents Pau Guardiola, entre altres.<\/p>\n<p>Per part seua, el coordinador d&#8217;IAcademia, Jorge Mora, ha assenyalat que \u201cl&#8217;objectiu \u00e9s oferir una visi\u00f3 multidisciplin\u00e0ria i pr\u00e0ctica perqu\u00e8 els professionals puguen aplicar la intel\u00b7lig\u00e8ncia artificial en el seu dia a dia, optimitzant tasques i millorant l&#8217;atenci\u00f3 al pacient\u201d.<\/p>\n<hr \/>\n<p>[\/vc_column_text][\/vc_column][\/vc_row][vc_row][vc_column width=&#8221;1\/6&#8243;][\/vc_column][vc_column width=&#8221;2\/3&#8243;]<audio class=\"sc_audio\" src=\"https:\/\/soundcloud.com\/ayuntamiento-de-elche\/elche-acoge-el-iii-congreso\" width=\"\" height=\"\" style=\"````\"><\/audio>[\/vc_column][vc_column width=&#8221;1\/6&#8243;][\/vc_column][\/vc_row]<\/p>\n<\/div>","protected":false},"excerpt":{"rendered":"<p>[vc_row el_id=&#8221;SUBTITULAR_NOTICIA&#8221;][vc_column][vc_column_text css=&#8221;&#8221;] L&#8217;esdeveniment se celebrar\u00e0 del 23 al 25 d&#8217;abril en el Centre de Congressos i abordar\u00e0 l&#8217;\u00fas de la IA en l&#8217;\u00e0mbit sanitari sota el lema \u201cTreballant en [&hellip;]<\/p>\n","protected":false},"author":203,"featured_media":355499,"comment_status":"closed","ping_status":"closed","sticky":false,"template":"","format":"standard","meta":{"footnotes":""},"categories":[391,1312,893],"tags":[],"class_list":["post-355609","post","type-post","status-publish","format-standard","has-post-thumbnail","hentry","category-home-va","category-noticias-va","category-sanidad-va"],"_links":{"self":[{"href":"https:\/\/www.elche.es\/va\/wp-json\/wp\/v2\/posts\/355609","targetHints":{"allow":["GET"]}}],"collection":[{"href":"https:\/\/www.elche.es\/va\/wp-json\/wp\/v2\/posts"}],"about":[{"href":"https:\/\/www.elche.es\/va\/wp-json\/wp\/v2\/types\/post"}],"author":[{"embeddable":true,"href":"https:\/\/www.elche.es\/va\/wp-json\/wp\/v2\/users\/203"}],"replies":[{"embeddable":true,"href":"https:\/\/www.elche.es\/va\/wp-json\/wp\/v2\/comments?post=355609"}],"version-history":[{"count":2,"href":"https:\/\/www.elche.es\/va\/wp-json\/wp\/v2\/posts\/355609\/revisions"}],"predecessor-version":[{"id":355611,"href":"https:\/\/www.elche.es\/va\/wp-json\/wp\/v2\/posts\/355609\/revisions\/355611"}],"wp:featuredmedia":[{"embeddable":true,"href":"https:\/\/www.elche.es\/va\/wp-json\/wp\/v2\/media\/355499"}],"wp:attachment":[{"href":"https:\/\/www.elche.es\/va\/wp-json\/wp\/v2\/media?parent=355609"}],"wp:term":[{"taxonomy":"category","embeddable":true,"href":"https:\/\/www.elche.es\/va\/wp-json\/wp\/v2\/categories?post=355609"},{"taxonomy":"post_tag","embeddable":true,"href":"https:\/\/www.elche.es\/va\/wp-json\/wp\/v2\/tags?post=355609"}],"curies":[{"name":"wp","href":"https:\/\/api.w.org\/{rel}","templated":true}]}}