{"id":355615,"date":"2026-04-21T09:42:51","date_gmt":"2026-04-21T07:42:51","guid":{"rendered":"https:\/\/www.elche.es\/2026\/04\/elx-celebra-el-dia-del-llibre-amb-lalliberament-de-1-300-exemplars-per-tot-el-municipi\/"},"modified":"2026-04-21T09:43:01","modified_gmt":"2026-04-21T07:43:01","slug":"elx-celebra-el-dia-del-llibre-amb-lalliberament-de-1-300-exemplars-per-tot-el-municipi","status":"publish","type":"post","link":"https:\/\/www.elche.es\/va\/2026\/04\/elx-celebra-el-dia-del-llibre-amb-lalliberament-de-1-300-exemplars-per-tot-el-municipi\/","title":{"rendered":"Elx celebra el Dia del Llibre amb l&#8217;alliberament de 1.300 exemplars per tot el municipi"},"content":{"rendered":"<div class=\"wpb-content-wrapper\"><p>[vc_row el_id=&#8221;SUBTITULAR_NOTICIA&#8221;][vc_column][vc_column_text css=&#8221;&#8221;]<\/p>\n<hr \/>\n<h4>L&#8217;Ajuntament organitza una nova edici\u00f3 del <em>bookcrossing<\/em> amb el repartiment de llibres en 24 punts del nucli urb\u00e0 i pedanies<\/h4>\n<hr \/>\n<p>[\/vc_column_text][\/vc_column][\/vc_row][vc_row el_id=&#8221;TEXTO_NOTICIA&#8221;][vc_column][vc_column_text css=&#8221;&#8221;]El pr\u00f2xim 23 d&#8217;abril \u00e9s el Dia del Llibre i per este motiu les Biblioteques Municipals d&#8217;Elx han organitzat una nova edici\u00f3 del <em>bookcrossing<\/em>, una iniciativa que consistix a deixar llibres en diferents llocs p\u00fablics perqu\u00e8 altres persones els lligen i aix\u00ed fomentar l&#8217;h\u00e0bit de la lectura entre els il\u00b7licitans, majors i xicotets.<\/p>\n<p>En esta XVI edici\u00f3 es repartiran al voltant de 1.300 llibres en 24 punts: 16 en el nucli urb\u00e0, cas de la pla\u00e7a de Baix, la Glorieta, la pla\u00e7a de Castella o la pla\u00e7a 1 de Maig, a m\u00e9s d&#8217;en 8 en pedanies com Torrellano, l&#8217;Altet, la Foia, la Marina, la Baia o Vallverde, amb la novetat este any dels Arenals del Sol.<\/p>\n<p>L&#8217;edil de Biblioteques, Loli Serna, ha explicat que el lector que trobe el llibre, despr\u00e9s de llegir-lo, pot registrar la seua opini\u00f3 en la p\u00e0gina web www.bookcrossing.com per a despr\u00e9s alliberar-lo i que continue circulant. Estos exemplars porten una etiqueta identificativa i s\u00f3n f\u00e0cilment recognoscibles. \u201cS&#8217;alliberaran llibres de narrativa i mat\u00e8ries d&#8217;adults, per\u00f2 tamb\u00e9 infantil i juvenil, en castell\u00e0 i valenci\u00e0, i publicacions locals\u201d, ha assenyalat.[\/vc_column_text][\/vc_column][\/vc_row][vc_row el_id=&#8221;DESTACADO_NOTICIA&#8221;][vc_column][vc_column_text css=&#8221;&#8221; el_class=&#8221;cuadronoticia&#8221;]<\/p>\n<h5>El dia 23 d&#8217;abril al mat\u00ed s&#8217;instal\u00b7lar\u00e0 el Bibliob\u00fas a la pla\u00e7a de Baix perqu\u00e8 els il\u00b7licitans el coneguen<\/h5>\n<p>[\/vc_column_text][\/vc_column][\/vc_row][vc_row el_id=&#8221;TEXTO_FIN_NOTICIA&#8221;][vc_column][vc_column_text css=&#8221;&#8221;]A prop\u00f2sit del Dia del Llibre, la Xarxa de Biblioteques ha organitzat altres activitats durant el mes d&#8217;abril com sessions de contes i expressi\u00f3 corporal realitzats per Sof\u00eda Castellote, dirigit a xiquets de 3 a 10 anys, en diverses biblioteques infantils-juvenils.<\/p>\n<p>Tamb\u00e9 clubs de lectura a la Biblioteca Aureli\u00e0 Ibarra amb <em>Barrios de Sangre<\/em> de Jos\u00e9 Antonio Corrales i <em>Muerte de audaces<\/em> de Diego Mateo a la biblioteca Pere Ibarra els dies 29 i 30, els dos amb inscripci\u00f3 pr\u00e8via.<\/p>\n<p>Serna ha agra\u00eft a la Regidoria de Comer\u00e7 la invitaci\u00f3 per segon any a participar amb una carpa en la Fira del Llibre, que enguany se celebrat al passeig de l&#8217;Estaci\u00f3. Al llarg del cap de setmana han passat per la carpa de Biblioteques prop de 1.600 persones en les diferents sessions i tallers organitzats, el doble que l&#8217;any anterior.<\/p>\n<p>Aix\u00ed mateix, ha destacat que m\u00e9s del 80% dels exemplars adquirits per a assortir les diferents biblioteques municipals procedixen de llibreries locals. De la mateixa manera tota la premsa subministrada s&#8217;encarrega a quioscos del municipi.<\/p>\n<hr \/>\n<p>[\/vc_column_text][\/vc_column][\/vc_row][vc_row][vc_column width=&#8221;1\/6&#8243;][\/vc_column][vc_column width=&#8221;2\/3&#8243;]<audio class=\"sc_audio\" src=\"https:\/\/soundcloud.com\/ayuntamiento-de-elche\/elche-celebra-el-dia-del-libro\" width=\"\" height=\"\" style=\"````\"><\/audio>[\/vc_column][vc_column width=&#8221;1\/6&#8243;][\/vc_column][\/vc_row]<\/p>\n<\/div>","protected":false},"excerpt":{"rendered":"<p>[vc_row el_id=&#8221;SUBTITULAR_NOTICIA&#8221;][vc_column][vc_column_text css=&#8221;&#8221;] L&#8217;Ajuntament organitza una nova edici\u00f3 del bookcrossing amb el repartiment de llibres en 24 punts del nucli urb\u00e0 i pedanies [\/vc_column_text][\/vc_column][\/vc_row][vc_row el_id=&#8221;TEXTO_NOTICIA&#8221;][vc_column][vc_column_text css=&#8221;&#8221;]El pr\u00f2xim 23 d&#8217;abril \u00e9s [&hellip;]<\/p>\n","protected":false},"author":203,"featured_media":355504,"comment_status":"closed","ping_status":"closed","sticky":false,"template":"","format":"standard","meta":{"footnotes":""},"categories":[181,391,1312],"tags":[],"class_list":["post-355615","post","type-post","status-publish","format-standard","has-post-thumbnail","hentry","category-biblioteques-va","category-home-va","category-noticias-va"],"_links":{"self":[{"href":"https:\/\/www.elche.es\/va\/wp-json\/wp\/v2\/posts\/355615","targetHints":{"allow":["GET"]}}],"collection":[{"href":"https:\/\/www.elche.es\/va\/wp-json\/wp\/v2\/posts"}],"about":[{"href":"https:\/\/www.elche.es\/va\/wp-json\/wp\/v2\/types\/post"}],"author":[{"embeddable":true,"href":"https:\/\/www.elche.es\/va\/wp-json\/wp\/v2\/users\/203"}],"replies":[{"embeddable":true,"href":"https:\/\/www.elche.es\/va\/wp-json\/wp\/v2\/comments?post=355615"}],"version-history":[{"count":2,"href":"https:\/\/www.elche.es\/va\/wp-json\/wp\/v2\/posts\/355615\/revisions"}],"predecessor-version":[{"id":355617,"href":"https:\/\/www.elche.es\/va\/wp-json\/wp\/v2\/posts\/355615\/revisions\/355617"}],"wp:featuredmedia":[{"embeddable":true,"href":"https:\/\/www.elche.es\/va\/wp-json\/wp\/v2\/media\/355504"}],"wp:attachment":[{"href":"https:\/\/www.elche.es\/va\/wp-json\/wp\/v2\/media?parent=355615"}],"wp:term":[{"taxonomy":"category","embeddable":true,"href":"https:\/\/www.elche.es\/va\/wp-json\/wp\/v2\/categories?post=355615"},{"taxonomy":"post_tag","embeddable":true,"href":"https:\/\/www.elche.es\/va\/wp-json\/wp\/v2\/tags?post=355615"}],"curies":[{"name":"wp","href":"https:\/\/api.w.org\/{rel}","templated":true}]}}