{"id":355631,"date":"2026-04-21T11:16:53","date_gmt":"2026-04-21T09:16:53","guid":{"rendered":"https:\/\/www.elche.es\/2026\/04\/exit-de-la-fira-del-llibre-en-el-passeig-de-lestacio-amb-mes-de-30-000-visitants\/"},"modified":"2026-04-21T11:17:01","modified_gmt":"2026-04-21T09:17:01","slug":"exit-de-la-fira-del-llibre-en-el-passeig-de-lestacio-amb-mes-de-30-000-visitants","status":"publish","type":"post","link":"https:\/\/www.elche.es\/va\/2026\/04\/exit-de-la-fira-del-llibre-en-el-passeig-de-lestacio-amb-mes-de-30-000-visitants\/","title":{"rendered":"\u00c8xit de la Fira del Llibre en el passeig de l&#8217;Estaci\u00f3 amb m\u00e9s de 30.000 visitants"},"content":{"rendered":"<div class=\"wpb-content-wrapper\"><p>[vc_row el_id=&#8221;SUBTITULAR_NOTICIA&#8221;][vc_column][vc_column_text css=&#8221;&#8221;]<\/p>\n<hr \/>\n<h4>Al llarg del cap de setmana s&#8217;han registrat m\u00e9s de 10.000 exemplars venuts, 2.000 m\u00e9s que l&#8217;any anterior<\/h4>\n<hr \/>\n<p>[\/vc_column_text][\/vc_column][\/vc_row][vc_row el_id=&#8221;TEXTO_NOTICIA&#8221;][vc_column][vc_column_text css=&#8221;&#8221;]Il\u00b7licitans i visitants han gaudit durant este cap de setmana d&#8217;una nova edici\u00f3 de la Fira del Llibre d&#8217;Elx, una cita amb la literatura que enguany s&#8217;ha instal\u00b7lat en el passeig de l&#8217;Estaci\u00f3, per la qual han passat m\u00e9s de 30.000 persones des del divendres 17 d&#8217;abril a la vesprada fins al diumenge 19 d&#8217;abril al migdia.<\/p>\n<p>L&#8217;edil de Comer\u00e7, Caridad Mart\u00ednez, ha assenyalat que durant el cap de setmana es van vendre m\u00e9s de 10.000 llibres, 2.000 m\u00e9s que l&#8217;any anterior. \u201cEstem molt contents amb el gran acolliment que ha tingut enguany la Fira del Llibre en el nou empla\u00e7ament del passeig de l&#8217;Estaci\u00f3, bona mostra de l&#8217;inter\u00e9s que suscita este esdeveniment literari entre il\u00b7licitans i visitants\u201d.<\/p>\n<p>Mart\u00ednez ha agra\u00eft la implicaci\u00f3 de totes les llibreries participants, a m\u00e9s de les associacions liter\u00e0ries, autors i la Regidoria de Biblioteques que ha comptat per segon any amb una carpa per a la realitzaci\u00f3 de sessions i tallers per a tota la fam\u00edlia.<br \/>\n[\/vc_column_text][\/vc_column][\/vc_row][vc_row el_id=&#8221;DESTACADO_NOTICIA&#8221;][vc_column][vc_column_text css=&#8221;&#8221; el_class=&#8221;cuadronoticia&#8221;]<\/p>\n<h5>L&#8217;edil de Comer\u00e7, Caridad Mart\u00ednez, ha destacat la implicaci\u00f3 de les llibreries participants, associacions liter\u00e0ries i autors<\/h5>\n<p>[\/vc_column_text][\/vc_column][\/vc_row][vc_row el_id=&#8221;TEXTO_FIN_NOTICIA&#8221;][vc_column][vc_column_text css=&#8221;&#8221;]Entre els exemplars m\u00e9s venuts enguany destaquen llibres com \u201cIslandia\u201d, de Manuel Vilas; \u201cC\u00f3mo sobrevivir a las putadas de la vida\u201d, de Lorena Gasc\u00f3n; \u201cUna ni\u00f1a buena\u201d, d&#8217;Elisabeth Benavent; \u201dLa venganza de los templarios\u201d, de Bego\u00f1a Valero, a m\u00e9s de \u201cMisma vida\u201d d&#8217;Aitor Ar\u00e1ez; \u201cComer\u00e1s flores\u201d, de Luc\u00eda Solla o \u201cRoma ardiendo y t\u00fa bailando\u201d, de Miguel Gane.<\/p>\n<p>En esta edici\u00f3 es van instal\u00b7lar 15 carpes on es van situar les llibreries i associacions participants, aix\u00ed com la carpa central on es van dur a terme diferents tallers, presentacions o pon\u00e8ncies, a m\u00e9s d&#8217;una zona infantil.<\/p>\n<p>En esta ocasi\u00f3 les llibreries participants van ser Ali i Truc, CopiCarr\u00fas, L\u2019Extrem, El Salvador, S\u00e9neca Jove, Papeler\u00eda Alcudia, Campusprint Papeler\u00eda Librer\u00eda, Librer\u00eda Punto y Coma, La Pulga, Di\u00f3genes Literario, Santos, Monografic Comics\/Frikimasters, Frikimon, Librer\u00eda la Manzanera i Seneca.<\/p>\n<p>A m\u00e9s, participen les associacions Literaturelx, Lletra Violeta i Escriptors en la seua Tinta i com en anys anteriors la fira comptar\u00e0 amb una carpa de Biblioteques Municipals.<\/p>\n<p>Durant tot el cap de setmana van passar per la fira m\u00e9s de 120 autors com Juan Tall\u00f3n, Jorge Molist, Miguel Gane, Manuel Vilas, Lorena Gasc\u00f3n, V\u00edctor del \u00c1rbol o Benjam\u00edn Prado, que participaren en m\u00e9s de 200 firmes de llibres.<\/p>\n<hr \/>\n<p>[\/vc_column_text][\/vc_column][\/vc_row]<\/p>\n<\/div>","protected":false},"excerpt":{"rendered":"<p>[vc_row el_id=&#8221;SUBTITULAR_NOTICIA&#8221;][vc_column][vc_column_text css=&#8221;&#8221;] Al llarg del cap de setmana s&#8217;han registrat m\u00e9s de 10.000 exemplars venuts, 2.000 m\u00e9s que l&#8217;any anterior [\/vc_column_text][\/vc_column][\/vc_row][vc_row el_id=&#8221;TEXTO_NOTICIA&#8221;][vc_column][vc_column_text css=&#8221;&#8221;]Il\u00b7licitans i visitants han gaudit durant este [&hellip;]<\/p>\n","protected":false},"author":139,"featured_media":355516,"comment_status":"closed","ping_status":"closed","sticky":false,"template":"","format":"standard","meta":{"footnotes":""},"categories":[2636,391,1312],"tags":[],"class_list":["post-355631","post","type-post","status-publish","format-standard","has-post-thumbnail","hentry","category-comerc-va","category-home-va","category-noticias-va"],"_links":{"self":[{"href":"https:\/\/www.elche.es\/va\/wp-json\/wp\/v2\/posts\/355631","targetHints":{"allow":["GET"]}}],"collection":[{"href":"https:\/\/www.elche.es\/va\/wp-json\/wp\/v2\/posts"}],"about":[{"href":"https:\/\/www.elche.es\/va\/wp-json\/wp\/v2\/types\/post"}],"author":[{"embeddable":true,"href":"https:\/\/www.elche.es\/va\/wp-json\/wp\/v2\/users\/139"}],"replies":[{"embeddable":true,"href":"https:\/\/www.elche.es\/va\/wp-json\/wp\/v2\/comments?post=355631"}],"version-history":[{"count":2,"href":"https:\/\/www.elche.es\/va\/wp-json\/wp\/v2\/posts\/355631\/revisions"}],"predecessor-version":[{"id":355633,"href":"https:\/\/www.elche.es\/va\/wp-json\/wp\/v2\/posts\/355631\/revisions\/355633"}],"wp:featuredmedia":[{"embeddable":true,"href":"https:\/\/www.elche.es\/va\/wp-json\/wp\/v2\/media\/355516"}],"wp:attachment":[{"href":"https:\/\/www.elche.es\/va\/wp-json\/wp\/v2\/media?parent=355631"}],"wp:term":[{"taxonomy":"category","embeddable":true,"href":"https:\/\/www.elche.es\/va\/wp-json\/wp\/v2\/categories?post=355631"},{"taxonomy":"post_tag","embeddable":true,"href":"https:\/\/www.elche.es\/va\/wp-json\/wp\/v2\/tags?post=355631"}],"curies":[{"name":"wp","href":"https:\/\/api.w.org\/{rel}","templated":true}]}}