{"id":355634,"date":"2026-04-21T11:24:15","date_gmt":"2026-04-21T09:24:15","guid":{"rendered":"https:\/\/www.elche.es\/2026\/04\/comencen-les-obres-de-renovacio-integral-de-lavinguda-dalacant\/"},"modified":"2026-04-21T11:24:25","modified_gmt":"2026-04-21T09:24:25","slug":"comencen-les-obres-de-renovacio-integral-de-lavinguda-dalacant","status":"publish","type":"post","link":"https:\/\/www.elche.es\/va\/2026\/04\/comencen-les-obres-de-renovacio-integral-de-lavinguda-dalacant\/","title":{"rendered":"Comencen les obres de renovaci\u00f3 integral de l&#8217;avinguda d&#8217;Alacant"},"content":{"rendered":"<div class=\"wpb-content-wrapper\"><p>[vc_row el_id=&#8221;SUBTITULAR_NOTICIA&#8221;][vc_column][vc_column_text css=&#8221;&#8221;]<\/p>\n<hr \/>\n<h4>L&#8217;actuaci\u00f3, amb una inversi\u00f3 de m\u00e9s de 250.000 euros, contempla la substituci\u00f3 del paviment, la millora de la il\u00b7luminaci\u00f3 i la renovaci\u00f3 del mobiliari urb\u00e0<\/h4>\n<hr \/>\n<p>[\/vc_column_text][\/vc_column][\/vc_row][vc_row el_id=&#8221;TEXTO_NOTICIA&#8221;][vc_column][vc_column_text css=&#8221;&#8221;]L&#8217;Ajuntament d&#8217;Elx ha iniciat les obres de renovaci\u00f3 integral de l&#8217;avinguda d&#8217;Alacant, una actuaci\u00f3 destinada a millorar de manera completa una de les vies m\u00e9s transitades de la ciutat amb la demolici\u00f3 del paviment actual, visiblement deteriorat pel pas dels anys.<\/p>\n<p>Els treballs contemplen la substituci\u00f3 de tota la rajola existent per un nou formig\u00f3 m\u00e9s resistent i durador, a banda i banda de l&#8217;avinguda. A m\u00e9s, el projecte inclou la renovaci\u00f3 de la il\u00b7luminaci\u00f3, la creaci\u00f3 de nous escocells amb sistema de reg i la millora del mobiliari urb\u00e0.<\/p>\n<p>L&#8217;alcalde, Pablo Ruz, ha visitat les obres este dilluns juntament amb el regidor de Servicis P\u00fablics Claudio Guilabert i l&#8217;edil de Districte, Loli Serna. All\u00ed Ruz ha destacat la necessitat de la intervenci\u00f3 en tractar-se d&#8217;un espai molt deteriorat, amb m\u00e9s de 40 anys pr\u00e0cticament sense renovar, amb voreres en mal estat i nombroses defici\u00e8ncies acumulades.<br \/>\n[\/vc_column_text][\/vc_column][\/vc_row][vc_row el_id=&#8221;DESTACADO_NOTICIA&#8221;][vc_column][vc_column_text css=&#8221;&#8221; el_class=&#8221;cuadronoticia&#8221;]<\/p>\n<h5>Els treballs s&#8217;executaran per trams per a generar les m\u00ednimes mol\u00e8sties a ve\u00efns i comerciants<\/h5>\n<p>[\/vc_column_text][\/vc_column][\/vc_row][vc_row type=&#8221;flexslider_slide&#8221; interval=&#8221;5&#8243; source=&#8221;media_library&#8221; images=&#8221;&#8221; img_size=&#8221;full&#8221; external_img_size=&#8221;&#8221; onclick=&#8221;link_image&#8221; custom_links_target=&#8221;_self&#8221; el_class=&#8221;galerianoticia&#8221; title=&#8221;&#8221; custom_srcs=&#8221;&#8221; custom_links=&#8221;&#8221;][vc_column][vc_gallery type=&#8221;flexslider_slide&#8221; interval=&#8221;5&#8243; images=&#8221;355530,355532,355534,355536,355538&#8243; img_size=&#8221;full&#8221; css=&#8221;&#8221; el_class=&#8221;galerianoticia&#8221;][\/vc_column][\/vc_row][vc_row el_id=&#8221;TEXTO_FIN_NOTICIA&#8221;][vc_column][vc_column_text css=&#8221;&#8221;]En este sentit, l&#8217;alcalde ha subratllat que \u201cesta renovaci\u00f3 total transformar\u00e0 per complet la imatge de l&#8217;avinguda d&#8217;Alacant i millorar\u00e0 substancialment la qualitat de vida dels ve\u00efns\u201d.<\/p>\n<p>L&#8217;actuaci\u00f3 compta amb una inversi\u00f3 total de 253.103 euros i s&#8217;emmarca dins de l&#8217;estrat\u00e8gia municipal de renovaci\u00f3 urbana, basada en l&#8217;\u00fas de materials m\u00e9s eficients, duradors i amb una millor integraci\u00f3 est\u00e8tica en l&#8217;entorn.<\/p>\n<p>Segons ha explicat el regidor de Servicis P\u00fablics, Claudio Guilabert, les obres s&#8217;executaran per trams per a minimitzar les mol\u00e8sties. \u201cAnirem actuant de bloc en bloc per a garantir una intervenci\u00f3 \u00e0gil i ordenada\u201d. Aix\u00ed mateix, ha avan\u00e7at que esta actuaci\u00f3 forma part d&#8217;un pla m\u00e9s ampli per al barri d&#8217;Altabix, que inclour\u00e0 noves millores que s&#8217;anunciaran en les pr\u00f2ximes setmanes.<\/p>\n<p>Ruz ha demanat \u201cpaci\u00e8ncia a ve\u00efns i comerciants perqu\u00e8 tota obra genera mol\u00e8sties\u201d per\u00f2 ha insistit que \u201cera necessari actuar en esta avinguda, una de les principals art\u00e8ries de la ciutat, i el resultat final valdr\u00e0 la pena\u201d.<\/p>\n<hr \/>\n<p>[\/vc_column_text][\/vc_column][\/vc_row][vc_row][vc_column width=&#8221;1\/6&#8243;][\/vc_column][vc_column width=&#8221;2\/3&#8243;]<audio class=\"sc_audio\" src=\"https:\/\/soundcloud.com\/ayuntamiento-de-elche\/audio-pablo-ruz-6?si=30c8133e25bc4290b6bfc77de566a0b3&#038;utm_source=clipboard&#038;utm_medium=text&#038;utm_campaign=social_sharing\" width=\"\" height=\"\" style=\"````\"><\/audio>[\/vc_column][vc_column width=&#8221;1\/6&#8243;][\/vc_column][\/vc_row]<\/p>\n<\/div>","protected":false},"excerpt":{"rendered":"<p>[vc_row el_id=&#8221;SUBTITULAR_NOTICIA&#8221;][vc_column][vc_column_text css=&#8221;&#8221;] L&#8217;actuaci\u00f3, amb una inversi\u00f3 de m\u00e9s de 250.000 euros, contempla la substituci\u00f3 del paviment, la millora de la il\u00b7luminaci\u00f3 i la renovaci\u00f3 del mobiliari urb\u00e0 [\/vc_column_text][\/vc_column][\/vc_row][vc_row el_id=&#8221;TEXTO_NOTICIA&#8221;][vc_column][vc_column_text [&hellip;]<\/p>\n","protected":false},"author":139,"featured_media":355529,"comment_status":"closed","ping_status":"closed","sticky":false,"template":"","format":"standard","meta":{"footnotes":""},"categories":[391,1312,1277],"tags":[],"class_list":["post-355634","post","type-post","status-publish","format-standard","has-post-thumbnail","hentry","category-home-va","category-noticias-va","category-via-publica-va"],"_links":{"self":[{"href":"https:\/\/www.elche.es\/va\/wp-json\/wp\/v2\/posts\/355634","targetHints":{"allow":["GET"]}}],"collection":[{"href":"https:\/\/www.elche.es\/va\/wp-json\/wp\/v2\/posts"}],"about":[{"href":"https:\/\/www.elche.es\/va\/wp-json\/wp\/v2\/types\/post"}],"author":[{"embeddable":true,"href":"https:\/\/www.elche.es\/va\/wp-json\/wp\/v2\/users\/139"}],"replies":[{"embeddable":true,"href":"https:\/\/www.elche.es\/va\/wp-json\/wp\/v2\/comments?post=355634"}],"version-history":[{"count":2,"href":"https:\/\/www.elche.es\/va\/wp-json\/wp\/v2\/posts\/355634\/revisions"}],"predecessor-version":[{"id":355636,"href":"https:\/\/www.elche.es\/va\/wp-json\/wp\/v2\/posts\/355634\/revisions\/355636"}],"wp:featuredmedia":[{"embeddable":true,"href":"https:\/\/www.elche.es\/va\/wp-json\/wp\/v2\/media\/355529"}],"wp:attachment":[{"href":"https:\/\/www.elche.es\/va\/wp-json\/wp\/v2\/media?parent=355634"}],"wp:term":[{"taxonomy":"category","embeddable":true,"href":"https:\/\/www.elche.es\/va\/wp-json\/wp\/v2\/categories?post=355634"},{"taxonomy":"post_tag","embeddable":true,"href":"https:\/\/www.elche.es\/va\/wp-json\/wp\/v2\/tags?post=355634"}],"curies":[{"name":"wp","href":"https:\/\/api.w.org\/{rel}","templated":true}]}}