{"id":355638,"date":"2026-04-21T12:04:53","date_gmt":"2026-04-21T10:04:53","guid":{"rendered":"https:\/\/www.elche.es\/2026\/04\/elx-impulsa-el-futur-palau-de-congressos-amb-el-lliurament-de-premis-al-projecte-guanyador-trencadis\/"},"modified":"2026-04-21T12:05:04","modified_gmt":"2026-04-21T10:05:04","slug":"elx-impulsa-el-futur-palau-de-congressos-amb-el-lliurament-de-premis-al-projecte-guanyador-trencadis","status":"publish","type":"post","link":"https:\/\/www.elche.es\/va\/2026\/04\/elx-impulsa-el-futur-palau-de-congressos-amb-el-lliurament-de-premis-al-projecte-guanyador-trencadis\/","title":{"rendered":"Elx impulsa el futur Palau de Congressos amb el lliurament de premis al projecte guanyador \u2018Trencad\u00eds\u2019"},"content":{"rendered":"<div class=\"wpb-content-wrapper\"><p>[vc_row el_id=&#8221;SUBTITULAR_NOTICIA&#8221;][vc_column][vc_column_text css=&#8221;&#8221;]<\/p>\n<hr \/>\n<h4>La Diputaci\u00f3 d&#8217;Alacant ha acollit l&#8217;acte presidit pel president de la instituci\u00f3 provincial, Toni P\u00e9rez, i l&#8217;alcalde d&#8217;Elx, Pablo Ruz<\/h4>\n<hr \/>\n<p>[\/vc_column_text][\/vc_column][\/vc_row][vc_row el_id=&#8221;TEXTO_NOTICIA&#8221;][vc_column][vc_column_text css=&#8221;&#8221;]L&#8217;alcalde, Pablo Ruz; juntament amb la tercera tinenta d&#8217;alcalde, Aurora Rodil, l&#8217;edil de Cultura, Irene Ruiz, el regidor Estrat\u00e8gia Municipal, Francisco Soler, i el diputat provincial i regidor il\u00b7licit\u00e0 Juan de Dios Navarro; han acudit a la Diputaci\u00f3 d&#8217;Alacant a l&#8217;acte de lliurament de premis als guanyadors del Concurs Internacional d&#8217;avantprojectes per a la construcci\u00f3 del Palau de Congressos d&#8217;Elx, que va guanyar l&#8217;estudi d&#8217;arquitectura Garc\u00eda Rodr\u00edguez Alcoba SLP amb el seu disseny \u2018Trencad\u00eds\u2019.<\/p>\n<p>El Sal\u00f3 de Plens del Palau Provincial ha sigut l&#8217;escenari d&#8217;este acte que ha presidit el president de la instituci\u00f3 provincial, Toni P\u00e9rez, i en el qual tamb\u00e9 han participat l&#8217;alcalde, Pablo Ruz, la diputada d&#8217;Arquitectura, Carmen Sell\u00e9s, la vicepresidenta Ana Serna, altres diputats com Juan de Dios Navarro i Loreto Serrano.<\/p>\n<p>\u201cHui premiem un projecte que \u00e9s la base d&#8217;un important\u00edssim equipament que servir\u00e0 per a posar en valor a tots els municipis de la prov\u00edncia i, en particular, a engrandir encara m\u00e9s si cap la ciutat d&#8217;Elx\u201d, ha apuntat Sell\u00e9s.<\/p>\n<p>Per part seua, Pablo Ruz ha traslladat les seues felicitacions pels treballs presentats al concurs i als seus autors \u201cque han ent\u00e9s molt b\u00e9 el que Elx necessita\u201d atenent les seues senyes d&#8217;identitat i la seua idiosincr\u00e0sia. \u201cNecessitem este espai, que \u00e9s imprescindible per a la nostra ciutat, per a donar m\u00e9s gl\u00f2ria a Elx i a la prov\u00edncia d&#8217;Alacant\u201d, ha manifestat Ruz, que ha destacat el pes poblacional i econ\u00f2mic de la ciutat d&#8217;Elx en el conjunt de la Comunitat Valenciana.<\/p>\n<p>El disseny guanyador del certamen, firmat pels arquitectes Javier i Carlos Rodr\u00edguez Alcoba i triat entre 104 propostes, s&#8217;ha al\u00e7at amb un premi de 108.900 euros i s&#8217;encarregar\u00e0 de la redacci\u00f3 del projecte d&#8217;execuci\u00f3 i direcci\u00f3 d&#8217;obra per import de 5,3 milions d&#8217;euros. \u201cTrencad\u00eds\u201d, tal com va recon\u00e9ixer el jurat en la deliberaci\u00f3, destaca per la posici\u00f3 estrat\u00e8gica elevada sobre el carrer, la qual cosa proporciona visuals \u00e0mplies i directes sobre el palmerar i genera una relaci\u00f3 urbana m\u00e9s oberta i transversal. [\/vc_column_text][\/vc_column][\/vc_row][vc_row][vc_column][vc_single_image image=&#8221;355591&#8243; img_size=&#8221;full&#8221; onclick=&#8221;link_image&#8221; css=&#8221;&#8221;][\/vc_column][\/vc_row][vc_row el_id=&#8221;DESTACADO_NOTICIA&#8221;][vc_column][vc_column_text css=&#8221;&#8221; el_class=&#8221;cuadronoticia&#8221;]<\/p>\n<h5>En les pr\u00f2ximes setmanes, Elx acollir\u00e0 una exposici\u00f3 que arreplega els esbossos i plans dels treballs guanyadors<\/h5>\n<p>[\/vc_column_text][\/vc_column][\/vc_row][vc_row type=&#8221;flexslider_slide&#8221; interval=&#8221;5&#8243; source=&#8221;media_library&#8221; images=&#8221;&#8221; img_size=&#8221;full&#8221; external_img_size=&#8221;&#8221; onclick=&#8221;link_image&#8221; custom_links_target=&#8221;_self&#8221; el_class=&#8221;galerianoticia&#8221; title=&#8221;&#8221; custom_srcs=&#8221;&#8221; custom_links=&#8221;&#8221;][vc_column][vc_gallery type=&#8221;flexslider_slide&#8221; interval=&#8221;5&#8243; images=&#8221;355579,355581,355583,355585,355587,355589&#8243; img_size=&#8221;full&#8221; css=&#8221;&#8221; el_class=&#8221;galerianoticia&#8221;][\/vc_column][\/vc_row][vc_row el_id=&#8221;TEXTO_FIN_NOTICIA&#8221;][vc_column][vc_column_text css=&#8221;&#8221;]En este sentit, els seus autors han posat de manifest despr\u00e9s d&#8217;arreplegar el guard\u00f3 que \u201cel Palmerar d&#8217;Elx \u00e9s el gran protagonista d&#8217;esta actuaci\u00f3, ja que hem buscat que la proposta s&#8217;integrara i dialogara perfectament amb el lloc\u201d.<\/p>\n<p>\u2018Porx\u00e0\u2019 de Pablo Sequero Barrero i \u2018Juliol\u2019 de Sastrevielba SLP s\u00f3n els projectes que es van al\u00e7ar amb el segon i tercer premi respectivament, dotats amb 72.600 i 48.400 euros. Els dos acc\u00e8ssits, de 18.150 euros cada un, van anar per als dissenys \u2018Daraxa\u2019 i \u2018Bustan Al\u2019Nakhil\u2019, mentres que el jurat va concedir, a m\u00e9s, dos mencions honor\u00edfiques a les propostes \u2018Ferriol\u2019 i \u2018Mirador del Palmerar\u2019.<\/p>\n<p>Els esbossos i plans dels treballs guanyadors s&#8217;han exposat este mat\u00ed als jardins de la Diputaci\u00f3 i viatjaran posteriorment a Elx per a ser exhibits.<\/p>\n<p>Aix\u00ed mateix, est\u00e0 previst que l&#8217;Ajuntament d&#8217;Elx i la Diputaci\u00f3 d&#8217;Alacant firmen pr\u00f2ximament un conveni per a establir la col\u00b7laboraci\u00f3 econ\u00f2mica i de gesti\u00f3 d&#8217;esta infraestructura, al mateix temps que ja s&#8217;han iniciat els contactes amb l&#8217;estudi d&#8217;arquitectura guanyador del concurs per a avan\u00e7ar en la redacci\u00f3 del projecte b\u00e0sic i d&#8217;execuci\u00f3.<\/p>\n<p>El Palau de Congressos d&#8217;Elx se situar\u00e0 en una parcel\u00b7la situada al costat de l&#8217;estaci\u00f3 d&#8217;autobusos d&#8217;Elx i enfront de la UMH i el seu cost estimat \u00e9s de 50 milions d&#8217;euros.<\/p>\n<p>El futur Palau de Congressos d&#8217;Elx, que tindr\u00e0 capacitat per a m\u00e9s de 3.000 persones i una superf\u00edcie de 13.000 metres quadrats, compatibilitzar\u00e0 la celebraci\u00f3 d&#8217;esdeveniments congressuals amb usos musicals. L&#8217;actuaci\u00f3, que inclou la urbanitzaci\u00f3 de l&#8217;entorn i dels carrers adjacents, comptar\u00e0, entre altres depend\u00e8ncies, amb una sala principal de 2.000 metres quadrats i 1.200 butaques, aix\u00ed com altres cinc sales auxiliars que albergaran de 150 a 450 seients. Despatxos, cafeteria, sala de premsa, oficines, magatzems i una gran \u00e0rea d&#8217;exposici\u00f3 o vest\u00edbul de 2.000 metres quadrats integren tamb\u00e9 el centre de congressos il\u00b7licit\u00e0. Aix\u00ed mateix, s&#8217;habilitar\u00e0 un aparcament de tres plantes i 14.000 m\u00b2 per a 420 places.<\/p>\n<hr \/>\n<p>[\/vc_column_text][\/vc_column][\/vc_row][vc_row][vc_column width=&#8221;1\/6&#8243;][\/vc_column][vc_column width=&#8221;2\/3&#8243;]<audio class=\"sc_audio\" src=\"https:\/\/soundcloud.com\/ayuntamiento-de-elche\/audio-pablo-ruz-7?si=95da77a80904426cbe96effe1ba46b96&#038;utm_source=clipboard&#038;utm_medium=text&#038;utm_campaign=social_sharing\" width=\"\" height=\"\" style=\"````\"><\/audio>[\/vc_column][vc_column width=&#8221;1\/6&#8243;][\/vc_column][\/vc_row]<\/p>\n<\/div>","protected":false},"excerpt":{"rendered":"<p>[vc_row el_id=&#8221;SUBTITULAR_NOTICIA&#8221;][vc_column][vc_column_text css=&#8221;&#8221;] La Diputaci\u00f3 d&#8217;Alacant ha acollit l&#8217;acte presidit pel president de la instituci\u00f3 provincial, Toni P\u00e9rez, i l&#8217;alcalde d&#8217;Elx, Pablo Ruz [\/vc_column_text][\/vc_column][\/vc_row][vc_row el_id=&#8221;TEXTO_NOTICIA&#8221;][vc_column][vc_column_text css=&#8221;&#8221;]L&#8217;alcalde, Pablo Ruz; juntament amb [&hellip;]<\/p>\n","protected":false},"author":139,"featured_media":355578,"comment_status":"closed","ping_status":"closed","sticky":false,"template":"","format":"standard","meta":{"footnotes":""},"categories":[391,1312],"tags":[],"class_list":["post-355638","post","type-post","status-publish","format-standard","has-post-thumbnail","hentry","category-home-va","category-noticias-va"],"_links":{"self":[{"href":"https:\/\/www.elche.es\/va\/wp-json\/wp\/v2\/posts\/355638","targetHints":{"allow":["GET"]}}],"collection":[{"href":"https:\/\/www.elche.es\/va\/wp-json\/wp\/v2\/posts"}],"about":[{"href":"https:\/\/www.elche.es\/va\/wp-json\/wp\/v2\/types\/post"}],"author":[{"embeddable":true,"href":"https:\/\/www.elche.es\/va\/wp-json\/wp\/v2\/users\/139"}],"replies":[{"embeddable":true,"href":"https:\/\/www.elche.es\/va\/wp-json\/wp\/v2\/comments?post=355638"}],"version-history":[{"count":2,"href":"https:\/\/www.elche.es\/va\/wp-json\/wp\/v2\/posts\/355638\/revisions"}],"predecessor-version":[{"id":355640,"href":"https:\/\/www.elche.es\/va\/wp-json\/wp\/v2\/posts\/355638\/revisions\/355640"}],"wp:featuredmedia":[{"embeddable":true,"href":"https:\/\/www.elche.es\/va\/wp-json\/wp\/v2\/media\/355578"}],"wp:attachment":[{"href":"https:\/\/www.elche.es\/va\/wp-json\/wp\/v2\/media?parent=355638"}],"wp:term":[{"taxonomy":"category","embeddable":true,"href":"https:\/\/www.elche.es\/va\/wp-json\/wp\/v2\/categories?post=355638"},{"taxonomy":"post_tag","embeddable":true,"href":"https:\/\/www.elche.es\/va\/wp-json\/wp\/v2\/tags?post=355638"}],"curies":[{"name":"wp","href":"https:\/\/api.w.org\/{rel}","templated":true}]}}