{"id":355653,"date":"2026-04-21T14:09:46","date_gmt":"2026-04-21T12:09:46","guid":{"rendered":"https:\/\/www.elche.es\/2026\/04\/caminada-per-la-salut-arriba-a-elx-per-a-visibilitzar-la-realitat-de-les-persones-sense-diagnostic\/"},"modified":"2026-04-21T14:09:55","modified_gmt":"2026-04-21T12:09:55","slug":"caminada-per-la-salut-arriba-a-elx-per-a-visibilitzar-la-realitat-de-les-persones-sense-diagnostic","status":"publish","type":"post","link":"https:\/\/www.elche.es\/va\/2026\/04\/caminada-per-la-salut-arriba-a-elx-per-a-visibilitzar-la-realitat-de-les-persones-sense-diagnostic\/","title":{"rendered":"\u2018Caminada per la Salut\u2019 arriba a Elx per a visibilitzar la realitat de les persones sense diagn\u00f2stic"},"content":{"rendered":"<div class=\"wpb-content-wrapper\"><p>[vc_row el_id=&#8221;SUBTITULAR_NOTICIA&#8221;][vc_column][vc_column_text css=&#8221;&#8221;]<\/p>\n<hr \/>\n<h4>La marxa solid\u00e0ria de sis quil\u00f2metres organitzada per l&#8217;Associaci\u00f3 Objectiu Diagn\u00f2stic, eixir\u00e0 el 26 d&#8217;abril de l&#8217;Hospital General i finalitzar\u00e0 a l&#8217;Hospital del Vinalop\u00f3<\/h4>\n<hr \/>\n<p>[\/vc_column_text][\/vc_column][\/vc_row][vc_row el_id=&#8221;TEXTO_NOTICIA&#8221;][vc_column][vc_column_text css=&#8221;&#8221;]El pr\u00f2xim 26 d&#8217;abril a les 10.00 hores, la ciutat d&#8217;Elx ser\u00e0 escenari de la Caminada per la Salut, una iniciativa solid\u00e0ria organitzada per l&#8217;Associaci\u00f3 Objectiu Diagn\u00f2stic amb motiu de la Setmana de les Persones Sense Diagn\u00f2stic.<\/p>\n<p>El recorregut, de sis quil\u00f2metres, unir\u00e0 l&#8217;Hospital General d&#8217;Elx amb l&#8217;Hospital del Vinalop\u00f3, i simbolitza el llarg i complex cam\u00ed que recorren els pacients fins a obtindre un diagn\u00f2stic.<\/p>\n<p>El regidor d&#8217;Esports, Jos\u00e9 Antonio Rom\u00e1n, ha destacat el car\u00e0cter especial de la iniciativa. \u201cAc\u00ed el premi \u00e9s donar valor a les persones sense diagn\u00f2stic. \u00c9s una competici\u00f3, s\u00ed, per\u00f2 la nostra meta \u00e9s aconseguir visibilitat i avan\u00e7ar cap a eixe diagn\u00f2stic que tants esperen. Volem que cada metre recorregut siga un recordatori dels qui hui continuen lluitant en l&#8217;anonimat\u201d.[\/vc_column_text][\/vc_column][\/vc_row][vc_row el_id=&#8221;DESTACADO_NOTICIA&#8221;][vc_column][vc_column_text css=&#8221;&#8221; el_class=&#8221;cuadronoticia&#8221;]<\/p>\n<h5>Una iniciativa que representa el cam\u00ed llarg, complex i solitari que en moltes ocasions recorren els pacients fins a arribar a un diagn\u00f2stic<\/h5>\n<p>[\/vc_column_text][\/vc_column][\/vc_row][vc_row el_id=&#8221;TEXTO_FIN_NOTICIA&#8221;][vc_column][vc_column_text css=&#8221;&#8221;]Per part seua, la presidenta de l&#8217;Associaci\u00f3 Objectiu Diagn\u00f2stic, Carmen S\u00e1ez, ha subratllat el fort component emocional de la caminada i ha apuntat que \u201cno necessitem c\u00f3rrer, necessitem que la gent entenga el que viu una persona sense diagn\u00f2stic, el fet d&#8217;anar d&#8217;hospital en hospital, amb por i incertesa. Caminar simbolitza eixe proc\u00e9s. S\u00ed, caminar canvia vides, perqu\u00e8 permet con\u00e9ixer persones amb enormes ganes de viure malgrat totes les dificultats\u201d.<\/p>\n<p>En este sentit, Sa\u00e9z ha explicat que l&#8217;esdeveniment ser\u00e0 totalment inclusiu i accessible per a tots i tindr\u00e0 una finalitat solid\u00e0ria ja que la totalitat del que es recapte es destinar\u00e0 a un programa de suport psicol\u00f2gic i acompanyament tamb\u00e9 per a cuidadors de pacients sense diagn\u00f2stic.<\/p>\n<p>Des de l&#8217;Hospital del Vinalop\u00f3, Paqui Cuesta, ha posat el focus en l&#8217;empatia i en la visibilitat. \u201cQuan coneixes estes hist\u00f2ries, entens el que significa viure sense diagn\u00f2stic. Esta caminada \u00e9s una forma molt bonica de visibilitzar eixa realitat. L&#8217;objectiu final \u00e9s clar, que cada vegada hi haja m\u00e9s diagn\u00f2stics gr\u00e0cies a la investigaci\u00f3 i al treball conjunt de tota la societat\u201d.<\/p>\n<p>Des de l&#8217;Associaci\u00f3 Objectiu Diagn\u00f2stic han habilitat diferents vies d&#8217;inscripci\u00f3 que podr\u00e0 realitzar-se a trav\u00e9s de chiplevante.com fins al 24 d&#8217;abril al migdia o de manera presencial en la mateixa eixida de la caminada, \u201cper a facilitar que tota la ciutadania puga sumar-se\u201d ha assegurat la seua presidenta.<\/p>\n<p>A m\u00e9s, esta primera edici\u00f3 comptar\u00e0 amb la gimnasta Sara Mar\u00edn com a padrina, cosa que aportar\u00e0 visibilitat i suport a la causa.<\/p>\n<hr \/>\n<p>[\/vc_column_text][\/vc_column][\/vc_row][vc_row][vc_column width=&#8221;1\/6&#8243;][\/vc_column][vc_column width=&#8221;2\/3&#8243;]<audio class=\"sc_audio\" src=\"https:\/\/soundcloud.com\/ayuntamiento-de-elche\/caminata-por-la-salud-llega-a\" width=\"\" height=\"\" style=\"````\"><\/audio>[\/vc_column][vc_column width=&#8221;1\/6&#8243;][\/vc_column][\/vc_row]<\/p>\n<\/div>","protected":false},"excerpt":{"rendered":"<p>[vc_row el_id=&#8221;SUBTITULAR_NOTICIA&#8221;][vc_column][vc_column_text css=&#8221;&#8221;] La marxa solid\u00e0ria de sis quil\u00f2metres organitzada per l&#8217;Associaci\u00f3 Objectiu Diagn\u00f2stic, eixir\u00e0 el 26 d&#8217;abril de l&#8217;Hospital General i finalitzar\u00e0 a l&#8217;Hospital del Vinalop\u00f3 [\/vc_column_text][\/vc_column][\/vc_row][vc_row el_id=&#8221;TEXTO_NOTICIA&#8221;][vc_column][vc_column_text css=&#8221;&#8221;]El [&hellip;]<\/p>\n","protected":false},"author":203,"featured_media":355644,"comment_status":"closed","ping_status":"closed","sticky":false,"template":"","format":"standard","meta":{"footnotes":""},"categories":[3319,187,391,1312],"tags":[],"class_list":["post-355653","post","type-post","status-publish","format-standard","has-post-thumbnail","hentry","category-discapacitat","category-esports","category-home-va","category-noticias-va"],"_links":{"self":[{"href":"https:\/\/www.elche.es\/va\/wp-json\/wp\/v2\/posts\/355653","targetHints":{"allow":["GET"]}}],"collection":[{"href":"https:\/\/www.elche.es\/va\/wp-json\/wp\/v2\/posts"}],"about":[{"href":"https:\/\/www.elche.es\/va\/wp-json\/wp\/v2\/types\/post"}],"author":[{"embeddable":true,"href":"https:\/\/www.elche.es\/va\/wp-json\/wp\/v2\/users\/203"}],"replies":[{"embeddable":true,"href":"https:\/\/www.elche.es\/va\/wp-json\/wp\/v2\/comments?post=355653"}],"version-history":[{"count":2,"href":"https:\/\/www.elche.es\/va\/wp-json\/wp\/v2\/posts\/355653\/revisions"}],"predecessor-version":[{"id":355655,"href":"https:\/\/www.elche.es\/va\/wp-json\/wp\/v2\/posts\/355653\/revisions\/355655"}],"wp:featuredmedia":[{"embeddable":true,"href":"https:\/\/www.elche.es\/va\/wp-json\/wp\/v2\/media\/355644"}],"wp:attachment":[{"href":"https:\/\/www.elche.es\/va\/wp-json\/wp\/v2\/media?parent=355653"}],"wp:term":[{"taxonomy":"category","embeddable":true,"href":"https:\/\/www.elche.es\/va\/wp-json\/wp\/v2\/categories?post=355653"},{"taxonomy":"post_tag","embeddable":true,"href":"https:\/\/www.elche.es\/va\/wp-json\/wp\/v2\/tags?post=355653"}],"curies":[{"name":"wp","href":"https:\/\/api.w.org\/{rel}","templated":true}]}}