{"id":355657,"date":"2026-04-21T14:15:53","date_gmt":"2026-04-21T12:15:53","guid":{"rendered":"https:\/\/www.elche.es\/2026\/04\/lajuntament-invertix-115-milions-en-obra-publica-des-de-2023\/"},"modified":"2026-04-21T14:16:01","modified_gmt":"2026-04-21T12:16:01","slug":"lajuntament-invertix-115-milions-en-obra-publica-des-de-2023","status":"publish","type":"post","link":"https:\/\/www.elche.es\/va\/2026\/04\/lajuntament-invertix-115-milions-en-obra-publica-des-de-2023\/","title":{"rendered":"L&#8217;Ajuntament invertix 115 milions en obra p\u00fablica des de 2023"},"content":{"rendered":"<div class=\"wpb-content-wrapper\"><p>[vc_row el_id=&#8221;SUBTITULAR_NOTICIA&#8221;][vc_column][vc_column_text css=&#8221;&#8221;]<\/p>\n<hr \/>\n<h4>Segons l&#8217;alcalde, Pablo Ruz, \u201cs\u00f3n dades in\u00e8dites en la hist\u00f2ria de la ciutat que donen bon compte de la din\u00e0mica inversora en el municipi\u201d<\/h4>\n<hr \/>\n<p>[\/vc_column_text][\/vc_column][\/vc_row][vc_row el_id=&#8221;TEXTO_NOTICIA&#8221;][vc_column][vc_column_text css=&#8221;&#8221;]L&#8217;Ajuntament d&#8217;Elx ha invertit 115 milions d&#8217;euros en obra p\u00fablica entre els anys 2023 i 2025, juntament amb l&#8217;empresa p\u00fablica Pimesa i l&#8217;empresa mixta Aig\u00fces d\u2019Elx. Aix\u00ed ho ha destacat l&#8217;alcalde Pablo Ruz despr\u00e9s de la reuni\u00f3 mantinguda este dimarts amb la Federaci\u00f3 d&#8217;Obra P\u00fablica de la prov\u00edncia d&#8217;Alacant (FOPA).<\/p>\n<p>\u201cS\u00f3n dades in\u00e8dites en la hist\u00f2ria de la ciutat quant a inversi\u00f3 i demostren que estem fent el que hem de fer com a Ajuntament\u201d, ha assegurat Ruz, que ha destacat l&#8217;aposta per una contractaci\u00f3 \u00e0gil i efica\u00e7 ja que \u201csense eixa obra p\u00fablica la ciutat est\u00e0 morta i d&#8217;ac\u00ed el pols inversor del municipi\u201d.<\/p>\n<p>L&#8217;alcalde ha explicat que l&#8217;any 2025 ha sigut fins al moment l&#8217;any m\u00e9s inversor amb 50 milions d&#8217;euros, pels 40\u20191 milions de 2024 i 25 milions en 2023.<\/p>\n<p>En este sentit, ha indicat que, d&#8217;eixos 115 milions d&#8217;euros d&#8217;inversi\u00f3, 71\u20197 milions corresponen al Ajuntament mateix, principalment en 2024 amb 34\u20198 milions, i la resta a Pimesa i Aig\u00fces d\u2019Elx, unes quantitats que tal com ha apuntat l&#8217;alcalde es compensen en funci\u00f3 de l&#8217;any.[\/vc_column_text][\/vc_column][\/vc_row][vc_row el_id=&#8221;DESTACADO_NOTICIA&#8221;][vc_column][vc_column_text css=&#8221;&#8221; el_class=&#8221;cuadronoticia&#8221;]<\/p>\n<h5>En 2026 la inversi\u00f3 prevista supera els 50 milions d&#8217;euros amb projectes com Jayton i Mercat Central, l&#8217;inici de la reurbanitzaci\u00f3 a l&#8217;entorn de l&#8217;estadi o la reforma de carrers i places emblem\u00e0tiques<\/h5>\n<p>[\/vc_column_text][\/vc_column][\/vc_row][vc_row el_id=&#8221;TEXTO_FIN_NOTICIA&#8221;][vc_column][vc_column_text css=&#8221;&#8221;]M\u00e9s concretament, del total en inversi\u00f3 p\u00fablica en menys de 3 anys, un total de 84\u20196 milions d&#8217;euros es referixen al nucli urb\u00e0 i la resta, m\u00e9s de 30 milions d&#8217;euros, a les pedanies.<\/p>\n<p>\u201cElx est\u00e0 en una bona din\u00e0mica inversora i les dades ho demostren\u201d, ha deixat clar l&#8217;alcalde, que ha assegurat que entre 2020 i 2022 la inversi\u00f3 p\u00fablica va ser de 39 milions d&#8217;euros, pels 115 milions entre 2023 i 2025. En eixe cas, la inversi\u00f3 en pedanies va ser de 14\u20192 milions i en el nucli urb\u00e0 24\u20198 milions.<\/p>\n<p>Aix\u00ed mateix, ha indicat que en 2026 la inversi\u00f3 prevista supera els 50 milions d&#8217;euros amb projectes com Jayton i Mercat Central, la culminaci\u00f3 de l&#8217;edifici de Regs el Progr\u00e9s, la construcci\u00f3 de 2.400 nous n\u00ednxols, la reforma de carrers i places emblem\u00e0tiques, la reforma integral dels mercats de la pla\u00e7a de Madrid i de la pla\u00e7a de Barcelona, l&#8217;inici de la reurbanitzaci\u00f3 de l&#8217;entorn de l&#8217;estadi Mart\u00ednez Valero o els nous accessos a la rotonda de l\u2019Aljub.<\/p>\n<p>Per part seua, el president de FOPA, Javier Gisbert, s&#8217;ha mostrat sorpr\u00e9s per la \u201ccapacitat inversora\u201d de l&#8217;Ajuntament d&#8217;Elx, amb un increment superior al triple, alhora que compta amb un nivell d&#8217;endeutament baix.<\/p>\n<hr \/>\n<p>[\/vc_column_text][\/vc_column][\/vc_row][vc_row][vc_column width=&#8221;1\/6&#8243;][\/vc_column][vc_column width=&#8221;2\/3&#8243;]<audio class=\"sc_audio\" src=\"https:\/\/soundcloud.com\/ayuntamiento-de-elche\/el-ayuntamiento-invierte-115\" width=\"\" height=\"\" style=\"````\"><\/audio>[\/vc_column][vc_column width=&#8221;1\/6&#8243;][\/vc_column][\/vc_row]<\/p>\n<\/div>","protected":false},"excerpt":{"rendered":"<p>[vc_row el_id=&#8221;SUBTITULAR_NOTICIA&#8221;][vc_column][vc_column_text css=&#8221;&#8221;] Segons l&#8217;alcalde, Pablo Ruz, \u201cs\u00f3n dades in\u00e8dites en la hist\u00f2ria de la ciutat que donen bon compte de la din\u00e0mica inversora en el municipi\u201d [\/vc_column_text][\/vc_column][\/vc_row][vc_row el_id=&#8221;TEXTO_NOTICIA&#8221;][vc_column][vc_column_text css=&#8221;&#8221;]L&#8217;Ajuntament [&hellip;]<\/p>\n","protected":false},"author":203,"featured_media":355649,"comment_status":"closed","ping_status":"closed","sticky":false,"template":"","format":"standard","meta":{"footnotes":""},"categories":[391,1312,210],"tags":[],"class_list":["post-355657","post","type-post","status-publish","format-standard","has-post-thumbnail","hentry","category-home-va","category-noticias-va","category-urbanisme-va"],"_links":{"self":[{"href":"https:\/\/www.elche.es\/va\/wp-json\/wp\/v2\/posts\/355657","targetHints":{"allow":["GET"]}}],"collection":[{"href":"https:\/\/www.elche.es\/va\/wp-json\/wp\/v2\/posts"}],"about":[{"href":"https:\/\/www.elche.es\/va\/wp-json\/wp\/v2\/types\/post"}],"author":[{"embeddable":true,"href":"https:\/\/www.elche.es\/va\/wp-json\/wp\/v2\/users\/203"}],"replies":[{"embeddable":true,"href":"https:\/\/www.elche.es\/va\/wp-json\/wp\/v2\/comments?post=355657"}],"version-history":[{"count":2,"href":"https:\/\/www.elche.es\/va\/wp-json\/wp\/v2\/posts\/355657\/revisions"}],"predecessor-version":[{"id":355660,"href":"https:\/\/www.elche.es\/va\/wp-json\/wp\/v2\/posts\/355657\/revisions\/355660"}],"wp:featuredmedia":[{"embeddable":true,"href":"https:\/\/www.elche.es\/va\/wp-json\/wp\/v2\/media\/355649"}],"wp:attachment":[{"href":"https:\/\/www.elche.es\/va\/wp-json\/wp\/v2\/media?parent=355657"}],"wp:term":[{"taxonomy":"category","embeddable":true,"href":"https:\/\/www.elche.es\/va\/wp-json\/wp\/v2\/categories?post=355657"},{"taxonomy":"post_tag","embeddable":true,"href":"https:\/\/www.elche.es\/va\/wp-json\/wp\/v2\/tags?post=355657"}],"curies":[{"name":"wp","href":"https:\/\/api.w.org\/{rel}","templated":true}]}}