{"id":355667,"date":"2026-04-21T14:21:30","date_gmt":"2026-04-21T12:21:30","guid":{"rendered":"https:\/\/www.elche.es\/2026\/04\/lajuntament-habilita-un-nou-tramit-per-a-agilitzar-latencio-en-el-proces-de-regularitzacio-extraordinaria\/"},"modified":"2026-04-22T10:49:26","modified_gmt":"2026-04-22T08:49:26","slug":"lajuntament-habilita-un-nou-tramit-per-a-agilitzar-latencio-en-el-proces-de-regularitzacio-extraordinaria","status":"publish","type":"post","link":"https:\/\/www.elche.es\/va\/2026\/04\/lajuntament-habilita-un-nou-tramit-per-a-agilitzar-latencio-en-el-proces-de-regularitzacio-extraordinaria\/","title":{"rendered":"L&#8217;Ajuntament habilita un nou tr\u00e0mit per a agilitzar l&#8217;atenci\u00f3 en el proc\u00e9s de regularitzaci\u00f3 extraordin\u00e0ria"},"content":{"rendered":"<div class=\"wpb-content-wrapper\"><p>[vc_row el_id=&#8221;SUBTITULAR_NOTICIA&#8221;][vc_column][vc_column_text css=&#8221;&#8221;]<\/p>\n<hr \/>\n<h4>Es tracta de la \u2018Sol\u00b7licitud de certificat de vulnerabilitat per a regularitzaci\u00f3 de persones estrangeres\u2019 disponible en seu electr\u00f2nica i de manera presencial<\/h4>\n<hr \/>\n<p>[\/vc_column_text][\/vc_column][\/vc_row][vc_row el_id=&#8221;TEXTO_NOTICIA&#8221;][vc_column][vc_column_text css=&#8221;&#8221;]L&#8217;Ajuntament d&#8217;Elx continua reorganitzant els recursos municipals per a fer front a l&#8217;increment de sol\u00b7licituds derivat del proc\u00e9s de regularitzaci\u00f3 extraordin\u00e0ria de persones estrangeres, despr\u00e9s de l&#8217;aprovaci\u00f3 per part del Govern d&#8217;Espanya.<\/p>\n<p>Des de la posada en marxa d&#8217;este proc\u00e9s, la demanda en els servicis municipals s&#8217;ha incrementat de manera notable. En els primers 15 dies d&#8217;abril, les sol\u00b7licituds de certificats d&#8217;empadronament han crescut un 40%: 2.464 peticions. A m\u00e9s, en una sola jornada, les oficines municipals d&#8217;atenci\u00f3 ciutadana (OMAC) han arribat a atendre 1.800 persones.<\/p>\n<p>L&#8217;alcalde d&#8217;Elx, Pablo Ruz, ha explicat que \u201cl&#8217;Ajuntament est\u00e0 assumint la tramitaci\u00f3 d&#8217;este procediment amb un volum molt elevat de sol\u00b7licituds en molt poc temps\u201d. En este sentit, ha assenyalat que esta situaci\u00f3 respon al fet que \u201cl&#8217;Estat ha atribu\u00eft als\u00a0ajuntaments esta gesti\u00f3 sense una planificaci\u00f3 pr\u00e8via ni dotaci\u00f3 de recursos suficients\u201d.[\/vc_column_text][\/vc_column][\/vc_row][vc_row el_id=&#8221;DESTACADO_NOTICIA&#8221;][vc_column][vc_column_text css=&#8221;&#8221; el_class=&#8221;cuadronoticia&#8221;]<\/p>\n<h5>Les sol\u00b7licituds d&#8217;empadronament han augmentat un 40% i les OMAC han arribat a atendre fins a 1.800 persones nom\u00e9s en el dia d&#8217;ahir<\/h5>\n<p>[\/vc_column_text][\/vc_column][\/vc_row][vc_row el_id=&#8221;TEXTO_FIN_NOTICIA&#8221;][vc_column][vc_column_text css=&#8221;&#8221;]Per a millorar l&#8217;atenci\u00f3 i reduir la pressi\u00f3 assistencial en les OMAC, l&#8217;Ajuntament ha habilitat un nou tr\u00e0mit espec\u00edfic, la \u201cSol\u00b7licitud de certificat de vulnerabilitat per a regularitzaci\u00f3 de persones estrangeres\u201d, disponible tant en la seu electr\u00f2nica com de manera presencial. Este document \u00e9s necessari per a aquelles persones que han d&#8217;acreditar la seua situaci\u00f3 de vulnerabilitat dins del proc\u00e9s.<\/p>\n<p>Una vegada presentada la sol\u00b7licitud, esta es remet a l&#8217;oficina d&#8217;atenci\u00f3 a persones migrades (PANGEA), que contacta amb els sol\u00b7licitants per a realitzar una entrevista personal pr\u00e8via a l&#8217;emissi\u00f3 del certificat.<\/p>\n<p>El procediment est\u00e0 dirigit a persones sol\u00b7licitants de protecci\u00f3 internacional anteriors a l&#8217;1 de gener de 2026 i a persones en situaci\u00f3 administrativa irregular que acrediten la seua estada a Espanya abans d&#8217;eixa data. En este \u00faltim cas, han de complir algun dels seg\u00fcents requisits: haver treballat a Espanya, comptar amb unitat familiar amb fills menors o acreditar una situaci\u00f3 de vulnerabilitat.<\/p>\n<hr \/>\n<p>[\/vc_column_text][\/vc_column][\/vc_row][vc_row][vc_column width=&#8221;1\/6&#8243;][\/vc_column][vc_column width=&#8221;2\/3&#8243;]<audio class=\"sc_audio\" src=\"\" width=\"\" height=\"\"><\/audio>[\/vc_column][vc_column width=&#8221;1\/6&#8243;][\/vc_column][\/vc_row]<\/p>\n<\/div>","protected":false},"excerpt":{"rendered":"<p>[vc_row el_id=&#8221;SUBTITULAR_NOTICIA&#8221;][vc_column][vc_column_text css=&#8221;&#8221;] Es tracta de la \u2018Sol\u00b7licitud de certificat de vulnerabilitat per a regularitzaci\u00f3 de persones estrangeres\u2019 disponible en seu electr\u00f2nica i de manera presencial [\/vc_column_text][\/vc_column][\/vc_row][vc_row el_id=&#8221;TEXTO_NOTICIA&#8221;][vc_column][vc_column_text css=&#8221;&#8221;]L&#8217;Ajuntament d&#8217;Elx [&hellip;]<\/p>\n","protected":false},"author":203,"featured_media":324894,"comment_status":"closed","ping_status":"closed","sticky":false,"template":"","format":"standard","meta":{"footnotes":""},"categories":[391,1312,205],"tags":[],"class_list":["post-355667","post","type-post","status-publish","format-standard","has-post-thumbnail","hentry","category-home-va","category-noticias-va","category-omac-2-va"],"_links":{"self":[{"href":"https:\/\/www.elche.es\/va\/wp-json\/wp\/v2\/posts\/355667","targetHints":{"allow":["GET"]}}],"collection":[{"href":"https:\/\/www.elche.es\/va\/wp-json\/wp\/v2\/posts"}],"about":[{"href":"https:\/\/www.elche.es\/va\/wp-json\/wp\/v2\/types\/post"}],"author":[{"embeddable":true,"href":"https:\/\/www.elche.es\/va\/wp-json\/wp\/v2\/users\/203"}],"replies":[{"embeddable":true,"href":"https:\/\/www.elche.es\/va\/wp-json\/wp\/v2\/comments?post=355667"}],"version-history":[{"count":4,"href":"https:\/\/www.elche.es\/va\/wp-json\/wp\/v2\/posts\/355667\/revisions"}],"predecessor-version":[{"id":355693,"href":"https:\/\/www.elche.es\/va\/wp-json\/wp\/v2\/posts\/355667\/revisions\/355693"}],"wp:featuredmedia":[{"embeddable":true,"href":"https:\/\/www.elche.es\/va\/wp-json\/wp\/v2\/media\/324894"}],"wp:attachment":[{"href":"https:\/\/www.elche.es\/va\/wp-json\/wp\/v2\/media?parent=355667"}],"wp:term":[{"taxonomy":"category","embeddable":true,"href":"https:\/\/www.elche.es\/va\/wp-json\/wp\/v2\/categories?post=355667"},{"taxonomy":"post_tag","embeddable":true,"href":"https:\/\/www.elche.es\/va\/wp-json\/wp\/v2\/tags?post=355667"}],"curies":[{"name":"wp","href":"https:\/\/api.w.org\/{rel}","templated":true}]}}