{"id":355697,"date":"2026-04-22T12:57:17","date_gmt":"2026-04-22T10:57:17","guid":{"rendered":"https:\/\/www.elche.es\/2026\/04\/el-gran-teatre-acull-lobra-mejor-no-decirlo-amb-imanol-arias-i-maria-barranco-el-divendres-24-dabril\/"},"modified":"2026-04-22T12:57:25","modified_gmt":"2026-04-22T10:57:25","slug":"el-gran-teatre-acull-lobra-mejor-no-decirlo-amb-imanol-arias-i-maria-barranco-el-divendres-24-dabril","status":"publish","type":"post","link":"https:\/\/www.elche.es\/va\/2026\/04\/el-gran-teatre-acull-lobra-mejor-no-decirlo-amb-imanol-arias-i-maria-barranco-el-divendres-24-dabril\/","title":{"rendered":"El Gran Teatre acull l&#8217;obra Mejor no decirlo, amb Imanol Arias i Mar\u00eda Barranco, el divendres 24 d&#8217;abril"},"content":{"rendered":"<div class=\"wpb-content-wrapper\"><p>[vc_row el_id=&#8221;SUBTITULAR_NOTICIA&#8221;][vc_column][vc_column_text css=&#8221;&#8221;]<\/p>\n<h4>L\u2019Escorxador programa Ella, de Cadillac Teatro, amb funcions el divendres 24 i el dissabte 25 d&#8217;abril<\/h4>\n<p>&nbsp;<\/p>\n<hr \/>\n<p>[\/vc_column_text][\/vc_column][\/vc_row][vc_row el_id=&#8221;TEXTO_NOTICIA&#8221;][vc_column][vc_column_text css=&#8221;&#8221;]El Gran Teatre concentra esta setmana diverses propostes dins de la programaci\u00f3 cultural. El dijous 23 d&#8217;abril tindr\u00e0 lloc la gala de lliurament dels <em>Premis 55 D\u00e0til d\u2019Or<\/em>, amb invitacions gestionades per l&#8217;Associaci\u00f3 d&#8217;Informadors d&#8217;Elx. El divendres 24, a les 20.00 hores, l&#8217;espai acull la representaci\u00f3 de <em>Mejor no decirlo<\/em>, protagonitzada per Imanol Arias i Mar\u00eda Barranco, amb entrades de 20, 22 i 24 euros a la venda en vivaticket.es i en la taquilla del Gran Teatre. La programaci\u00f3 es completa el dissabte 25 amb la gala de lliurament dels Premis FTACV i el diumenge 26 amb <em>Emergents. XV Festival Abril en Dansa,<\/em> amb entrades de 10, 12 i 15 euros.<\/p>\n<p>Per part seua, L\u2019Escorxador acull l&#8217;obra <em>Ella<\/em>, de la companyia Cadillac Teatro, els dies 24 i 25 d&#8217;abril a les 20.00 hores en l&#8217;Espai Esc\u00e8nic. Les entrades tenen un preu \u00fanic de 7 euros i poden adquirir-se en vivaticket.com, en la taquilla del Gran Teatre i en la de L\u2019Escorxador una hora abans de l&#8217;espectacle.<\/p>\n<p>L&#8217;agenda cultural de la setmana es completa amb altres propostes en diferents espais del municipi. La Llotja acull el divendres 24 <em>Improh\u00e9roes<\/em>, amb entrades anticipades de 12 euros m\u00e9s gastos en lomasticket.com, i el dissabte 25 el concert de Pedro Pastor, amb entrades anticipades de 20 euros m\u00e9s gastos i 25 euros en taquilla. Al Cinema Od\u00e8on podran veure&#8217;s <em>Rondallas<\/em> dins de la Filmoteca Municipal, amb entrades en instanticket.es i en taquilla; la sessi\u00f3 de cinema en valenci\u00e0 <em>La invasi\u00f3 dels b\u00e0rbars<\/em>, amb acc\u00e9s lliure; les sessions del Cineclub amb <em>El agente secreto,<\/em> amb entrada general de 5 euros; i el cicle infantil amb <em>Polloliebre i el secreto de la marmota.<\/em><\/p>\n<p>En l&#8217;\u00e0mbit expositiu i d&#8217;activitats culturals, continuen <em>L&#8217;empremta de Dion\u00eds<\/em> en el MAHE, la retrospectiva <em>Jos\u00e9 Garc\u00eda Poveda. Investigador i docent<\/em> a la Sala Kursaal, <em>Bangladesh: La dignitat d&#8217;un poble<\/em> en la Llotja Medieval, <em>Palmer-Art<\/em> en l\u2019Hort dels Pontos i <em>Elx en la d\u00e8cada de 1970<\/em> en el Museu Escolar de Pu\u00e7ol. A m\u00e9s, La Tramoia oferix l&#8217;espectacle familiar <em>Bobo<\/em> el dissabte 25, mentres que barris i pedanies acullen durant tot el cap de setmana activitats familiars, teatre, m\u00fasica i titelles amb acc\u00e9s lliure fins a completar aforament.[\/vc_column_text][\/vc_column][\/vc_row][vc_row el_id=&#8221;TEXTO_FIN_NOTICIA&#8221;][vc_column][vc_column_text css=&#8221;&#8221;]<\/p>\n<p data-start=\"319\" data-end=\"368\">GRAN TEATRE<br data-start=\"330\" data-end=\"333\" \/>C\/ Kursaal, 1, 03203 Elx, Alacant<\/p>\n<p><\/p>\n<p data-start=\"370\" data-end=\"532\">Gala: Entrega dels Premis 55 D\u00e0til d\u2019Or<br data-start=\"413\" data-end=\"416\" \/>Dijouss 23 d&#8217;abril a les 20:00 h<br data-start=\"448\" data-end=\"451\" \/>Entrada amb invitacions gestionades per l&#8217;Associaci\u00f3 d&#8217;Informadors d&#8217;Elx.<\/p>\n<p><\/p>\n<p data-start=\"534\" data-end=\"776\">Informaci\u00f3: L&#8217;Associaci\u00f3 d&#8217;Informadors d&#8217;Elx concedix i lliura, des de 1971, els D\u00e0tils d\u2019Or, uns premis que reconeixen la labor de persones o entitats que han destacat en qualsevol \u00e0mbit en benefici d&#8217;Elx.<\/p>\n<p><\/p>\n<hr data-start=\"778\" data-end=\"781\" \/><\/p>\n<p data-start=\"783\" data-end=\"1011\">TEATRE: Mejor no decirlo, amb Imanol Arias i Mar\u00eda Barranco<br data-start=\"842\" data-end=\"845\" \/>Divendres 24 d&#8217;abril a les 20:00 h<br data-start=\"878\" data-end=\"881\" \/>Preu: 20, 22 i 24 \u20ac (sense descomptes)<br data-start=\"919\" data-end=\"922\" \/>Duraci\u00f3: 75 minuts<br data-start=\"942\" data-end=\"945\" \/>Venda d&#8217;entrades en la taquilla del Gran Teatre i vivaticket.es<\/p>\n<p>Informaci\u00f3: Ell (Imanol Arias) i Ella (Mar\u00eda Barranco) s\u00f3n un matrimoni que fa molts anys que estan junts. La seua f\u00f3rmula imbatible: saber quan parlar i quan callar. Per\u00f2, qu\u00e8 succeiria si per una vegada en la vida es plantejaren dir-ho tot, absolutament tot? <em>Mejor no decirlo<\/em> \u00e9s una com\u00e8dia deliciosa, en la qual tots ens veurem reflectits, sobretot als que no ens agrada que ens parlen quan estem interrompent.\u00a0\u201c<em>Mejor no decirlo<\/em> \u00e9s una provocaci\u00f3, un gaudi d\u2019actuaci\u00f3. Dos jugadors encesos, obrint les portes del que sempre pensem que \u00e9s millor no mencionar, posant en dubte tots els llocs comuns, canviant el punt de vista amb molt d\u2019humor, complicitat i una infinita ironia. Per a mi \u00e9s un plaer personal esta trobada de gent a qui admire i estime. Per a compartir amb el p\u00fablic una com\u00e8dia estimulant i din\u00e0mica. I cada u sabr\u00e0 si finalment era millor o no: dir-ho\u201d.<\/p>\n<p data-start=\"1013\" data-end=\"1435\"><em>Claudio Tolcachir, Director<\/em><\/p>\n<p><\/p>\n<hr data-start=\"1958\" data-end=\"1961\" \/><\/p>\n<p data-start=\"1963\" data-end=\"2125\">Gala: Entrega dels Premis FTACV<br data-start=\"1997\" data-end=\"2000\" \/>Dissabte 25 d&#8217;abril a les 19:30 h<br data-start=\"2032\" data-end=\"2035\" \/>Entrada amb invitacions getionadas per la Federaci\u00f3 de Teatre Amateur del Pa\u00eds Valenci\u00e0<\/p>\n<p><\/p>\n<hr data-start=\"2127\" data-end=\"2130\" \/><\/p>\n<p data-start=\"2132\" data-end=\"2346\">DANSA: Emergents. XV Festival Abril en Dansa<br data-start=\"2177\" data-end=\"2180\" \/>Diumenge 26 d&#8217;abril a les 19:00 h<br data-start=\"2213\" data-end=\"2216\" \/>Preu: 10, 12 i 15 \u20ac (sense descomptes)<br data-start=\"2254\" data-end=\"2257\" \/>Duraci\u00f3: 90 minuts<br data-start=\"2277\" data-end=\"2280\" \/>Venda d&#8217;entrades en la taquilla del Gran Teatre i vivaticket.es<\/p>\n<p>Informaci\u00f3: Celebrem la 15a edici\u00f3 del Festival Abril en Dansa, una fita que reafirma el nostre comprom\u00eds amb l\u2019art i la innovaci\u00f3. Quinze anys per a festejar i impulsar les nous veus de la creaci\u00f3 contempor\u00e0nia. Abril en Dansa dona visibilitat, dins d\u2019este programa <em>Emergents<\/em>, a una diversitat i amalgama d\u2019artistes que any rere any omplin de creativitat el Gran Teatre. Impulsem des del Festival l\u2019arribada de propostes tant nacionals com internacionals, donant veu a la labor art\u00edstica i investigadora de les noves generacions. El Festival \u00e9s un espai de cura, projecci\u00f3 i visibilitzaci\u00f3 de nous projectes i noves cares.<\/p>\n<p data-start=\"2348\" data-end=\"3125\"><em>Emergents<\/em> ser\u00e0 una nit \u00fanica per a delectar-se amb la vibrant energia d\u2019estes prometedores joves veus del panorama esc\u00e8nic actual. No t\u2019ho perdes!<\/p>\n<p><\/p>\n<hr data-start=\"3127\" data-end=\"3130\" \/><\/p>\n<p data-start=\"3132\" data-end=\"3185\">L\u2019ESCORXADOR<br data-start=\"3144\" data-end=\"3147\" \/>C\/ Curtidors, 23, 03203 Elx, Alacant<\/p>\n<p><\/p>\n<p data-start=\"3187\" data-end=\"3440\">TEATRE: <em>Ella,<\/em> amb la Cia. Cadillac Teatro<br data-start=\"3228\" data-end=\"3231\" \/>Divendres 24 i dissabte 25 d&#8217;abril a les 20:00 h<br data-start=\"3276\" data-end=\"3279\" \/>Lloc: Espai Esc\u00e8nic<br data-start=\"3299\" data-end=\"3302\" \/>Entrada \u00fanica de 7 \u20ac a la venda en la taquilla del Gran Teatre, vivaticket.com i taquilla de L\u2019Escorxador una hora abans de l&#8217;espectacle<\/p>\n<p><\/p>\n<p data-start=\"3442\" data-end=\"3696\">Informaci\u00f3: Henry, un jove esportista amb un futur brillant, es prepara per a afrontar el major dels seus reptes, no obstant aix\u00f2, quan ja no ho espera i contra tot pron\u00f2stic, li donen un diagn\u00f2stic que posar\u00e0 la seua vida, i la dels seus, potes enlaire.<\/p>\n<p><\/p>\n<hr data-start=\"3698\" data-end=\"3701\" \/><\/p>\n<p data-start=\"3703\" data-end=\"3714\">LA LLOTJA<\/p>\n<p><\/p>\n<p data-start=\"3716\" data-end=\"4054\">HUMOR\/IMPROVISACI\u00d3: <em>Improh\u00e9roes.<\/em> <em>El show m\u00e1s loco de improvisaci\u00f3n<\/em><br data-start=\"3783\" data-end=\"3786\" \/>Divendres 24 d&#8217;abril a les 21:00 h<br data-start=\"3819\" data-end=\"3822\" \/>Entrada anticipada: 12 \u20ac + gastos<br data-start=\"3855\" data-end=\"3858\" \/>Taquilla: 15 \u20ac<br data-start=\"3872\" data-end=\"3875\" \/>Duraci\u00f3: 75 minuts<br data-start=\"3895\" data-end=\"3898\" \/>Edat: +12<br data-start=\"3907\" data-end=\"3910\" \/>Venda d\u2019entrades: lomasticket.com i en La Llotja, una hora abans de l\u2019espectacle (per a les entrades que no s\u2019hagen venut anteriorment)<\/p>\n<p>Informaci\u00f3: Convertix-te en un Improh\u00e9roe! Def\u00e9n la gal\u00e0xia de la serietat, en un xou m\u00e9s en el qual tu tens el poder. Sobre l&#8217;escenari, actors preparen hist\u00f2ries, escenes i personatges totalment improvisats\u2026 tot naix de tu, del p\u00fablic. Des d&#8217;una frase, idea o paraula, els int\u00e8rprets constru\u00efxen situacions hilarants, girs inesperats\u2026 i molt\u00edssim humor.<\/p>\n<hr data-start=\"4430\" data-end=\"4433\" \/><\/p>\n<p data-start=\"4435\" data-end=\"4769\">CANTAUTOR\/SONS LLATINS: Pedro Pastor. <em>10 locos a\u00f1os descalzos<\/em><br data-start=\"4499\" data-end=\"4502\" \/>Dissabte 25 d&#8217;abril a les 22:00 h<br data-start=\"4534\" data-end=\"4537\" \/>Entrada anticipada: 20 \u20ac + gastos<br data-start=\"4570\" data-end=\"4573\" \/>Taquilla: 25 \u20ac<br data-start=\"4587\" data-end=\"4590\" \/>Duraci\u00f3: 90 minuts<br data-start=\"4610\" data-end=\"4613\" \/>Edat: +16<br data-start=\"4622\" data-end=\"4625\" \/>Venda d\u2019entrades: lomasticket.com i en La Llotja, una hora abans de l\u2019espectacle (per a les entrades que no s\u2019hagen venut anteriorment)<\/p>\n<p>Informaci\u00f3: Pedro Pastor celebra deu anys de traject\u00f2ria amb nou \u00e0lbum: 10 <em>locos a\u00f1os descalzos<\/em>. Un disc, acuradament produ\u00eft, que arreplega 12 grans temes amb col\u00b7laboracions de m\u00e0xim nivell com Silvio Rodr\u00edguez, Rozal\u00e9n o El Kanka. Un viatge d&#8217;anada i tornada en qu\u00e8 creua l&#8217;oce\u00e0 Atl\u00e0ntic, que destaca per la seua l\u00edrica acurada, el missatge social i l&#8217;energia esc\u00e8nica d&#8217;un estil que fusiona la can\u00e7\u00f3 d&#8217;autor amb ritmes llatins.<\/p>\n<hr data-start=\"5213\" data-end=\"5216\" \/><\/p>\n<p data-start=\"5218\" data-end=\"5230\">CINE ODEON<\/p>\n<p><\/p>\n<p data-start=\"5232\" data-end=\"5442\">FILMOTECA: <em>Rondallas<\/em><br data-start=\"5252\" data-end=\"5255\" \/>Del dimecres 22 al diumenge 26 d&#8217;abril<br \/>\nHorari: 17:30, 20:00 i 20:30 h<br data-start=\"5328\" data-end=\"5331\" \/>Diumenge: 17:30 i 20:00 h<br data-start=\"5355\" data-end=\"5358\" \/>Sala A<br data-start=\"5364\" data-end=\"5367\" \/>Nacionalitat: Espanya<br data-start=\"5387\" data-end=\"5390\" \/>Duraci\u00f3: 112 minuts<br data-start=\"5411\" data-end=\"5414\" \/>Edat recomanada: +12 anys<\/p>\n<p>Sinopsi: Dos anys despr\u00e9s del tr\u00e0gic naufragi d\u2019un vaixell pesquer que va sacsejar un xicotet poble mariner gallec, els habitants del poble decidixen que ja \u00e9s hora de recuperar la il\u00b7lusi\u00f3 i deixar el dol arrere. Per aix\u00f2, tornen a unir-se per a posar en marxa la rondalla, una agrupaci\u00f3 de m\u00fasica tradicional en la qual participen des de xiquets fins a ancians, amb la intenci\u00f3 de competir en un concurs contra els pobles ve\u00efns, per\u00f2 sobretot de comen\u00e7ar a mirar cap avant de nou.<\/p>\n<hr data-start=\"5941\" data-end=\"5944\" \/><\/p>\n<p data-start=\"5946\" data-end=\"6164\">CINE EN VALENCI\u00c0: <em>La invasi\u00f3 dels b\u00e0rbars<\/em><br data-start=\"5989\" data-end=\"5992\" \/>Dijous 23 d&#8217;abril<br data-start=\"6010\" data-end=\"6013\" \/>Horari: 17:30 i 20:00 h<br data-start=\"6037\" data-end=\"6040\" \/>Nacionalitat: Espanya<br data-start=\"6060\" data-end=\"6063\" \/>Duraci\u00f3: 117 minuts<br data-start=\"6084\" data-end=\"6087\" \/>Entrada lliure fins a completar aforament<br \/>\nCol\u00b7labora UMH<br data-start=\"6137\" data-end=\"6140\" \/>Edat recomanada: + 16<\/p>\n<p>Sinopsi: En 1939, Esperanza, una jove conservadora del Museu del Prado \u00e9s interrogada per la desaparici\u00f3 d\u2019un quadre que un coronel vol confiscar. Huitanta anys despr\u00e9s, la seua neta, Aurora, busca les seues restes en una de les fosses comunes del franquisme.<\/p>\n<hr data-start=\"6421\" data-end=\"6424\" \/><\/p>\n<p data-start=\"6426\" data-end=\"6602\">CINE CLUB LUIS BU\u00d1UEL: <em>El agente secreto<\/em><br data-start=\"6466\" data-end=\"6469\" \/>Divendres 24 d&#8217;abril<br data-start=\"6488\" data-end=\"6491\" \/>Horari especial: 17.30 i 20:30 h<br data-start=\"6524\" data-end=\"6527\" \/>Nacionalitat: el Brasil<br data-start=\"6547\" data-end=\"6550\" \/>Duraci\u00f3: 158 minuts<br data-start=\"6571\" data-end=\"6574\" \/>Edat recomanada: +16 anys<\/p>\n<p>Sinopsi: En 1977, Marcelo, un professor que fuig d\u2019un passat turbulent, torna a la ciutat de Recife, on espera construir una nova vida i retrobar-se amb son fill. Prompte s\u2019adona que la ciutat est\u00e0 lluny de ser el refugi que busca, que les forces governamentals el perseguixen i les amenaces de mort planen sobre ell.<\/p>\n<hr data-start=\"6947\" data-end=\"6950\" \/><\/p>\n<p data-start=\"6952\" data-end=\"7107\">CINE INFANTIL: <em>Polloliebre y el secreto de la marmota<\/em><br data-start=\"7005\" data-end=\"7008\" \/>Dissabte 25 i diumenge 26 d&#8217;abril<br data-start=\"7039\" data-end=\"7042\" \/>Horari: 17:30 h<br data-start=\"7058\" data-end=\"7061\" \/>Nacionalitat: B\u00e8lgica<br data-start=\"7082\" data-end=\"7085\" \/>Duraci\u00f3: 89 minuts<\/p>\n<p>Sinopsi: Polloliebre ha tornat! Un secret sobre el passat ix a la llum per a arrossegar l\u2019heroi i els seus amics en una \u00e8pica aventura a la recerca d\u2019una misteriosa marmota amb el poder de modificar el passat\u2026 i tal vegada de salvar la seua esp\u00e8cie. Per\u00f2 en la seua busca, Polloliebre i els seus amics descobriran que no s\u00f3n els \u00fanics que volen fer-se amb la m\u00e0gia de la marmota.<\/p>\n<hr data-start=\"7486\" data-end=\"7489\" \/><\/p>\n<p data-start=\"7491\" data-end=\"7521\">ROTONDA DEL PARC MUNICIPAL<\/p>\n<p><\/p>\n<p data-start=\"7523\" data-end=\"7671\">CONCERTS: <em>La Matinal<\/em><\/p>\n<p>Dissabte 25 d&#8217;abril: Kokoshca + Zona Malva<\/p>\n<p>Dissabte 9 de maig: Laia Alcolea + Agus Priore<\/p>\n<p>Dissabte 16 de maig: Sistema de Entretenimiento + Aniquiladora<\/p>\n<p data-start=\"7523\" data-end=\"7671\">Informaci\u00f3: La programaci\u00f3 inclou 13 concerts amb un total de 23 bandes i cada dissabte actuaran dos grups. Es completar\u00e0 el cicle amb una ruta gastron\u00f2mica i cultural paral\u00b7lela perqu\u00e8 el p\u00fablic puga gaudir de la ciutat abans o despr\u00e9s dels concerts.<\/p>\n<h2 data-section-id=\"12g5a4m\" data-start=\"343\" data-end=\"395\">MAHE. MUSEU ARQUEOL\u00d2GIC I D&#8217;HIST\u00d2RIA D&#8217;ELX<\/h2>\n<p><\/p>\n<p data-start=\"396\" data-end=\"436\">Carrer Diagonal del Palau 1 03202, Elx<\/p>\n<p><\/p>\n<hr data-start=\"438\" data-end=\"441\" \/><\/p>\n<p data-start=\"443\" data-end=\"563\">EXPOSICI\u00d3: <em>L&#8217;empremta de Dion\u00eds<\/em><\/p>\n<p>Del divendres 10 d\u2019abril al diumenge 11 d\u2019octubre<\/p>\n<p>Sala d\u2019exposicions temporals<\/p>\n<p>Informaci\u00f3: Al llarg dels \u00faltims huit mil anys, el vi ha acompanyat el desenrotllament de la humanitat com a aliment, s\u00edmbol i element cultural. Des de les primeres civilitzacions agr\u00edcoles, cultivar la vinya va significar assentar-se en un territori, cuidar la terra i esperar el pas de les estacions. Aix\u00ed, el treball agr\u00edcola es va convertir en cultura. L&#8217;exposici\u00f3 L\u2019empremta de Dion\u00eds brinda una excepcional ocasi\u00f3 d&#8217;aproximar-se a la cultura del vi des d&#8217;un punt de vista hist\u00f2ric, arqueol\u00f2gic i art\u00edstic, gr\u00e0cies a una de les millors col\u00b7leccions que existixen en el m\u00f3n relacionades amb esta tem\u00e0tica, la col\u00b7lecci\u00f3 del Museu Vivanco de la Cultura del Vi. Considerat per la UNESCO com un dels millors museus, posse\u00efx una valuosa col\u00b7lecci\u00f3 d&#8217;elevada qualitat cient\u00edfica i patrimonial que combina objectes arqueol\u00f2gics, etnol\u00f2gics i art\u00edstics que es relacionen d&#8217;un mode o un altre amb el vi. La selecci\u00f3 d&#8217;objectes i obres d&#8217;art realitzada pels comissaris de l&#8217;exposici\u00f3, Santiago Vivanco S\u00e1enz i Miguel F. P\u00e9rez Blasco, permet rec\u00f3rrer aspectes econ\u00f2mics, religiosos, art\u00edstics i culturals, amb peces mesopot\u00e0miques, eg\u00edpcies, gregues i romanes, i en les quals tamb\u00e9 s&#8217;han inserit algunes peces arqueol\u00f2giques destacades de la pr\u00f2pia col\u00b7lecci\u00f3 del Museu Arqueol\u00f2gic i d&#8217;Hist\u00f2ria d&#8217;Elx (MAHE). Des del punt de vista art\u00edstic, obres d\u2019An\u00edbal Carraci, Andrea Mantegna, Giulio Romano, Josep de Ribera, Manuel Benedito, Eduardo Rosales, Picasso o Dal\u00ed permeten aproximar el visitant a l&#8217;evoluci\u00f3 de la imatge mitol\u00f2gica del d\u00e9u de vi, Dion\u00eds \/ Bacus a trav\u00e9s de la Hist\u00f2ria.<\/p>\n<hr data-start=\"2199\" data-end=\"2202\" \/>\n<h2 data-section-id=\"89tre5\" data-start=\"2204\" data-end=\"2235\">SALA KURSAAL &#8211; GRAN TEATRE<\/h2>\n<p><\/p>\n<p data-start=\"2236\" data-end=\"2299\">C\/ Kursaal, 1, 03203 Elx, Alacant<br data-start=\"2270\" data-end=\"2273\" \/>Acc\u00e9s des de la Glorieta<\/p>\n<p><\/p>\n<hr data-start=\"2301\" data-end=\"2304\" \/><\/p>\n<p data-start=\"2306\" data-end=\"2584\">EXPOSICI\u00d3 RETROSPECTIVA: <em>Jos\u00e9 Garc\u00eda Poveda. Investigador i docent<\/em><br data-start=\"2374\" data-end=\"2377\" \/>Del divendres 17 d&#8217;abril al diumenge 31 de maig<br data-start=\"2422\" data-end=\"2425\" \/>Inauguraci\u00f3: divendres 17 d&#8217;abril a les 20:00 h<br data-start=\"2472\" data-end=\"2475\" \/>Horari: de dimarts a dissabte de 10:00 a 14:00 h i de 15:00 a 18:00 h. Diumenges i festius de 10:00 a 14:00 h<\/p>\n<p>Informaci\u00f3: L&#8217;exposici\u00f3 retrospectiva de Jos\u00e9 Garc\u00eda Poveda (el Pin\u00f3s, 1948), \u00e9s un homenatge i reconeixement a un dels artistes que forma part de la hist\u00f2ria contempor\u00e0nia del dibuix i la pintura il\u00b7licitana.<\/p>\n<p data-start=\"2586\" data-end=\"2803\">Una fant\u00e0stica col\u00b7lecci\u00f3 d&#8217;obres que representa el seu excepcional i inconfusible univers creatiu, que oferix incomparables paisatges, retrats i vibrants composicions que l\u2019identifiquen i que han obtingut importants premis al llarg de la seua \u00e0mplia carrera.<\/p>\n<p><\/p>\n<hr data-start=\"3068\" data-end=\"3071\" \/>\n<h2 data-section-id=\"nvs254\" data-start=\"3073\" data-end=\"3092\">LLOTJA MEDIEVAL<\/h2>\n<p><\/p>\n<p data-start=\"3093\" data-end=\"3130\">Pla\u00e7a de Baix 1, 03202 Elx, Alacant<\/p>\n<p><\/p>\n<hr data-start=\"3132\" data-end=\"3135\" \/><\/p>\n<p data-start=\"3137\" data-end=\"3367\">EXPOSICI\u00d3: <em>Bangladesh: La dignidad de un pueblo, de la Fundaci\u00f3n FASFI<\/em><br data-start=\"3208\" data-end=\"3211\" \/>Del dissabte 18 d&#8217;abril al diumenge 10 de maig<\/p>\n<p><\/p>\n<p data-start=\"2306\" data-end=\"2584\">Horari: de dimarts a dissabte de 10:00 a 14:00 h i de 15:00 a 18:00 h. Diumenges i festius de 10:00 a 14:00 h<\/p>\n<p>Informaci\u00f3: Esta exposici\u00f3 s&#8217;emmarca dins dels actes celebrats pel 75 aniversari del col\u00b7legi Jesu\u00eftines a Elx.<\/p>\n<p data-start=\"3369\" data-end=\"3496\">Una mostra que exposa a trav\u00e9s de fotografies la realitat i resili\u00e8ncia del voluntariat i d&#8217;una ciutat com Bangladesh.<\/p>\n<p><\/p>\n<hr data-start=\"3625\" data-end=\"3628\" \/>\n<h2 data-section-id=\"rez2p7\" data-start=\"3630\" data-end=\"3653\">BARRIS I PEDANIES<\/h2>\n<hr data-start=\"3655\" data-end=\"3658\" \/><\/p>\n<p data-start=\"3660\" data-end=\"3824\">ACTIVITAT FAMILIAR: <em>Juegos gigantes familiares<\/em>, amb la Cia. Bab\u00fa Animaciones<br data-start=\"3736\" data-end=\"3739\" \/>Matola. CC Verge del Carme, antigues escoles<br data-start=\"3786\" data-end=\"3789\" \/>Divendres 24 d&#8217;abril a les 17:00 h<\/p>\n<p><\/p>\n<p data-start=\"3826\" data-end=\"3863\">Entrada lliure fins a completar aforament<\/p>\n<p><\/p>\n<hr data-start=\"3865\" data-end=\"3868\" \/><\/p>\n<p data-start=\"3870\" data-end=\"3986\">TEATRE PER A ADULTS: amb la Cia. Els Teatrers<br data-start=\"3915\" data-end=\"3918\" \/>Torrellano Alt. Centre Social<br data-start=\"3948\" data-end=\"3951\" \/>Divendres 24 d&#8217;abril a les 18:00 h<\/p>\n<p><\/p>\n<p data-start=\"3988\" data-end=\"4025\">Entrada lliure fins a completar aforament<\/p>\n<p><\/p>\n<hr data-start=\"4027\" data-end=\"4030\" \/><\/p>\n<p data-start=\"4032\" data-end=\"4175\">TEATRE PER A ADULTS: <em>El gitano y la cabra<\/em>, amb la Cia. Pr\u00edapa Teatro<br data-start=\"4100\" data-end=\"4103\" \/>Penya de les \u00c0guiles. Centre C\u00edvic<br data-start=\"4137\" data-end=\"4140\" \/>Divendres 24 d&#8217;abril a les 19:00 h<\/p>\n<p><\/p>\n<p data-start=\"4177\" data-end=\"4214\">Entrada lliure fins a completar aforament<\/p>\n<p><\/p>\n<hr data-start=\"4216\" data-end=\"4219\" \/><\/p>\n<p data-start=\"4221\" data-end=\"4377\">FESTIVAL DE TITELLES CALENDURETA: <em>La ni\u00f1a Jaguar<\/em>, amb la Cia. Mosaico Cultural (el Brasil)<br data-start=\"4307\" data-end=\"4310\" \/>La Foia. Pla\u00e7a de la Torre del Gall<br data-start=\"4340\" data-end=\"4343\" \/>Dissabte 25 d&#8217;abril a les 12:00 h<\/p>\n<p><\/p>\n<p data-start=\"4379\" data-end=\"4416\">Entrada lliure fins a completar aforament<\/p>\n<p><\/p>\n<hr data-start=\"4418\" data-end=\"4421\" \/><\/p>\n<p data-start=\"4423\" data-end=\"4568\">ACTIVITAT FAMILIAR: <em>Juegos gigantes familiares<\/em>, amb la Cia. Bab\u00fa Animaciones<br data-start=\"4499\" data-end=\"4502\" \/>Els Bassars. Pla\u00e7a de l&#8217;esgl\u00e9sia<br data-start=\"4531\" data-end=\"4534\" \/>Dissabte 25 d&#8217;abril a les 17:00 h<\/p>\n<p><\/p>\n<p data-start=\"4570\" data-end=\"4607\">Entrada lliure fins a completar aforament<\/p>\n<p><\/p>\n<hr data-start=\"4609\" data-end=\"4612\" \/><\/p>\n<p data-start=\"4614\" data-end=\"4725\">M\u00daSICA:<em> Un mundo de color,<\/em> amb Rosa Gracia<br data-start=\"4656\" data-end=\"4659\" \/>Algoda. Col\u00b7legi els Garrofers<br data-start=\"4688\" data-end=\"4691\" \/>Dissabte 25 d&#8217;abril a les 17:30 h<\/p>\n<p><\/p>\n<p data-start=\"4727\" data-end=\"4764\">Entrada lliure fins a completar aforament<\/p>\n<p><\/p>\n<hr data-start=\"4766\" data-end=\"4769\" \/><\/p>\n<p data-start=\"4771\" data-end=\"4912\">TEATRE: <em>Peque\u00f1os secretos de familia<\/em>, amb la Cia. Melp\u00f3mene Teatro<br data-start=\"4837\" data-end=\"4840\" \/>Pu\u00e7ol. Zona col\u00b7legi, al costat del museu<br data-start=\"4875\" data-end=\"4878\" \/>Dissabte 25 d&#8217;abril a les 20:00 h<\/p>\n<p><\/p>\n<p data-start=\"4914\" data-end=\"4951\">Entrada lliure fins a completar aforament<\/p>\n<p><\/p>\n<hr data-start=\"4953\" data-end=\"4956\" \/><\/p>\n<p data-start=\"4958\" data-end=\"5057\">M\u00daSICA\/HUMOR: <em>Regomello<\/em> <em>Tr\u00edo<\/em><br data-start=\"4986\" data-end=\"4989\" \/>Torrellano Baix. Centre C\u00edvic<br data-start=\"5019\" data-end=\"5022\" \/>Diumenge 26 d&#8217;abril a les 17:00 h<\/p>\n<p><\/p>\n<p data-start=\"5059\" data-end=\"5096\">Entrada lliure fins a completar aforament<\/p>\n<p><\/p>\n<hr data-start=\"5098\" data-end=\"5101\" \/><\/p>\n<p data-start=\"5103\" data-end=\"5279\">FESTIVAL DE TITELLES CALENDURETA: <em>El \u00e1rbol de sombreros<\/em>, amb la Cia. Arlequ\u00edn y los juglares (Col\u00f2mbia)<br data-start=\"5205\" data-end=\"5208\" \/>Travalon Alt. Hort de Travalon<br data-start=\"5241\" data-end=\"5244\" \/>Diumenge 26 d&#8217;abril a les 18:00 h<\/p>\n<p><\/p>\n<p data-start=\"5281\" data-end=\"5318\">Entrada lliure fins a completar aforament<\/p>\n<p><\/p>\n<hr data-start=\"5320\" data-end=\"5323\" \/>\n<h2 data-section-id=\"xuf6e9\" data-start=\"5325\" data-end=\"5352\">MUSEU ESCOLAR DE PU\u00c7OL<\/h2>\n<p><\/p>\n<p data-start=\"5353\" data-end=\"5384\">Partida de Pu\u00e7ol 8, 03296 Elx<\/p>\n<p><\/p>\n<hr data-start=\"5386\" data-end=\"5389\" \/>\n<p>EXPOSICI\u00d3<em>: Elx en la d\u00e8cada de 1970. Una ciutat en transici\u00f3<\/em><\/p>\n<p>Del divendres 6 de febrer al diumenge 24 de maig<\/p>\n<p>Horari: de dilluns a divendres de 9:00 a 17:00 h. Dissabtes i diumenges de 11:00 a 14:00 h<\/p>\n<p data-start=\"5391\" data-end=\"5506\">Informaci\u00f3: substituir la terra i la graveta per empedrat i quitr\u00e0, desplegar blocs alts de formig\u00f3 en s\u00e8rie, al\u00e7ar complexos industrials al costat de palmerars i rec\u00f3rrer els carrers replets de senyals, llums i comer\u00e7os amb el SEAT 600, que era un dels majors s\u00edmbols de la cultura espanyola en les <strong>d\u00e8cades de 1960 i 1970<\/strong>, va ser un clar signe de canvi en la societat il\u00b7licitana i, per tant, en la vida urbana del municipi. <strong>Aquella Elx, fortament apegada a les seues tradicions, que encara mantenia una important pres\u00e8ncia del rural, havia desenrotllat una ind\u00fastria de l&#8217;espardenya, articles de cautx\u00fa i cal\u00e7at<\/strong>. Davant este horitz\u00f3 esperan\u00e7ador, es van crear nous barris i naus industrials. Per\u00f2 la construcci\u00f3 va induir a l&#8217;especulaci\u00f3 i altres problemes mediambientals, com ara la tala indiscriminada d&#8217;horts de palmera que van afectar notablement el paisatge aut\u00f2cton i tradicional d&#8217;Elx.<\/p>\n<p><\/p>\n<hr data-start=\"6526\" data-end=\"6529\" \/>\n<h2 data-section-id=\"zp7nn\" data-start=\"6531\" data-end=\"6552\">HORT DELS PONTOS<\/h2>\n<p><\/p>\n<p data-start=\"6553\" data-end=\"6583\">Cam\u00ed Alm\u00e0ssera 5, 03203, Elx<\/p>\n<p><\/p>\n<hr data-start=\"6585\" data-end=\"6588\" \/><\/p>\n<p data-start=\"6590\" data-end=\"6682\">EXPOSICI\u00d3: <em>Palmer-Art<\/em>, d&#8217;Antonio Agull\u00f3<br data-start=\"6631\" data-end=\"6634\" \/>Del dissabte 28 de mar\u00e7 al diumenge 30 d&#8217;agost<\/p>\n<p><\/p>\n<hr data-start=\"6684\" data-end=\"6687\" \/>\n<h2 data-section-id=\"1t7am85\" data-start=\"6689\" data-end=\"6704\">LA TRAMOIA<\/h2>\n<p><\/p>\n<p data-start=\"6705\" data-end=\"6757\">Carrer Manuel Lopez Quereda, 2, 03204 Elx, Alacant<\/p>\n<p><\/p>\n<hr data-start=\"6759\" data-end=\"6762\" \/><\/p>\n<p data-start=\"6764\" data-end=\"7028\">TITELLES: <em>Bobo<\/em>, amb la Cia. Periferia Teatro (M\u00farcia)<br data-start=\"6816\" data-end=\"6819\" \/>Del dimarts 21 al divendres 24 d&#8217;abril a les 10:30 h (concertat amb centres educatius)<br \/>\nDissabte 25 d&#8217;abril a les 18:00 h (p\u00fablic familiar)<br \/>\nDuraci\u00f3 aproximada: 50 minuts<br \/>\nRecomanat a partir de 4 anys<\/p>\n<p>Informaci\u00f3: En el pol Sud, un dels llocs de la terra on m\u00e9s fred fa, viu la fam\u00edlia Ping\u00fcin. Mam\u00e0 Ping\u00fcin als matins cuida la casa i a les vesprades pesca. Pap\u00e0 Ping\u00fcin als matins pesca i a les vesprades cuida la casa. I el xicotet Bobo fa el que m\u00e9s li agrada: menja i juga tot el dia.<\/p>\n<p>Per\u00f2 alguna cosa est\u00e0 canviant&#8230; Bobo est\u00e0 a punt de viure una sorprenent aventura. Hui els seus pap\u00e0s li han dit que tindr\u00e0 un germanet![\/vc_column_text][\/vc_column][\/vc_row][vc_row][vc_column width=&#8221;1\/6&#8243;][\/vc_column][vc_column width=&#8221;2\/3&#8243;]<audio class=\"sc_audio\" src=\"\" width=\"\" height=\"\"><\/audio>[\/vc_column][vc_column width=&#8221;1\/6&#8243;][\/vc_column][\/vc_row]<\/p>\n<\/div>","protected":false},"excerpt":{"rendered":"<p>[vc_row el_id=&#8221;SUBTITULAR_NOTICIA&#8221;][vc_column][vc_column_text css=&#8221;&#8221;] L\u2019Escorxador programa Ella, de Cadillac Teatro, amb funcions el divendres 24 i el dissabte 25 d&#8217;abril &nbsp; [\/vc_column_text][\/vc_column][\/vc_row][vc_row el_id=&#8221;TEXTO_NOTICIA&#8221;][vc_column][vc_column_text css=&#8221;&#8221;]El Gran Teatre concentra esta setmana diverses propostes [&hellip;]<\/p>\n","protected":false},"author":203,"featured_media":355606,"comment_status":"closed","ping_status":"closed","sticky":false,"template":"","format":"standard","meta":{"footnotes":""},"categories":[193,391,1312],"tags":[],"class_list":["post-355697","post","type-post","status-publish","format-standard","has-post-thumbnail","hentry","category-cultura-va","category-home-va","category-noticias-va"],"_links":{"self":[{"href":"https:\/\/www.elche.es\/va\/wp-json\/wp\/v2\/posts\/355697","targetHints":{"allow":["GET"]}}],"collection":[{"href":"https:\/\/www.elche.es\/va\/wp-json\/wp\/v2\/posts"}],"about":[{"href":"https:\/\/www.elche.es\/va\/wp-json\/wp\/v2\/types\/post"}],"author":[{"embeddable":true,"href":"https:\/\/www.elche.es\/va\/wp-json\/wp\/v2\/users\/203"}],"replies":[{"embeddable":true,"href":"https:\/\/www.elche.es\/va\/wp-json\/wp\/v2\/comments?post=355697"}],"version-history":[{"count":2,"href":"https:\/\/www.elche.es\/va\/wp-json\/wp\/v2\/posts\/355697\/revisions"}],"predecessor-version":[{"id":355699,"href":"https:\/\/www.elche.es\/va\/wp-json\/wp\/v2\/posts\/355697\/revisions\/355699"}],"wp:featuredmedia":[{"embeddable":true,"href":"https:\/\/www.elche.es\/va\/wp-json\/wp\/v2\/media\/355606"}],"wp:attachment":[{"href":"https:\/\/www.elche.es\/va\/wp-json\/wp\/v2\/media?parent=355697"}],"wp:term":[{"taxonomy":"category","embeddable":true,"href":"https:\/\/www.elche.es\/va\/wp-json\/wp\/v2\/categories?post=355697"},{"taxonomy":"post_tag","embeddable":true,"href":"https:\/\/www.elche.es\/va\/wp-json\/wp\/v2\/tags?post=355697"}],"curies":[{"name":"wp","href":"https:\/\/api.w.org\/{rel}","templated":true}]}}