{"id":355713,"date":"2026-04-22T14:07:47","date_gmt":"2026-04-22T12:07:47","guid":{"rendered":"https:\/\/www.elche.es\/2026\/04\/el-museu-de-la-vinguda-de-la-verge-obri-les-portes-al-public-el-23-dabril\/"},"modified":"2026-04-23T13:14:09","modified_gmt":"2026-04-23T11:14:09","slug":"el-museu-de-la-vinguda-de-la-verge-obri-les-portes-al-public-el-23-dabril","status":"publish","type":"post","link":"https:\/\/www.elche.es\/va\/2026\/04\/el-museu-de-la-vinguda-de-la-verge-obri-les-portes-al-public-el-23-dabril\/","title":{"rendered":"El Museu de la Vinguda de la Verge obri les portes al p\u00fablic el 23 d&#8217;abril"},"content":{"rendered":"<div class=\"wpb-content-wrapper\"><p>[vc_row el_id=&#8221;SUBTITULAR_NOTICIA&#8221;][vc_column][vc_column_text css=&#8221;&#8221;]<\/p>\n<hr \/>\n<h4>L&#8217;espai recorre l&#8217;origen i l&#8217;evoluci\u00f3 d&#8217;una de les tradicions m\u00e9s emblem\u00e0tiques d&#8217;Elx des del segle XIV<\/h4>\n<hr \/>\n<p>[\/vc_column_text][\/vc_column][\/vc_row][vc_row el_id=&#8221;TEXTO_NOTICIA&#8221;][vc_column][vc_column_text css=&#8221;&#8221;]El Museu de la Vinguda de la Verge, situat en l&#8217;Hort de les Portes Encarnades, obri al p\u00fablic dijous que ve, 23 d&#8217;abril. Un espai cultural que posa en valor una de les tradicions m\u00e9s representatives de la ciutat.<\/p>\n<p>L&#8217;horari de visita ser\u00e0 dijous i divendres de 10.00 a 13.00 i de 17.00 a 19.00 hores i dissabtes i diumenges de 10.00 a 13.00 hores. L&#8217;entrada ser\u00e0 totalment gratu\u00efta.<\/p>\n<p>El museu oferix un recorregut per la hist\u00f2ria de la Vinguda de la Verge, vinculada a l&#8217;arribada de la Verge de l&#8217;Assumpci\u00f3 a les costes il\u00b7licitanes l&#8217;any 1370. L&#8217;espai expositiu permet con\u00e9ixer el context hist\u00f2ric i religi\u00f3s en el qual sorgix esta tradici\u00f3, aix\u00ed com la seua evoluci\u00f3 fins a convertir-se en una de les celebracions m\u00e9s multitudin\u00e0ries del municipi.[\/vc_column_text][\/vc_column][\/vc_row][vc_row el_id=&#8221;DESTACADO_NOTICIA&#8221;][vc_column][vc_column_text css=&#8221;&#8221; el_class=&#8221;cuadronoticia&#8221;]<\/p>\n<h5>L&#8217;entrada ser\u00e0 gratu\u00efta i es podr\u00e0 visitar els dijous i divendres en horari de mat\u00ed i de vesprada, aix\u00ed com els dissabtes i diumenges en horari de mat\u00ed<\/h5>\n<p>[\/vc_column_text][\/vc_column][\/vc_row][vc_row el_id=&#8221;TEXTO_FIN_NOTICIA&#8221;][vc_column][vc_column_text css=&#8221;&#8221;]El nou espai expositiu reunix documents hist\u00f2rics, recreacions, peces originals i indument\u00e0ria vinculada a la festivitat, i oferix una visi\u00f3 completa tant del seu origen medieval com del seu desenrotllament contemporani. A trav\u00e9s de diferents recursos interpretatius, els visitants podran comprendre el valor patrimonial d&#8217;esta celebraci\u00f3 i l&#8217;estreta relaci\u00f3 que t\u00e9 amb el Misteri d\u2019Elx.<\/p>\n<p>El museu es distribu\u00efx en diverses sales expositives organitzades entorn d&#8217;una escala central, on s&#8217;aborden aspectes com els gegants i capgrossos, la m\u00fasica tradicional, la romeria del 28 de desembre, la figura de Francesc Cant\u00f3 o l&#8217;evoluci\u00f3 de l&#8217;antic Ajuntament. A m\u00e9s, l&#8217;edifici compta amb despatxos, arxiu documental i terrasses exteriors, on tamb\u00e9 se situar\u00e0 la seu de la Societat Vinguda de la Verge.<\/p>\n<hr \/>\n<p>[\/vc_column_text][\/vc_column][\/vc_row][vc_row][vc_column width=&#8221;1\/6&#8243;][\/vc_column][vc_column width=&#8221;1\/6&#8243;][\/vc_column][\/vc_row][vc_row el_id=&#8221;SUBTITULAR_NOTICIA&#8221;][vc_column][vc_column_text]<\/p>\n<p><\/p>\n<hr \/>\n<h4>SUBTITULO<\/h4>\n<hr \/>\n<p>[\/vc_column_text][\/vc_column][\/vc_row][vc_row el_id=&#8221;TEXTO_NOTICIA&#8221;][vc_column][vc_column_text][\/vc_column_text][\/vc_column][\/vc_row][vc_row el_id=&#8221;DESTACADO_NOTICIA&#8221;][vc_column][vc_column_text el_class=&#8221;cuadronoticia&#8221;]<\/p>\n<h5>DESTACADO<\/h5>\n<p>\n[\/vc_column_text][\/vc_column][\/vc_row][vc_row el_id=&#8221;TEXTO_FIN_NOTICIA&#8221;][vc_column][vc_column_text]<\/p>\n<p><\/p>\n<hr \/>\n<p>[\/vc_column_text][\/vc_column][\/vc_row][vc_row][vc_column width=&#8221;1\/6&#8243;][\/vc_column][vc_column width=&#8221;2\/3&#8243;]<audio class=\"sc_audio\" src=\"\" width=\"\" height=\"\"><\/audio>[\/vc_column][vc_column width=&#8221;1\/6&#8243;][\/vc_column][\/vc_row]<\/p>\n<\/div>","protected":false},"excerpt":{"rendered":"<p>[vc_row el_id=&#8221;SUBTITULAR_NOTICIA&#8221;][vc_column][vc_column_text css=&#8221;&#8221;] L&#8217;espai recorre l&#8217;origen i l&#8217;evoluci\u00f3 d&#8217;una de les tradicions m\u00e9s emblem\u00e0tiques d&#8217;Elx des del segle XIV [\/vc_column_text][\/vc_column][\/vc_row][vc_row el_id=&#8221;TEXTO_NOTICIA&#8221;][vc_column][vc_column_text css=&#8221;&#8221;]El Museu de la Vinguda de la Verge, situat [&hellip;]<\/p>\n","protected":false},"author":203,"featured_media":355706,"comment_status":"closed","ping_status":"closed","sticky":false,"template":"","format":"standard","meta":{"footnotes":""},"categories":[193,391,2788],"tags":[],"class_list":["post-355713","post","type-post","status-publish","format-standard","has-post-thumbnail","hentry","category-cultura-va","category-home-va","category-noticies-educacio"],"_links":{"self":[{"href":"https:\/\/www.elche.es\/va\/wp-json\/wp\/v2\/posts\/355713","targetHints":{"allow":["GET"]}}],"collection":[{"href":"https:\/\/www.elche.es\/va\/wp-json\/wp\/v2\/posts"}],"about":[{"href":"https:\/\/www.elche.es\/va\/wp-json\/wp\/v2\/types\/post"}],"author":[{"embeddable":true,"href":"https:\/\/www.elche.es\/va\/wp-json\/wp\/v2\/users\/203"}],"replies":[{"embeddable":true,"href":"https:\/\/www.elche.es\/va\/wp-json\/wp\/v2\/comments?post=355713"}],"version-history":[{"count":5,"href":"https:\/\/www.elche.es\/va\/wp-json\/wp\/v2\/posts\/355713\/revisions"}],"predecessor-version":[{"id":355781,"href":"https:\/\/www.elche.es\/va\/wp-json\/wp\/v2\/posts\/355713\/revisions\/355781"}],"wp:featuredmedia":[{"embeddable":true,"href":"https:\/\/www.elche.es\/va\/wp-json\/wp\/v2\/media\/355706"}],"wp:attachment":[{"href":"https:\/\/www.elche.es\/va\/wp-json\/wp\/v2\/media?parent=355713"}],"wp:term":[{"taxonomy":"category","embeddable":true,"href":"https:\/\/www.elche.es\/va\/wp-json\/wp\/v2\/categories?post=355713"},{"taxonomy":"post_tag","embeddable":true,"href":"https:\/\/www.elche.es\/va\/wp-json\/wp\/v2\/tags?post=355713"}],"curies":[{"name":"wp","href":"https:\/\/api.w.org\/{rel}","templated":true}]}}