{"id":355731,"date":"2026-04-22T14:19:05","date_gmt":"2026-04-22T12:19:05","guid":{"rendered":"https:\/\/www.elche.es\/2026\/04\/elx-acull-este-cap-de-setmana-lassemblea-de-teatre-amateur-de-la-comunitat-valenciana\/"},"modified":"2026-04-22T14:19:14","modified_gmt":"2026-04-22T12:19:14","slug":"elx-acull-este-cap-de-setmana-lassemblea-de-teatre-amateur-de-la-comunitat-valenciana","status":"publish","type":"post","link":"https:\/\/www.elche.es\/va\/2026\/04\/elx-acull-este-cap-de-setmana-lassemblea-de-teatre-amateur-de-la-comunitat-valenciana\/","title":{"rendered":"Elx acull este cap de setmana l&#8217;Assemblea de Teatre Amateur de la Comunitat Valenciana"},"content":{"rendered":"<div class=\"wpb-content-wrapper\"><p>[vc_row el_id=&#8221;SUBTITULAR_NOTICIA&#8221;][vc_column][vc_column_text css=&#8221;&#8221;]<\/p>\n<hr \/>\n<h4>L&#8217;esdeveniment m\u00e9s destacat \u00e9s el lliurament dels premis TABLAS que este recauen en al programador del Gran Teatre, Juli\u00e1n S\u00e1ez i el grup il\u00b7licit\u00e0 Carafur Teatro<\/h4>\n<hr \/>\n<p>[\/vc_column_text][\/vc_column][\/vc_row][vc_row el_id=&#8221;TEXTO_NOTICIA&#8221;][vc_column][vc_column_text css=&#8221;&#8221;]Elx acull este cap de setmana la 39\u00e9 edici\u00f3 de l&#8217;Assemblea de Teatre Amateur de la Comunitat Valenciana, en la qual participen m\u00e9s de 200 persones i m\u00e9s de 40 grups de teatre amateur de l&#8217;\u00e0mbit auton\u00f2mic.<\/p>\n<p>Durant el cap de setmana s&#8217;han previst diferents activitats a la ciutat com visites guiades, teatralitzacions al carrer, gimcana teatral, a m\u00e9s d&#8217;una recepci\u00f3 institucional amb l&#8217;alcalde Pablo Ruz i l&#8217;edil de Cultura i Turisme, Irene Ru\u00edz, en el Gran Teatre.<\/p>\n<p>L&#8217;esdeveniment m\u00e9s destacat \u00e9s el lliurament dels premis TABLAS que s&#8217;atorguen a grups, entitats o persones m\u00e9s destacades del m\u00f3n del teatre amateur auton\u00f2mic en el 2025 i que se celebrar\u00e0 el dissabte a les 19.30 en el Gran Teatre, amb entrada gratu\u00efta pr\u00e8via recollida d&#8217;entrades en la mateixa taquilla.[\/vc_column_text][\/vc_column][\/vc_row][vc_row el_id=&#8221;DESTACADO_NOTICIA&#8221;][vc_column][vc_column_text css=&#8221;&#8221; el_class=&#8221;cuadronoticia&#8221;]<\/p>\n<h5>Hi participen m\u00e9s de 200 persones i m\u00e9s de 40 grups de teatre amateur de l&#8217;\u00e0mbit auton\u00f2mic<\/h5>\n<p>[\/vc_column_text][\/vc_column][\/vc_row][vc_row el_id=&#8221;TEXTO_FIN_NOTICIA&#8221;][vc_column][vc_column_text css=&#8221;&#8221;]En esta ocasi\u00f3, dos dels quatre premis s\u00f3n per a il\u00b7licitans. D&#8217;una banda, al programador del Gran Teatre, Juli\u00e1n S\u00e1ez, per la seua contribuci\u00f3 al desenrotllament del teatre amateur i el premi al grup de teatre amateur m\u00e9s destacat \u00e9s per a Carafur Teatro. A m\u00e9s, s&#8217;entregaran a l&#8217;Associaci\u00f3 Cultural per a la Integraci\u00f3 d&#8217;Immigrants Russoparlants a Espanya (ARIES) i a l&#8217;actor Paco Ill\u00e1n.<\/p>\n<p>L&#8217;Ajuntament d&#8217;Elx ja va rebre este premi l&#8217;any 2005 i el CCCE L&#8217;Escorxador, en 2021.<\/p>\n<p>El diumenge a partir de les 10.00 hores se celebrar\u00e0 l&#8217;Assemblea amb la pres\u00e8ncia de la regidora de Cultura, Irene Ruiz.<\/p>\n<p>L&#8217;Assemblea est\u00e0 organitzada per la Federaci\u00f3 de Teatre Amateur i els grups de teatre il\u00b7licitans Asprella teatre, Atrote, Calandraca Teatro, Carafur, Menudas Lagartas, Pr\u00edapa Teatro, Teatreta, Teatro de La Baranda, Teatro en Construcci\u00f3n i Todo Sobre Eva amb la col\u00b7laboraci\u00f3 de les Regidories de Cultura i Turisme.<\/p>\n<p>La Federaci\u00f3 de Teatre Amateur de la Comunitat Valenciana (FTACV) es va fundar en 1988 i en l&#8217;actualitat compta amb 133 grups federats d&#8217;Alacant, Val\u00e8ncia i Castell\u00f3 i m\u00e9s de 1.500 components. Elx \u00e9s la ciutat de la Comunitat Valenciana amb m\u00e9s grups federats, amb un total de 14, la qual cosa la convertix en ciutat creadora de cultura i referent auton\u00f2mic i nacional del teatre amateur.<\/p>\n<hr \/>\n<p>[\/vc_column_text][\/vc_column][\/vc_row][vc_row][vc_column width=&#8221;1\/6&#8243;][\/vc_column][vc_column width=&#8221;2\/3&#8243;]<audio class=\"sc_audio\" src=\"https:\/\/soundcloud.com\/ayuntamiento-de-elche\/elche-acoge-este-fin-de-semana\" width=\"\" height=\"\" style=\"````\"><\/audio>[\/vc_column][vc_column width=&#8221;1\/6&#8243;][\/vc_column][\/vc_row]<\/p>\n<\/div>","protected":false},"excerpt":{"rendered":"<p>[vc_row el_id=&#8221;SUBTITULAR_NOTICIA&#8221;][vc_column][vc_column_text css=&#8221;&#8221;] L&#8217;esdeveniment m\u00e9s destacat \u00e9s el lliurament dels premis TABLAS que este recauen en al programador del Gran Teatre, Juli\u00e1n S\u00e1ez i el grup il\u00b7licit\u00e0 Carafur Teatro [\/vc_column_text][\/vc_column][\/vc_row][vc_row [&hellip;]<\/p>\n","protected":false},"author":203,"featured_media":203518,"comment_status":"closed","ping_status":"closed","sticky":false,"template":"","format":"standard","meta":{"footnotes":""},"categories":[193,391,1312],"tags":[],"class_list":["post-355731","post","type-post","status-publish","format-standard","has-post-thumbnail","hentry","category-cultura-va","category-home-va","category-noticias-va"],"_links":{"self":[{"href":"https:\/\/www.elche.es\/va\/wp-json\/wp\/v2\/posts\/355731","targetHints":{"allow":["GET"]}}],"collection":[{"href":"https:\/\/www.elche.es\/va\/wp-json\/wp\/v2\/posts"}],"about":[{"href":"https:\/\/www.elche.es\/va\/wp-json\/wp\/v2\/types\/post"}],"author":[{"embeddable":true,"href":"https:\/\/www.elche.es\/va\/wp-json\/wp\/v2\/users\/203"}],"replies":[{"embeddable":true,"href":"https:\/\/www.elche.es\/va\/wp-json\/wp\/v2\/comments?post=355731"}],"version-history":[{"count":2,"href":"https:\/\/www.elche.es\/va\/wp-json\/wp\/v2\/posts\/355731\/revisions"}],"predecessor-version":[{"id":355733,"href":"https:\/\/www.elche.es\/va\/wp-json\/wp\/v2\/posts\/355731\/revisions\/355733"}],"wp:featuredmedia":[{"embeddable":true,"href":"https:\/\/www.elche.es\/va\/wp-json\/wp\/v2\/media\/203518"}],"wp:attachment":[{"href":"https:\/\/www.elche.es\/va\/wp-json\/wp\/v2\/media?parent=355731"}],"wp:term":[{"taxonomy":"category","embeddable":true,"href":"https:\/\/www.elche.es\/va\/wp-json\/wp\/v2\/categories?post=355731"},{"taxonomy":"post_tag","embeddable":true,"href":"https:\/\/www.elche.es\/va\/wp-json\/wp\/v2\/tags?post=355731"}],"curies":[{"name":"wp","href":"https:\/\/api.w.org\/{rel}","templated":true}]}}