{"id":355740,"date":"2026-04-22T14:27:27","date_gmt":"2026-04-22T12:27:27","guid":{"rendered":"https:\/\/www.elche.es\/2026\/04\/elx-ultima-la-construccio-del-nou-tanc-de-tempestes-als-arenals-del-sol\/"},"modified":"2026-04-22T14:27:35","modified_gmt":"2026-04-22T12:27:35","slug":"elx-ultima-la-construccio-del-nou-tanc-de-tempestes-als-arenals-del-sol","status":"publish","type":"post","link":"https:\/\/www.elche.es\/va\/2026\/04\/elx-ultima-la-construccio-del-nou-tanc-de-tempestes-als-arenals-del-sol\/","title":{"rendered":"Elx ultima la construcci\u00f3 del nou tanc de tempestes als Arenals del Sol"},"content":{"rendered":"<div class=\"wpb-content-wrapper\"><p>[vc_row el_id=&#8221;SUBTITULAR_NOTICIA&#8221;][vc_column][vc_column_text css=&#8221;&#8221;]<\/p>\n<hr \/>\n<h4>Esta infraestructura tindr\u00e0 una capacitat d&#8217;1 mili\u00f3 de litres d&#8217;aigua per a previndre desbordaments en la xarxa de sanejament, principalment en l&#8217;avinguda Sant Bartolom\u00e9 de Tirajana i la zona de costa durant episodis de pluges intenses<\/h4>\n<hr \/>\n<p>[\/vc_column_text][\/vc_column][\/vc_row][vc_row el_id=&#8221;TEXTO_NOTICIA&#8221;][vc_column][vc_column_text css=&#8221;&#8221;]L&#8217;Ajuntament d&#8217;Elx, a trav\u00e9s d&#8217;Aig\u00fces d\u2019Elx, ultima les obres de construcci\u00f3 del tanc de tempestes en l&#8217;avinguda Sant Bartolom\u00e9 de Tirajana, en la pedania dels Arenals del Sol, amb una inversi\u00f3 d&#8217;1,2 milions d&#8217;euros dins del Pla de Pluvials de l&#8217;empresa mixta.<\/p>\n<p>El nou dep\u00f2sit de retenci\u00f3 d&#8217;aig\u00fces pluvials tindr\u00e0 una capacitat d&#8217;1 mili\u00f3 de litres d&#8217;aigua, la qual cosa permetr\u00e0 retindre l&#8217;exc\u00e9s de cabal durant episodis de pluges abundants i evitar situacions de desbordaments en el sistema de sanejament, especialment en l&#8217;avinguda Sant Bartolom\u00e9 de Tirajana i en la zona de costa.<\/p>\n<p>L&#8217;alcalde Pablo Ruz ha assenyalat que \u201cl&#8217;objectiu \u00e9s posar soluci\u00f3 als problemes d&#8217;\u00edndole pluviom\u00e8tric que existien als Arenals del Sol, per\u00f2 a m\u00e9s este projecte aposta per la reutilitzaci\u00f3 de l&#8217;aigua regenerada, que es destinar\u00e0 al Clot de Galvany\u201d.<br \/>\n[\/vc_column_text][\/vc_column][\/vc_row][vc_row el_id=&#8221;DESTACADO_NOTICIA&#8221;][vc_column][vc_column_text css=&#8221;&#8221; el_class=&#8221;cuadronoticia&#8221;]<\/p>\n<h5>La inversi\u00f3 ascendix a 1,2 milions d&#8217;euros i les obres conclouran abans de l&#8217;estiu<\/h5>\n<p>[\/vc_column_text][\/vc_column][\/vc_row][vc_row type=&#8221;flexslider_slide&#8221; interval=&#8221;5&#8243; source=&#8221;media_library&#8221; images=&#8221;&#8221; img_size=&#8221;full&#8221; external_img_size=&#8221;&#8221; onclick=&#8221;link_image&#8221; custom_links_target=&#8221;_self&#8221; el_class=&#8221;galerianoticia&#8221; title=&#8221;&#8221; custom_srcs=&#8221;&#8221; custom_links=&#8221;&#8221;][vc_column][vc_gallery type=&#8221;flexslider_slide&#8221; interval=&#8221;5&#8243; images=&#8221;355719,355721,355723,355725,355727&#8243; img_size=&#8221;full&#8221; css=&#8221;&#8221; el_class=&#8221;galerianoticia&#8221;][\/vc_column][\/vc_row][vc_row el_id=&#8221;TEXTO_FIN_NOTICIA&#8221;][vc_column][vc_column_text css=&#8221;&#8221;]En este sentit, una vegada finalitzat l&#8217;episodi de pluges, l&#8217;aigua emmagatzemada ser\u00e0 impulsada mitjan\u00e7ant l&#8217;estaci\u00f3 de bombeig existent fins a l&#8217;EDAR dels Arenals perqu\u00e8 es realitze el tractament i posteriorment l&#8217;aigua regenerada es destinar\u00e0 a la reutilitzaci\u00f3, concretament per al manteniment de les tolles artificials del Clot de Galvany i per a \u00fas agr\u00edcola.<\/p>\n<p>Ruz ha destacat que este \u00e9s el primer tanc de tempestes d&#8217;estes caracter\u00edstiques en el municipi, una actuaci\u00f3 estrat\u00e8gica per a refor\u00e7ar la xarxa de sanejament en una zona sensible durant els episodis de pluges m\u00e9s intenses. A m\u00e9s de la millora hidr\u00e0ulica, l&#8217;actuaci\u00f3 inclou la instal\u00b7laci\u00f3 d&#8217;una zona de calist\u00e8nia a l&#8217;aire lliure, amb la qual cosa es genera un nou espai per a la pr\u00e0ctica esportiva en la pedania.<\/p>\n<p>D&#8217;altra banda, ha assenyalat que el futur tanc de tempestes a l&#8217;entorn del barranc de Sant Antoni es troba en la fase de redacci\u00f3 del projecte, per a despr\u00e9s iniciar la licitaci\u00f3, amb la previsi\u00f3 que les obres comencen a la fi d&#8217;any.<\/p>\n<p>La gerent d&#8217;Aig\u00fces d\u2019Elx, M. Jos\u00e9 Toledo, ha indicat que \u201cdurant les \u00e8poques de pluja abundant els col\u00b7lectors eren insuficients per a poder assumir tot el cabal d&#8217;aigua pluvial que entrava en el col\u00b7lector i este nou tanc de tempestes permetr\u00e0 que eixe volum d&#8217;aigua no es desborde i aix\u00ed retindre&#8217;l i reutilitzar-lo\u201d.<\/p>\n<hr \/>\n<p>[\/vc_column_text][\/vc_column][\/vc_row][vc_row][vc_column width=&#8221;1\/6&#8243;][\/vc_column][vc_column width=&#8221;2\/3&#8243;]<audio class=\"sc_audio\" src=\"https:\/\/soundcloud.com\/ayuntamiento-de-elche\/audio-pablo-ruz-36?si=c7b6a9b43e3f47d0ab55fac6b116b6b1&#038;utm_source=clipboard&#038;utm_medium=text&#038;utm_campaign=social_sharing\" width=\"\" height=\"\" style=\"````\"><\/audio>[\/vc_column][vc_column width=&#8221;1\/6&#8243;][\/vc_column][\/vc_row]<\/p>\n<\/div>","protected":false},"excerpt":{"rendered":"<p>[vc_row el_id=&#8221;SUBTITULAR_NOTICIA&#8221;][vc_column][vc_column_text css=&#8221;&#8221;] Esta infraestructura tindr\u00e0 una capacitat d&#8217;1 mili\u00f3 de litres d&#8217;aigua per a previndre desbordaments en la xarxa de sanejament, principalment en l&#8217;avinguda Sant Bartolom\u00e9 de Tirajana i [&hellip;]<\/p>\n","protected":false},"author":139,"featured_media":355718,"comment_status":"closed","ping_status":"closed","sticky":false,"template":"","format":"standard","meta":{"footnotes":""},"categories":[2247,391,1312],"tags":[],"class_list":["post-355740","post","type-post","status-publish","format-standard","has-post-thumbnail","hentry","category-aguas-va","category-home-va","category-noticias-va"],"_links":{"self":[{"href":"https:\/\/www.elche.es\/va\/wp-json\/wp\/v2\/posts\/355740","targetHints":{"allow":["GET"]}}],"collection":[{"href":"https:\/\/www.elche.es\/va\/wp-json\/wp\/v2\/posts"}],"about":[{"href":"https:\/\/www.elche.es\/va\/wp-json\/wp\/v2\/types\/post"}],"author":[{"embeddable":true,"href":"https:\/\/www.elche.es\/va\/wp-json\/wp\/v2\/users\/139"}],"replies":[{"embeddable":true,"href":"https:\/\/www.elche.es\/va\/wp-json\/wp\/v2\/comments?post=355740"}],"version-history":[{"count":2,"href":"https:\/\/www.elche.es\/va\/wp-json\/wp\/v2\/posts\/355740\/revisions"}],"predecessor-version":[{"id":355742,"href":"https:\/\/www.elche.es\/va\/wp-json\/wp\/v2\/posts\/355740\/revisions\/355742"}],"wp:featuredmedia":[{"embeddable":true,"href":"https:\/\/www.elche.es\/va\/wp-json\/wp\/v2\/media\/355718"}],"wp:attachment":[{"href":"https:\/\/www.elche.es\/va\/wp-json\/wp\/v2\/media?parent=355740"}],"wp:term":[{"taxonomy":"category","embeddable":true,"href":"https:\/\/www.elche.es\/va\/wp-json\/wp\/v2\/categories?post=355740"},{"taxonomy":"post_tag","embeddable":true,"href":"https:\/\/www.elche.es\/va\/wp-json\/wp\/v2\/tags?post=355740"}],"curies":[{"name":"wp","href":"https:\/\/api.w.org\/{rel}","templated":true}]}}