{"id":355814,"date":"2026-04-23T14:00:58","date_gmt":"2026-04-23T12:00:58","guid":{"rendered":"https:\/\/www.elche.es\/2026\/04\/llum-verda-al-contracte-de-subministrament-de-jupetins-antibales-per-a-la-policia-local\/"},"modified":"2026-04-23T14:01:07","modified_gmt":"2026-04-23T12:01:07","slug":"llum-verda-al-contracte-de-subministrament-de-jupetins-antibales-per-a-la-policia-local","status":"publish","type":"post","link":"https:\/\/www.elche.es\/va\/2026\/04\/llum-verda-al-contracte-de-subministrament-de-jupetins-antibales-per-a-la-policia-local\/","title":{"rendered":"Llum verda al contracte de subministrament de jupetins antibales per a la Policia Local"},"content":{"rendered":"<div class=\"wpb-content-wrapper\"><p>[vc_row el_id=&#8221;SUBTITULAR_NOTICIA&#8221;][vc_column][vc_column_text css=&#8221;&#8221;]<\/p>\n<hr \/>\n<h4>La Junta de Govern Local ha adjudicat este nou contracte amb el qual dotar dels elements necessaris als agents per a l&#8217;exercici de la seua labor<\/h4>\n<hr \/>\n<p>[\/vc_column_text][\/vc_column][\/vc_row][vc_row el_id=&#8221;TEXTO_NOTICIA&#8221;][vc_column][vc_column_text css=&#8221;&#8221;]La Junta de Govern Local ha adjudicat el contracte de subministrament de 200 jupetins antibales, antiganivet i antipunx\u00f3 destinats als agents de la Policia Local d&#8217;Elx.<\/p>\n<p>La portaveu de la Junta de Govern Local, Inma Mora, ha explicat que este contracte s&#8217;ha adjudicat per un import de 121.000 euros a la mercantil TECHNICALUNIFORMS SL, durant un per\u00edode de 4 anys, amb l&#8217;objectiu de dotar dels elements necessaris la Policia Local per a l&#8217;exercici de la seua labor.<\/p>\n<p>En la reuni\u00f3 d&#8217;este dijous tamb\u00e9 s&#8217;ha aprovat l&#8217;inici de l&#8217;expedient per a l&#8217;adjudicaci\u00f3 de les obres de reforma de les jardineres del parc municipal jard\u00ed Nieves Berenguer, al carrer Bisbe Barrachina, despr\u00e9s de la resoluci\u00f3 de l&#8217;anterior contracte per defici\u00e8ncies i retard en l&#8217;execuci\u00f3 dels treballs de manera continuada. En este sentit, en la Junta de Govern Local del passat 9 d&#8217;abril es va aprovar la liquidaci\u00f3 final de l&#8217;obra que va ascendir a 37.285 euros i la confiscaci\u00f3 de la garantia definitiva depositada per 7.055\u201994 euros.<br \/>\n[\/vc_column_text][\/vc_column][\/vc_row][vc_row el_id=&#8221;DESTACADO_NOTICIA&#8221;][vc_column][vc_column_text css=&#8221;&#8221; el_class=&#8221;cuadronoticia&#8221;]<\/p>\n<h5>En la reuni\u00f3 s&#8217;ha aprovat iniciar l&#8217;expedient d&#8217;execuci\u00f3 de les obres de reforma de jardineres del parc municipal jard\u00ed Nieves Berenguer, al carrer Bisbe Barrachina<\/h5>\n<p>[\/vc_column_text][\/vc_column][\/vc_row][vc_row el_id=&#8221;TEXTO_FIN_NOTICIA&#8221;][vc_column][vc_column_text css=&#8221;&#8221;]El nou contracte compta amb un pressupost base de licitaci\u00f3 de 160.425 euros i un termini d&#8217;execuci\u00f3 de 3 mesos, a m\u00e9s les empreses interessades compten amb 20 dies naturals per a la presentaci\u00f3 de sol\u00b7licituds.<\/p>\n<p>D&#8217;altra banda, s&#8217;ha aprovat l&#8217;inici de l&#8217;expedient de licitaci\u00f3 d&#8217;un nou contracte de subministrament per a l&#8217;adquisici\u00f3 de llast artificial i \u00e0rids per a reparaci\u00f3 de vials p\u00fablics en 2026. El pressupost base de licitaci\u00f3 \u00e9s de 150.000 euros i un termini d&#8217;execuci\u00f3 de 2 anys.<\/p>\n<p>Tamb\u00e9 s&#8217;han aprovat les bases de la convocat\u00f2ria per a la concessi\u00f3 de les Ajudes Elx Ocupa 2026. L&#8217;objectiu \u00e9s afavorir la contractaci\u00f3 de persones desocupades, aix\u00ed com fomentar l&#8217;ocupaci\u00f3 estable i de qualitat i impulsar la inserci\u00f3 laboral de col\u00b7lectius amb major dificultat d&#8217;acc\u00e9s al mercat de treball dins del municipi d&#8217;Elx.<\/p>\n<p>La subvenci\u00f3 oscil\u00b7la entre els 2.000 i 3.000 euros i el termini de sol\u00b7licitud de les ajudes comen\u00e7ar\u00e0 a comptar des de l&#8217;endem\u00e0 de la publicaci\u00f3 en el BOP i finalitzar\u00e0 el 31 d&#8217;agost. Els contractes han d&#8217;estar formalitzats des de l&#8217;1 de gener de 2026 fins a la finalitzaci\u00f3 del termini de presentaci\u00f3 de les sol\u00b7licituds.<\/p>\n<p>Aix\u00ed mateix, s&#8217;han aprovat les bases de la convocat\u00f2ria de subvencions dirigides a associacions de comer\u00e7 i hostaleria del municipi d&#8217;Elx per un import de 40.000 euros, amb una quantia m\u00e0xima de 8.000 euros per associaci\u00f3 i el termini de presentaci\u00f3 de sol\u00b7licituds ser\u00e0 de 15 dies h\u00e0bils des de l&#8217;endem\u00e0 de la publicaci\u00f3 en el BOP.<\/p>\n<p>L&#8217;objectiu d&#8217;estes subvencions concedides en r\u00e8gim de concurr\u00e8ncia competitiva, \u00e9s fer costat a les associacions de comer\u00e7 i hostaleria per a la realitzaci\u00f3 d&#8217;activitats de digitalitzaci\u00f3, comunicaci\u00f3 i dinamitzaci\u00f3 comercial durant l&#8217;any 2026.<\/p>\n<hr \/>\n<p>[\/vc_column_text][\/vc_column][\/vc_row][vc_row][vc_column width=&#8221;1\/6&#8243;][\/vc_column][vc_column width=&#8221;2\/3&#8243;]<audio class=\"sc_audio\" src=\"https:\/\/soundcloud.com\/ayuntamiento-de-elche\/audio-inma-mora-4?si=40cec3325a524fe2a4d5bbe06c882620&#038;utm_source=clipboard&#038;utm_medium=text&#038;utm_campaign=social_sharing\" width=\"\" height=\"\" style=\"````\"><\/audio>[\/vc_column][vc_column width=&#8221;1\/6&#8243;][\/vc_column][\/vc_row]<\/p>\n<\/div>","protected":false},"excerpt":{"rendered":"<p>[vc_row el_id=&#8221;SUBTITULAR_NOTICIA&#8221;][vc_column][vc_column_text css=&#8221;&#8221;] La Junta de Govern Local ha adjudicat este nou contracte amb el qual dotar dels elements necessaris als agents per a l&#8217;exercici de la seua labor [\/vc_column_text][\/vc_column][\/vc_row][vc_row [&hellip;]<\/p>\n","protected":false},"author":139,"featured_media":355796,"comment_status":"closed","ping_status":"closed","sticky":false,"template":"","format":"standard","meta":{"footnotes":""},"categories":[391,1312,2776],"tags":[],"class_list":["post-355814","post","type-post","status-publish","format-standard","has-post-thumbnail","hentry","category-home-va","category-noticias-va","category-ple"],"_links":{"self":[{"href":"https:\/\/www.elche.es\/va\/wp-json\/wp\/v2\/posts\/355814","targetHints":{"allow":["GET"]}}],"collection":[{"href":"https:\/\/www.elche.es\/va\/wp-json\/wp\/v2\/posts"}],"about":[{"href":"https:\/\/www.elche.es\/va\/wp-json\/wp\/v2\/types\/post"}],"author":[{"embeddable":true,"href":"https:\/\/www.elche.es\/va\/wp-json\/wp\/v2\/users\/139"}],"replies":[{"embeddable":true,"href":"https:\/\/www.elche.es\/va\/wp-json\/wp\/v2\/comments?post=355814"}],"version-history":[{"count":2,"href":"https:\/\/www.elche.es\/va\/wp-json\/wp\/v2\/posts\/355814\/revisions"}],"predecessor-version":[{"id":355816,"href":"https:\/\/www.elche.es\/va\/wp-json\/wp\/v2\/posts\/355814\/revisions\/355816"}],"wp:featuredmedia":[{"embeddable":true,"href":"https:\/\/www.elche.es\/va\/wp-json\/wp\/v2\/media\/355796"}],"wp:attachment":[{"href":"https:\/\/www.elche.es\/va\/wp-json\/wp\/v2\/media?parent=355814"}],"wp:term":[{"taxonomy":"category","embeddable":true,"href":"https:\/\/www.elche.es\/va\/wp-json\/wp\/v2\/categories?post=355814"},{"taxonomy":"post_tag","embeddable":true,"href":"https:\/\/www.elche.es\/va\/wp-json\/wp\/v2\/tags?post=355814"}],"curies":[{"name":"wp","href":"https:\/\/api.w.org\/{rel}","templated":true}]}}