{"id":355817,"date":"2026-04-23T14:08:06","date_gmt":"2026-04-23T12:08:06","guid":{"rendered":"https:\/\/www.elche.es\/2026\/04\/elx-celebra-el-dia-del-llibre-amb-lalliberament-de-1-300-exemplars-en-barris-i-pedanies\/"},"modified":"2026-04-23T14:08:14","modified_gmt":"2026-04-23T12:08:14","slug":"elx-celebra-el-dia-del-llibre-amb-lalliberament-de-1-300-exemplars-en-barris-i-pedanies","status":"publish","type":"post","link":"https:\/\/www.elche.es\/va\/2026\/04\/elx-celebra-el-dia-del-llibre-amb-lalliberament-de-1-300-exemplars-en-barris-i-pedanies\/","title":{"rendered":"Elx celebra el Dia del Llibre amb l&#8217;alliberament de 1.300 exemplars en barris i pedanies"},"content":{"rendered":"<div class=\"wpb-content-wrapper\"><p>[vc_row el_id=&#8221;SUBTITULAR_NOTICIA&#8221;][vc_column][vc_column_text css=&#8221;&#8221;]<\/p>\n<hr \/>\n<h4>Durant tot el dia s&#8217;han repartit llibres en 16 punts de la ciutat i en 8 pedanies<\/h4>\n<hr \/>\n<p>[\/vc_column_text][\/vc_column][\/vc_row][vc_row el_id=&#8221;TEXTO_NOTICIA&#8221;][vc_column][vc_column_text css=&#8221;&#8221;]Este dijous 23 d&#8217;abril se celebra el Dia del Llibre i la Regidoria de Biblioteques ha organitzat una s\u00e8rie d&#8217;activitats amb les quals fomentar l&#8217;h\u00e0bit de la lectura entre els il\u00b7licitans. L&#8217;edil de l&#8217;\u00e0rea, Loli Serna, ha assenyalat que durant tot el dia i dins de la iniciativa <em>Bookcrossing<\/em> es deixaran 1.300 exemplars en diferents llocs de tot el municipi.<\/p>\n<p>En concret, s&#8217;han deixat llibres en 16 punts de la ciutat com la Glorieta, l&#8217;estaci\u00f3 d&#8217;autobusos, el MAHE, la pla\u00e7a de Castella, la pla\u00e7a de Madrid, la pla\u00e7a Barcelona, la pla\u00e7a 1 de maig i en 8 pedanies: Torrellano, l&#8217;Altet, la Foia, la Marina, la Baia, Perleta i Vallverde, a m\u00e9s de la novetat d&#8217;este any: els Arenals del Sol, perqu\u00e8 altres persones puguen llegir-los.<\/p>\n<p>D&#8217;esta manera, el lector que trobe el llibre, despr\u00e9s de llegir-lo, pot registrar la seua opini\u00f3 en la p\u00e0gina web www.bookcrossing.com \u00a0per a despr\u00e9s alliberar-ho i que continue circulant. Estos exemplars porten una etiqueta identificativa i s\u00f3n f\u00e0cilment recognoscibles.<\/p>\n<p>A m\u00e9s, amb motiu del Dia del Llibre, el Bibliob\u00fas Municipal Manuel Vicente Segarra s&#8217;ha traslladat a la pla\u00e7a de Baix, on s&#8217;han repartit llibres entre els vianants. Un bibliob\u00fas que forma part de la xarxa municipal de biblioteques des de 1978, va ser renovat en 2003 i \u00e9s l&#8217;\u00fanic municipal de la Comunitat Valenciana.[\/vc_column_text][\/vc_column][\/vc_row][vc_row el_id=&#8221;DESTACADO_NOTICIA&#8221;][vc_column][vc_column_text css=&#8221;&#8221; el_class=&#8221;cuadronoticia&#8221;]<\/p>\n<h5>Este 23 de abril, la pla\u00e7a de Baix ha acollit durant el mat\u00ed el Bibliob\u00fas Municipal, l&#8217;\u00fanic de la Comunitat Valenciana<\/h5>\n<p>[\/vc_column_text][\/vc_column][\/vc_row][vc_row el_id=&#8221;TEXTO_FIN_NOTICIA&#8221;][vc_column][vc_column_text css=&#8221;&#8221;]Segons Serna, el Bibliob\u00fas compta amb 10 parades, 2 en el casc urb\u00e0 (pla\u00e7a 1 de Maig i zona de Travalon) i 8 en les pedanies de Perleta, la Baa, la Foia, la G\u00e0l\u00b7lia, Matola, Vallverde, els Bassars i els Arenals del Sol. \u201cEs tracta que el Bibliob\u00fas arribe a aquells llocs del nostre municipi on no puga haver-hi una biblioteca f\u00edsica i portar la lectura a tots els ciutadans\u201d.<\/p>\n<p>El Bibliob\u00fas posa a la disposici\u00f3 dels il\u00b7licitans els mateixos servicis que la resta de biblioteques municipals i compta a m\u00e9s amb una l\u00ednia telef\u00f2nica i de Whatsapp (679262973) per a portar de manera individualitzada a cada usuari les prefer\u00e8ncies que desitge i que es troben en el cat\u00e0leg de les biblioteques d&#8217;Elx.<\/p>\n<p>Serna ha assenyalat que durant els primers mesos d&#8217;enguany han utilitzat el servici del Bibliob\u00fas prop de 1.000 adults i 642 xiquets i s&#8217;han comptabilitzat m\u00e9s de 1.700 pr\u00e9stecs. Aix\u00ed mateix, ha destacat que el mes de gener passat amb motiu del Dia del Bibliob\u00fas, el Ministeri de Cultura va triar enguany al Bibliob\u00fas d&#8217;Elx com a exemple de servici al costat d&#8217;altres ciutats d&#8217;Espanya com Lugo o Guadalajara.<\/p>\n<hr \/>\n<p>[\/vc_column_text][\/vc_column][\/vc_row][vc_row][vc_column width=&#8221;1\/6&#8243;][\/vc_column][vc_column width=&#8221;2\/3&#8243;]<audio class=\"sc_audio\" src=\"https:\/\/soundcloud.com\/ayuntamiento-de-elche\/elche-celebra-el-dia-del-1\" width=\"\" height=\"\" style=\"````\"><\/audio>[\/vc_column][vc_column width=&#8221;1\/6&#8243;][\/vc_column][\/vc_row]<\/p>\n<\/div>","protected":false},"excerpt":{"rendered":"<p>[vc_row el_id=&#8221;SUBTITULAR_NOTICIA&#8221;][vc_column][vc_column_text css=&#8221;&#8221;] Durant tot el dia s&#8217;han repartit llibres en 16 punts de la ciutat i en 8 pedanies [\/vc_column_text][\/vc_column][\/vc_row][vc_row el_id=&#8221;TEXTO_NOTICIA&#8221;][vc_column][vc_column_text css=&#8221;&#8221;]Este dijous 23 d&#8217;abril se celebra el Dia [&hellip;]<\/p>\n","protected":false},"author":203,"featured_media":355800,"comment_status":"closed","ping_status":"closed","sticky":false,"template":"","format":"standard","meta":{"footnotes":""},"categories":[181,391,1312],"tags":[],"class_list":["post-355817","post","type-post","status-publish","format-standard","has-post-thumbnail","hentry","category-biblioteques-va","category-home-va","category-noticias-va"],"_links":{"self":[{"href":"https:\/\/www.elche.es\/va\/wp-json\/wp\/v2\/posts\/355817","targetHints":{"allow":["GET"]}}],"collection":[{"href":"https:\/\/www.elche.es\/va\/wp-json\/wp\/v2\/posts"}],"about":[{"href":"https:\/\/www.elche.es\/va\/wp-json\/wp\/v2\/types\/post"}],"author":[{"embeddable":true,"href":"https:\/\/www.elche.es\/va\/wp-json\/wp\/v2\/users\/203"}],"replies":[{"embeddable":true,"href":"https:\/\/www.elche.es\/va\/wp-json\/wp\/v2\/comments?post=355817"}],"version-history":[{"count":2,"href":"https:\/\/www.elche.es\/va\/wp-json\/wp\/v2\/posts\/355817\/revisions"}],"predecessor-version":[{"id":355819,"href":"https:\/\/www.elche.es\/va\/wp-json\/wp\/v2\/posts\/355817\/revisions\/355819"}],"wp:featuredmedia":[{"embeddable":true,"href":"https:\/\/www.elche.es\/va\/wp-json\/wp\/v2\/media\/355800"}],"wp:attachment":[{"href":"https:\/\/www.elche.es\/va\/wp-json\/wp\/v2\/media?parent=355817"}],"wp:term":[{"taxonomy":"category","embeddable":true,"href":"https:\/\/www.elche.es\/va\/wp-json\/wp\/v2\/categories?post=355817"},{"taxonomy":"post_tag","embeddable":true,"href":"https:\/\/www.elche.es\/va\/wp-json\/wp\/v2\/tags?post=355817"}],"curies":[{"name":"wp","href":"https:\/\/api.w.org\/{rel}","templated":true}]}}