{"id":355892,"date":"2026-04-24T14:05:50","date_gmt":"2026-04-24T12:05:50","guid":{"rendered":"https:\/\/www.elche.es\/2026\/04\/les-candidates-infantils-a-reina-i-dames-de-les-festes-celebren-una-convivencia-a-cartagena\/"},"modified":"2026-04-24T14:05:58","modified_gmt":"2026-04-24T12:05:58","slug":"les-candidates-infantils-a-reina-i-dames-de-les-festes-celebren-una-convivencia-a-cartagena","status":"publish","type":"post","link":"https:\/\/www.elche.es\/va\/2026\/04\/les-candidates-infantils-a-reina-i-dames-de-les-festes-celebren-una-convivencia-a-cartagena\/","title":{"rendered":"Les candidates infantils a Reina i Dames de les Festes celebren una conviv\u00e8ncia a Cartagena"},"content":{"rendered":"<div class=\"wpb-content-wrapper\"><p>[vc_row el_id=&#8221;SUBTITULAR_NOTICIA&#8221;][vc_column][vc_column_text css=&#8221;&#8221;]<\/p>\n<hr \/>\n<h4>Les 31 candidates compartiran una jornada de conviv\u00e8ncia en un parc d&#8217;unflables i realitzaran diferents din\u00e0miques de grup<\/h4>\n<hr \/>\n<p>[\/vc_column_text][\/vc_column][\/vc_row][vc_row el_id=&#8221;TEXTO_NOTICIA&#8221;][vc_column][vc_column_text css=&#8221;&#8221;]Les 31 candidates infantils a Reina i Dames de les Festes d&#8217;Elx 2026 participen este diumenge en una conviv\u00e8ncia a la ciutat de Cartagena, a la qual acudir\u00e0 l&#8217;edil de Festejos, Inma Mora acompanyada pels presidents de la Gestora de Festejos Populars, Fernando Ja\u00e9n i de la Uni\u00f3 de Festers del Camp d\u2019Elx, Andr\u00e9s Coves.<\/p>\n<p>El mateix diumenge a primera hora del mat\u00ed partiran des d&#8217;Elx a Cartagena on tindr\u00e0 lloc un esmorzar. Posteriorment les candidates compartiran una jornada de conviv\u00e8ncia en un parc d&#8217;unflables i despr\u00e9s del menjar totes elles participaran en diferents din\u00e0miques de grup en les quals els membres del jurat podran con\u00e9ixer m\u00e9s de prop com es desemboliquen totes elles.[\/vc_column_text][\/vc_column][\/vc_row][vc_row el_id=&#8221;DESTACADO_NOTICIA&#8221;][vc_column][vc_column_text css=&#8221;&#8221; el_class=&#8221;cuadronoticia&#8221;]<\/p>\n<h5>El 6 de juny se celebrar\u00e0 l&#8217;acte d&#8217;elecci\u00f3 i el 27 de juny la proclamaci\u00f3<\/h5>\n<p>[\/vc_column_text][\/vc_column][\/vc_row][vc_row el_id=&#8221;TEXTO_FIN_NOTICIA&#8221;][vc_column][vc_column_text css=&#8221;&#8221;]El jurat estar\u00e0 presidit per l&#8217;edil d&#8217;Educaci\u00f3, Mar\u00eda Bonmat\u00ed, que estar\u00e0 acompanyada per la supervisora d&#8217;Infermeria de Pediatria de l&#8217;Hospital General Universitari d&#8217;Elx, Elena Mendiola; la fiscal de menors\u00a0en la Fiscalia Prov\u00edncia d&#8217;Alacant, M. Jos\u00e9 Peral; la directora del CEIP Luis Vives, M. Asunci\u00f3n Valero i la psic\u00f2loga Mar\u00eda Esclapez.<\/p>\n<p>En esta conviv\u00e8ncia tamb\u00e9 estaran presents la Reina Infantil de les Festes d&#8217;Elx 2025, Carla Garc\u00eda Irles i les Dames Patricia Mart\u00ednez Guilabert i Julia Ortiz Arias.<\/p>\n<p>El 6 de juny se celebrar\u00e0 l&#8217;acte d&#8217;elecci\u00f3 de les Reines i Dames de les Festes d&#8217;Elx 2026 en la Rotonda del Parc Municipal, on les candidates desfilaran amb vestit de festera, el 27 de juny la proclamaci\u00f3 a la pla\u00e7a de Baix i la desfilada de gala el 8 de maig en Traspalau.<\/p>\n<hr \/>\n<p>[\/vc_column_text][\/vc_column][\/vc_row][vc_row][vc_column width=&#8221;1\/6&#8243;][\/vc_column][vc_column width=&#8221;1\/6&#8243;][\/vc_column][\/vc_row]<\/p>\n<\/div>","protected":false},"excerpt":{"rendered":"<p>[vc_row el_id=&#8221;SUBTITULAR_NOTICIA&#8221;][vc_column][vc_column_text css=&#8221;&#8221;] Les 31 candidates compartiran una jornada de conviv\u00e8ncia en un parc d&#8217;unflables i realitzaran diferents din\u00e0miques de grup [\/vc_column_text][\/vc_column][\/vc_row][vc_row el_id=&#8221;TEXTO_NOTICIA&#8221;][vc_column][vc_column_text css=&#8221;&#8221;]Les 31 candidates infantils a Reina i [&hellip;]<\/p>\n","protected":false},"author":203,"featured_media":340110,"comment_status":"closed","ping_status":"closed","sticky":false,"template":"","format":"standard","meta":{"footnotes":""},"categories":[191,391,1312],"tags":[],"class_list":["post-355892","post","type-post","status-publish","format-standard","has-post-thumbnail","hentry","category-festes-va","category-home-va","category-noticias-va"],"_links":{"self":[{"href":"https:\/\/www.elche.es\/va\/wp-json\/wp\/v2\/posts\/355892","targetHints":{"allow":["GET"]}}],"collection":[{"href":"https:\/\/www.elche.es\/va\/wp-json\/wp\/v2\/posts"}],"about":[{"href":"https:\/\/www.elche.es\/va\/wp-json\/wp\/v2\/types\/post"}],"author":[{"embeddable":true,"href":"https:\/\/www.elche.es\/va\/wp-json\/wp\/v2\/users\/203"}],"replies":[{"embeddable":true,"href":"https:\/\/www.elche.es\/va\/wp-json\/wp\/v2\/comments?post=355892"}],"version-history":[{"count":2,"href":"https:\/\/www.elche.es\/va\/wp-json\/wp\/v2\/posts\/355892\/revisions"}],"predecessor-version":[{"id":355894,"href":"https:\/\/www.elche.es\/va\/wp-json\/wp\/v2\/posts\/355892\/revisions\/355894"}],"wp:featuredmedia":[{"embeddable":true,"href":"https:\/\/www.elche.es\/va\/wp-json\/wp\/v2\/media\/340110"}],"wp:attachment":[{"href":"https:\/\/www.elche.es\/va\/wp-json\/wp\/v2\/media?parent=355892"}],"wp:term":[{"taxonomy":"category","embeddable":true,"href":"https:\/\/www.elche.es\/va\/wp-json\/wp\/v2\/categories?post=355892"},{"taxonomy":"post_tag","embeddable":true,"href":"https:\/\/www.elche.es\/va\/wp-json\/wp\/v2\/tags?post=355892"}],"curies":[{"name":"wp","href":"https:\/\/api.w.org\/{rel}","templated":true}]}}