{"id":355898,"date":"2026-04-24T14:10:42","date_gmt":"2026-04-24T12:10:42","guid":{"rendered":"https:\/\/www.elche.es\/2026\/04\/elx-impulsa-una-campanya-pel-dia-de-la-mare-per-a-fomentar-les-compres-en-el-comerc-local\/"},"modified":"2026-04-24T14:10:51","modified_gmt":"2026-04-24T12:10:51","slug":"elx-impulsa-una-campanya-pel-dia-de-la-mare-per-a-fomentar-les-compres-en-el-comerc-local","status":"publish","type":"post","link":"https:\/\/www.elche.es\/va\/2026\/04\/elx-impulsa-una-campanya-pel-dia-de-la-mare-per-a-fomentar-les-compres-en-el-comerc-local\/","title":{"rendered":"Elx impulsa una campanya pel Dia de la Mare per a fomentar les compres en el comer\u00e7 local"},"content":{"rendered":"<div class=\"wpb-content-wrapper\"><p>[vc_row el_id=&#8221;SUBTITULAR_NOTICIA&#8221;][vc_column][vc_column_text css=&#8221;&#8221;]<\/p>\n<hr \/>\n<h4>La iniciativa anima els il\u00b7licitans a tindre un detall especial el pr\u00f2xim 3 de maig en establiments de la ciutat<\/h4>\n<hr \/>\n<p>[\/vc_column_text][\/vc_column][\/vc_row][vc_row el_id=&#8221;TEXTO_NOTICIA&#8221;][vc_column][vc_column_text css=&#8221;&#8221;]L&#8217;Ajuntament d&#8217;Elx, a trav\u00e9s de la Regidoria de Comer\u00e7, ha posat en marxa una nova campanya amb motiu del Dia de la Mare, que se celebra el pr\u00f2xim 3 de maig, amb l&#8217;objectiu d&#8217;incentivar les compres en el comer\u00e7 local.<\/p>\n<p>L&#8217;edil de l&#8217;\u00e0rea, Caridad Mart\u00ednez, ha explicat que esta acci\u00f3 promocional seguix la l\u00ednia de campanyes anteriors i busca \u201caprofitar el comer\u00e7 local per a tindre un detall especial amb eixes dones tan importants, que s\u00f3n les que ens han donat la vida\u201d. En este sentit, ha destacat que \u201cm\u00e9s enll\u00e0 del regal, es tracta de recon\u00e9ixer amb un gest el paper fonamental que han tingut les mares al llarg de tota la vida\u201d.[\/vc_column_text][\/vc_column][\/vc_row][vc_row el_id=&#8221;DESTACADO_NOTICIA&#8221;][vc_column][vc_column_text css=&#8221;&#8221; el_class=&#8221;cuadronoticia&#8221;]<\/p>\n<h5>La campanya inclou tres peces audiovisuals en clau d&#8217;humor gravades en comer\u00e7os locals<\/h5>\n<p>[\/vc_column_text][\/vc_column][\/vc_row][vc_row el_id=&#8221;TEXTO_FIN_NOTICIA&#8221;][vc_column][vc_column_text css=&#8221;&#8221;]La campanya, desenrotllada per l&#8217;ag\u00e8ncia Yerno Comunicaci\u00f3n, est\u00e0 composta per tres v\u00eddeos promocionals sota el lema \u2018Malcr\u00edala\u2019, que es difondran a trav\u00e9s de xarxes socials, mitjans de comunicaci\u00f3 i suports publicitaris en la via p\u00fablica. Les peces, gravades en diferents escenaris de la ciutat, compten amb la participaci\u00f3 d&#8217;actors il\u00b7licitans i comer\u00e7os locals.<\/p>\n<p>El director creatiu de la campanya, Juanan Garc\u00eda, ha assenyalat que el concepte creatiu gira entorn de la dificultat d&#8217;encertar amb el regal perfecte. \u201cHem volgut comptar una realitat molt comuna, que \u00e9s com de complicat pot resultar triar un regal per a les nostres mares, encara que sempre ho fem amb la millor intenci\u00f3\u201d, ha indicat. En este sentit, ha afegit que \u201cla ciutat compta amb una \u00e0mplia varietat de comer\u00e7os que faciliten trobar eixe detall adequat\u201d.<\/p>\n<hr \/>\n<p>[\/vc_column_text][\/vc_column][\/vc_row][vc_row][vc_column width=&#8221;1\/6&#8243;][\/vc_column][vc_column width=&#8221;2\/3&#8243;]<audio class=\"sc_audio\" src=\"https:\/\/soundcloud.com\/ayuntamiento-de-elche\/elche-impulsa-una-campana-por?si=e79724158de542529d3d43d6a4e0a600&#038;utm_source=clipboard&#038;utm_medium=text&#038;utm_campaign=social_sharing\" width=\"\" height=\"\" style=\"````\"><\/audio>[\/vc_column][vc_column width=&#8221;1\/6&#8243;][\/vc_column][\/vc_row]<\/p>\n<\/div>","protected":false},"excerpt":{"rendered":"<p>[vc_row el_id=&#8221;SUBTITULAR_NOTICIA&#8221;][vc_column][vc_column_text css=&#8221;&#8221;] La iniciativa anima els il\u00b7licitans a tindre un detall especial el pr\u00f2xim 3 de maig en establiments de la ciutat [\/vc_column_text][\/vc_column][\/vc_row][vc_row el_id=&#8221;TEXTO_NOTICIA&#8221;][vc_column][vc_column_text css=&#8221;&#8221;]L&#8217;Ajuntament d&#8217;Elx, a trav\u00e9s de [&hellip;]<\/p>\n","protected":false},"author":167,"featured_media":355887,"comment_status":"closed","ping_status":"closed","sticky":false,"template":"","format":"standard","meta":{"footnotes":""},"categories":[2636,391,1312],"tags":[],"class_list":["post-355898","post","type-post","status-publish","format-standard","has-post-thumbnail","hentry","category-comerc-va","category-home-va","category-noticias-va"],"_links":{"self":[{"href":"https:\/\/www.elche.es\/va\/wp-json\/wp\/v2\/posts\/355898","targetHints":{"allow":["GET"]}}],"collection":[{"href":"https:\/\/www.elche.es\/va\/wp-json\/wp\/v2\/posts"}],"about":[{"href":"https:\/\/www.elche.es\/va\/wp-json\/wp\/v2\/types\/post"}],"author":[{"embeddable":true,"href":"https:\/\/www.elche.es\/va\/wp-json\/wp\/v2\/users\/167"}],"replies":[{"embeddable":true,"href":"https:\/\/www.elche.es\/va\/wp-json\/wp\/v2\/comments?post=355898"}],"version-history":[{"count":2,"href":"https:\/\/www.elche.es\/va\/wp-json\/wp\/v2\/posts\/355898\/revisions"}],"predecessor-version":[{"id":355900,"href":"https:\/\/www.elche.es\/va\/wp-json\/wp\/v2\/posts\/355898\/revisions\/355900"}],"wp:featuredmedia":[{"embeddable":true,"href":"https:\/\/www.elche.es\/va\/wp-json\/wp\/v2\/media\/355887"}],"wp:attachment":[{"href":"https:\/\/www.elche.es\/va\/wp-json\/wp\/v2\/media?parent=355898"}],"wp:term":[{"taxonomy":"category","embeddable":true,"href":"https:\/\/www.elche.es\/va\/wp-json\/wp\/v2\/categories?post=355898"},{"taxonomy":"post_tag","embeddable":true,"href":"https:\/\/www.elche.es\/va\/wp-json\/wp\/v2\/tags?post=355898"}],"curies":[{"name":"wp","href":"https:\/\/api.w.org\/{rel}","templated":true}]}}