{"id":355904,"date":"2026-04-24T14:19:50","date_gmt":"2026-04-24T12:19:50","guid":{"rendered":"https:\/\/www.elche.es\/2026\/04\/elx-celebra-el-27-de-maig-una-nova-edicio-del-concurs-gastronomic-superxef-senior\/"},"modified":"2026-04-28T07:43:54","modified_gmt":"2026-04-28T05:43:54","slug":"elx-celebra-el-27-de-maig-una-nova-edicio-del-concurs-gastronomic-superxef-senior","status":"publish","type":"post","link":"https:\/\/www.elche.es\/va\/2026\/04\/elx-celebra-el-27-de-maig-una-nova-edicio-del-concurs-gastronomic-superxef-senior\/","title":{"rendered":"Elx celebra el 27 de maig una nova edici\u00f3 del concurs gastron\u00f2mic Superxef S\u00e8nior"},"content":{"rendered":"<div class=\"wpb-content-wrapper\"><p>[vc_row el_id=&#8221;SUBTITULAR_NOTICIA&#8221;][vc_column][vc_column_text css=&#8221;&#8221;]<\/p>\n<hr \/>\n<h4>El termini d&#8217;inscripci\u00f3 ser\u00e0 del 27 d&#8217;abril al 15 de maig en les oficines OMAC o per seu electr\u00f2nica<\/h4>\n<hr \/>\n<p>[\/vc_column_text][\/vc_column][\/vc_row][vc_row el_id=&#8221;TEXTO_NOTICIA&#8221;][vc_column][vc_column_text css=&#8221;&#8221;]La Regidoria d&#8217;Inf\u00e0ncia, Fam\u00edlia i Majors ha presentat una nova edici\u00f3 del concurs gastron\u00f2mic Superxef S\u00e8nior, que tindr\u00e0 lloc el pr\u00f2xim 27 de maig a l&#8217;Escola Municipal d&#8217;Hostaleria en horari de 10.00 a 13.30 hores.<\/p>\n<p>L&#8217;edil de l&#8217;\u00e0rea, Aurora Rodil, ha explicat que en este concurs podran participar les persones majors de 60 anys, residents a la comarca del Baix Vinalop\u00f3, que no s&#8217;hagen dedicat de manera professional a la cuina ni resultaren guanyadors en la passada edici\u00f3 de Superxef S\u00e8nior.<\/p>\n<p>\u201cEste certamen \u00e9s m\u00e9s que un concurs de cuina, \u00e9s un homenatge a la nostra gastronomia i al bon fer dels majors\u201d, ha assegurat Rodil, que ha indicat que el termini d&#8217;inscripci\u00f3 ser\u00e0 del 27 d&#8217;abril al 15 de maig, de manera presencial en les oficines OMAC o a trav\u00e9s de la seu electr\u00f2nica.<\/p>\n<p>Del total de persones inscrites, seran 15 les participants en esta nova edici\u00f3 a trav\u00e9s d&#8217;una selecci\u00f3 en la qual es tindr\u00e0 en compte la qualitat i originalitat de les receptes presentades. A m\u00e9s, tindran prefer\u00e8ncia les que no van participar en l&#8217;edici\u00f3 anterior.<\/p>\n<p>El jurat estar\u00e0 compost per Susi D\u00edaz i Chema Garc\u00eda de la Finca; Fran Castell, de la Pastisseria Castell; Carmen Canals, de La Later\u00eda, Pedro Venteo, conegut com el Monoxef, Jos\u00e9 Galera, del Restaurant Antojito i Crist\u00f3bal Saavedra de la Fonda Graena. \u201cLa seua pres\u00e8ncia subratlla que la cuina dels nostres majors mereix el mateix respecte i atenci\u00f3 que l&#8217;alta gastronomia\u201d.[\/vc_column_text][\/vc_column][\/vc_row][vc_row el_id=&#8221;DESTACADO_NOTICIA&#8221;][vc_column][vc_column_text css=&#8221;&#8221; el_class=&#8221;cuadronoticia&#8221;]<\/p>\n<h5>Podran participar-hi els majors de 60 anys residents a la comarca del Baix Vinalop\u00f3 i que no s&#8217;hagen dedicat de manera professional a la cuina<\/h5>\n<p>[\/vc_column_text][\/vc_column][\/vc_row][vc_row css=&#8221;.vc_custom_1777046751327{margin-top: 20px !important;margin-bottom: 20px !important;}&#8221;][vc_column][vc_single_image image=&#8221;355924&#8243; img_size=&#8221;medium&#8221; alignment=&#8221;center&#8221; onclick=&#8221;link_image&#8221; css=&#8221;&#8221;][\/vc_column][\/vc_row][vc_row el_id=&#8221;TEXTO_FIN_NOTICIA&#8221;][vc_column][vc_column_text css=&#8221;&#8221;]Els tres millors plats tindran un premi, la persona guanyadora podr\u00e0 gaudir d&#8217;un sopar per a dos persones cortesia del restaurant &#8220;La Later\u00eda&#8221; i un lot de productes de cuina valorat en 200 euros; el segon rebr\u00e0 un curs de cuina en l\u00ednia, cortesia del Monoxef i un lot de productes de cuina valorat en 150 euros. Per part seua, el tercer lloc guanyar\u00e0 un lot de productes de cuina valorat en 100 euros i un sopar per a dos, cortesia de la fonda Graena. A m\u00e9s, tots rebran una placa acreditativa.<\/p>\n<p>El 19 de maig a les 10:30 h al carrer Sants Metges, n\u00famero 3, tindr\u00e0 lloc una reuni\u00f3 amb els participants per a explicar-los tots els detalls del concurs i resoldre els seus dubtes.<\/p>\n<p>Com en edicions anteriors, els plats que es realitzen durant el concurs s&#8217;arreplegaran posteriorment en un llibre de cuina que s&#8217;entregar\u00e0 a tots els concursants una vegada estiga elaborat. A m\u00e9s, es pujar\u00e0 a la web www.elche.es\/mayores perqu\u00e8 la ciutadania puga gaudir d&#8217;estos plats.<\/p>\n<p>Rodil ha agra\u00eft als cuiners per \u201cla seua generositat i comprom\u00eds amb la gastronomia de la nostra terra i amb els nostres majors\u201d, a l&#8217;institut Montserrat Roig, \u201cque aporten un toc intergeneracional i frescor a l&#8217;esdeveniment amb els seus alumnes i ens ajuden amb el servici de taula dels xefs, perqu\u00e8 tot estiga llest per a la degustaci\u00f3 dels plats\u201d. Tamb\u00e9 s&#8217;ha referit a l&#8217;Escola Municipal d&#8217;Hostaleria per la predisposici\u00f3 i cessi\u00f3 de les instal\u00b7lacions; als voluntaris pel seu \u201ctreball incondicional, energia i suport log\u00edstic\u201d i al Corte Ingl\u00e9s per l&#8217;aportaci\u00f3 dels carrets per als premis.<\/p>\n<p>\u201cA tots ells gr\u00e0cies per creure en el talent dels nostres majors i per ajudar-nos a fer d&#8217;este concurs una festa de conviv\u00e8ncia gastron\u00f2mica\u201d, ha afegit.<\/p>\n<hr \/>\n<p>[\/vc_column_text][\/vc_column][\/vc_row][vc_row][vc_column width=&#8221;1\/6&#8243;][\/vc_column][vc_column width=&#8221;2\/3&#8243;]<audio class=\"sc_audio\" src=\"https:\/\/soundcloud.com\/ayuntamiento-de-elche\/elche-celebra-el-27-de-mayo\" width=\"\" height=\"\" style=\"````\"><\/audio>[\/vc_column][vc_column width=&#8221;1\/6&#8243;][\/vc_column][\/vc_row]<\/p>\n<\/div>","protected":false},"excerpt":{"rendered":"<p>[vc_row el_id=&#8221;SUBTITULAR_NOTICIA&#8221;][vc_column][vc_column_text css=&#8221;&#8221;] El termini d&#8217;inscripci\u00f3 ser\u00e0 del 27 d&#8217;abril al 15 de maig en les oficines OMAC o per seu electr\u00f2nica [\/vc_column_text][\/vc_column][\/vc_row][vc_row el_id=&#8221;TEXTO_NOTICIA&#8221;][vc_column][vc_column_text css=&#8221;&#8221;]La Regidoria d&#8217;Inf\u00e0ncia, Fam\u00edlia i Majors [&hellip;]<\/p>\n","protected":false},"author":203,"featured_media":355884,"comment_status":"closed","ping_status":"closed","sticky":false,"template":"","format":"standard","meta":{"footnotes":""},"categories":[391,890,1312],"tags":[],"class_list":["post-355904","post","type-post","status-publish","format-standard","has-post-thumbnail","hentry","category-home-va","category-mayores-va","category-noticias-va"],"_links":{"self":[{"href":"https:\/\/www.elche.es\/va\/wp-json\/wp\/v2\/posts\/355904","targetHints":{"allow":["GET"]}}],"collection":[{"href":"https:\/\/www.elche.es\/va\/wp-json\/wp\/v2\/posts"}],"about":[{"href":"https:\/\/www.elche.es\/va\/wp-json\/wp\/v2\/types\/post"}],"author":[{"embeddable":true,"href":"https:\/\/www.elche.es\/va\/wp-json\/wp\/v2\/users\/203"}],"replies":[{"embeddable":true,"href":"https:\/\/www.elche.es\/va\/wp-json\/wp\/v2\/comments?post=355904"}],"version-history":[{"count":4,"href":"https:\/\/www.elche.es\/va\/wp-json\/wp\/v2\/posts\/355904\/revisions"}],"predecessor-version":[{"id":356001,"href":"https:\/\/www.elche.es\/va\/wp-json\/wp\/v2\/posts\/355904\/revisions\/356001"}],"wp:featuredmedia":[{"embeddable":true,"href":"https:\/\/www.elche.es\/va\/wp-json\/wp\/v2\/media\/355884"}],"wp:attachment":[{"href":"https:\/\/www.elche.es\/va\/wp-json\/wp\/v2\/media?parent=355904"}],"wp:term":[{"taxonomy":"category","embeddable":true,"href":"https:\/\/www.elche.es\/va\/wp-json\/wp\/v2\/categories?post=355904"},{"taxonomy":"post_tag","embeddable":true,"href":"https:\/\/www.elche.es\/va\/wp-json\/wp\/v2\/tags?post=355904"}],"curies":[{"name":"wp","href":"https:\/\/api.w.org\/{rel}","templated":true}]}}