{"id":355907,"date":"2026-04-24T14:26:27","date_gmt":"2026-04-24T12:26:27","guid":{"rendered":"https:\/\/www.elche.es\/2026\/04\/elx-celebra-el-geolodia-2026-amb-rutes-per-a-descobrir-el-patrimoni-geologic-il%c2%b7licita\/"},"modified":"2026-04-27T14:23:33","modified_gmt":"2026-04-27T12:23:33","slug":"elx-celebra-el-geolodia-2026-amb-rutes-per-a-descobrir-el-patrimoni-geologic-il%c2%b7licita","status":"publish","type":"post","link":"https:\/\/www.elche.es\/va\/2026\/04\/elx-celebra-el-geolodia-2026-amb-rutes-per-a-descobrir-el-patrimoni-geologic-il%c2%b7licita\/","title":{"rendered":"Elx celebra el Geolodia 2026 amb rutes per a descobrir el patrimoni geol\u00f2gic il\u00b7licit\u00e0"},"content":{"rendered":"<div class=\"wpb-content-wrapper\"><p>[vc_row el_id=&#8221;SUBTITULAR_NOTICIA&#8221;][vc_column][vc_column_text css=&#8221;&#8221;]<\/p>\n<hr \/>\n<h4>L&#8217;activitat ser\u00e0 totalment gratu\u00efta, tindr\u00e0 lloc el pr\u00f2xim 10 de maig amb dos itineraris guiats i amb places limitades mitjan\u00e7ant inscripci\u00f3 pr\u00e8via<\/h4>\n<hr \/>\n<p>[\/vc_column_text][\/vc_column][\/vc_row][vc_row type=&#8221;square&#8221; style_color=&#8221;original&#8221; style=&#8221;filled&#8221; size=&#8221;large&#8221; icon=&#8221;inherit&#8221; color=&#8221;&#8221; bg_color=&#8221;&#8221; align=&#8221;center&#8221; link=&#8221;&#8221; target=&#8221;_blank&#8221; popup=&#8221;&#8221; rel=&#8221;&#8221; id=&#8221;&#8221; class=&#8221;btndentropagina&#8221; animation=&#8221;none&#8221; width=&#8221;&#8221; height=&#8221;&#8221; top=&#8221;small&#8221; bottom=&#8221;tiny&#8221; left=&#8221;null&#8221; right=&#8221;null&#8221;][vc_column]<a href=\"https:\/\/docs.google.com\/forms\/d\/e\/1FAIpQLSdG96TWD0V7a9hjROMUlgMN3UTZCscT7GAKOkH1NAzhFeW5xQ\/closedform\" target=\"_blank\" class=\"sc_button sc_button_square sc_button_style_filled style_original sc_button_size_large aligncenter btndentropagina margin_top_small margin_right_null margin_bottom_tiny margin_left_null\" style=\"````\">REALITZAR PRE-INSCRIPCI\u00d3<\/a>[\/vc_column][\/vc_row][vc_row el_id=&#8221;TEXTO_NOTICIA&#8221;][vc_column][vc_column_text css=&#8221;&#8221;]Elx ser\u00e0 escenari el pr\u00f2xim 10 de maig del Geolodia 2026 a la prov\u00edncia d&#8217;Alacant, una iniciativa de divulgaci\u00f3 cient\u00edfica que permet a la ciutadania descobrir l&#8217;entorn natural des d&#8217;una perspectiva geol\u00f2gica a trav\u00e9s de rutes guiades per especialistes.<\/p>\n<p>L&#8217;activitat, gratu\u00efta i oberta a tots els p\u00fablics, requerix inscripci\u00f3 pr\u00e8via i tindr\u00e0 com a punt d&#8217;inici la Torre dels Va\u00efllos, on els participants podran arreplegar entre les 8.00 i les 11.00 hores un quadern did\u00e0ctic de 40 p\u00e0gines editat per a l&#8217;ocasi\u00f3. En total s&#8217;oferixen m\u00e9s de 1.000 places, seguint el format d&#8217;edici\u00f3 anteriors que han reunit milers d&#8217;assistent per tota la prov\u00edncia.<\/p>\n<p>El regidor de Medi Ambient, Jos\u00e9 Antonio Rom\u00e1n, ha destacat que \u201cno sols es tracta d&#8217;una excursi\u00f3, sin\u00f3 d&#8217;ensenyar a la gent a mirar Elx de veritat. \u00c9s una oportunitat perqu\u00e8 milers de persones entenguen la seua ciutat d&#8217;una altra manera\u201d. En este sentit, ha explicat que el Geolodia permet \u201ccomprendre el territori amb coneixement, saber per qu\u00e8 el paisatge \u00e9s com \u00e9s i descobrir la riquesa geol\u00f2gica que tenim en el municipi\u201d.<\/p>\n<p>Els participants podran triar entre dos rutes per als vianants. La primera, de 8 quil\u00f2metres, discorre entre la Torre dels Va\u00efllos i el Pant\u00e0 d&#8217;Elx. La segona ruta proposa un recorregut urb\u00e0 i periurb\u00e0 que connecta la Torre dels Va\u00efllos amb la bas\u00edlica de Santa Maria, el Museu Paleontol\u00f2gic d&#8217;Elx (MUPE) i el riu Vinalop\u00f3 passant pel pont del Bimil\u00b7lenari.[\/vc_column_text][\/vc_column][\/vc_row][vc_row el_id=&#8221;DESTACADO_NOTICIA&#8221;][vc_column][vc_column_text css=&#8221;&#8221; el_class=&#8221;cuadronoticia&#8221;]<\/p>\n<h5>Els participants podran con\u00e9ixer curiositats d&#8217;espais com el Pant\u00e0, el riu Vinalop\u00f3, la bas\u00edlica de Santa Maria o el Museu Paleontol\u00f2gic d&#8217;Elx<\/h5>\n<p>[\/vc_column_text][\/vc_column][\/vc_row][vc_row el_id=&#8221;TEXTO_FIN_NOTICIA&#8221;][vc_column][vc_column_text css=&#8221;&#8221;]Durant les dos rutes, els assistents avan\u00e7aran al seu ritme i trobaran al llarg del recorregut diferents punts informatius atesos per ge\u00f2legs, que explicaran de manera senzilla aspectes clau del territori.<\/p>\n<p>Per part seua, el ge\u00f2leg de la Universitat d&#8217;Alacant, Pedro Alfaro, ha assenyalat que l&#8217;objectiu de l&#8217;activitat \u00e9s \u201cmostrar la riquesa i els valors del patrimoni geol\u00f2gic d&#8217;Elx d&#8217;una forma divulgativa i accessible per a tots\u201d. A m\u00e9s, ha subratllat que els participants podran descobrir aspectes com \u201cl&#8217;escull de coral de fa m\u00e9s de sis milions d&#8217;anys, la relaci\u00f3 del riu Vinalop\u00f3 amb el paisatge o l&#8217;origen de materials com els que conformen la Dama d&#8217;Elx\u201d.<\/p>\n<p>En esta edici\u00f3, un dels principals atractius ser\u00e0 la visita al MUPE, considerat un referent a la Comunitat Valenciana, on els participants podran con\u00e9ixer la hist\u00f2ria geol\u00f2gica m\u00e9s recent a trav\u00e9s de la seua col\u00b7lecci\u00f3 de f\u00f2ssils.<\/p>\n<p>El Geolodia \u00e9s una iniciativa d&#8217;\u00e0mbit nacional que se celebra simult\u00e0niament en totes les prov\u00edncies espanyoles i que, en el cas d&#8217;Alacant,\u00a0 s&#8217;organitza des de 2008 amb una elevada participaci\u00f3, m\u00e9s de 20.000 assistents en les diferents edicions.<\/p>\n<p>Les inscripcions estaran disponibles a partir del pr\u00f2xim dimarts, 28 abril, a trav\u00e9s de les p\u00e0gines web geoalicante.es i de l&#8217;Ajuntament d&#8217;Elx.<\/p>\n<hr \/>\n<p>[\/vc_column_text][\/vc_column][\/vc_row][vc_row][vc_column width=&#8221;1\/6&#8243;][\/vc_column][vc_column width=&#8221;2\/3&#8243;]<audio class=\"sc_audio\" src=\"https:\/\/soundcloud.com\/ayuntamiento-de-elche\/elche-celebra-el-geolodia-2026\" width=\"\" height=\"\" style=\"````\"><\/audio>[\/vc_column][vc_column width=&#8221;1\/6&#8243;][\/vc_column][\/vc_row]<\/p>\n<\/div>","protected":false},"excerpt":{"rendered":"<p>[vc_row el_id=&#8221;SUBTITULAR_NOTICIA&#8221;][vc_column][vc_column_text css=&#8221;&#8221;] L&#8217;activitat ser\u00e0 totalment gratu\u00efta, tindr\u00e0 lloc el pr\u00f2xim 10 de maig amb dos itineraris guiats i amb places limitades mitjan\u00e7ant inscripci\u00f3 pr\u00e8via [\/vc_column_text][\/vc_column][\/vc_row][vc_row type=&#8221;square&#8221; style_color=&#8221;original&#8221; style=&#8221;filled&#8221; size=&#8221;large&#8221; [&hellip;]<\/p>\n","protected":false},"author":203,"featured_media":355896,"comment_status":"closed","ping_status":"closed","sticky":false,"template":"","format":"standard","meta":{"footnotes":""},"categories":[391,211,1312],"tags":[],"class_list":["post-355907","post","type-post","status-publish","format-standard","has-post-thumbnail","hentry","category-home-va","category-medi-ambient-va","category-noticias-va"],"_links":{"self":[{"href":"https:\/\/www.elche.es\/va\/wp-json\/wp\/v2\/posts\/355907","targetHints":{"allow":["GET"]}}],"collection":[{"href":"https:\/\/www.elche.es\/va\/wp-json\/wp\/v2\/posts"}],"about":[{"href":"https:\/\/www.elche.es\/va\/wp-json\/wp\/v2\/types\/post"}],"author":[{"embeddable":true,"href":"https:\/\/www.elche.es\/va\/wp-json\/wp\/v2\/users\/203"}],"replies":[{"embeddable":true,"href":"https:\/\/www.elche.es\/va\/wp-json\/wp\/v2\/comments?post=355907"}],"version-history":[{"count":4,"href":"https:\/\/www.elche.es\/va\/wp-json\/wp\/v2\/posts\/355907\/revisions"}],"predecessor-version":[{"id":355997,"href":"https:\/\/www.elche.es\/va\/wp-json\/wp\/v2\/posts\/355907\/revisions\/355997"}],"wp:featuredmedia":[{"embeddable":true,"href":"https:\/\/www.elche.es\/va\/wp-json\/wp\/v2\/media\/355896"}],"wp:attachment":[{"href":"https:\/\/www.elche.es\/va\/wp-json\/wp\/v2\/media?parent=355907"}],"wp:term":[{"taxonomy":"category","embeddable":true,"href":"https:\/\/www.elche.es\/va\/wp-json\/wp\/v2\/categories?post=355907"},{"taxonomy":"post_tag","embeddable":true,"href":"https:\/\/www.elche.es\/va\/wp-json\/wp\/v2\/tags?post=355907"}],"curies":[{"name":"wp","href":"https:\/\/api.w.org\/{rel}","templated":true}]}}