{"id":355920,"date":"2026-04-24T14:50:56","date_gmt":"2026-04-24T12:50:56","guid":{"rendered":"https:\/\/www.elche.es\/2026\/04\/el-misteri-delx-oferira-un-concert-a-londres-el-proxim-17-de-juliol\/"},"modified":"2026-04-24T14:51:04","modified_gmt":"2026-04-24T12:51:04","slug":"el-misteri-delx-oferira-un-concert-a-londres-el-proxim-17-de-juliol","status":"publish","type":"post","link":"https:\/\/www.elche.es\/va\/2026\/04\/el-misteri-delx-oferira-un-concert-a-londres-el-proxim-17-de-juliol\/","title":{"rendered":"El Misteri d\u2019Elx oferir\u00e0 un concert a Londres el pr\u00f2xim 17 de juliol"},"content":{"rendered":"<div class=\"wpb-content-wrapper\"><p>[vc_row el_id=&#8221;SUBTITULAR_NOTICIA&#8221;][vc_column][vc_column_text css=&#8221;&#8221;]<\/p>\n<hr \/>\n<h4>L&#8217;actuaci\u00f3 tindr\u00e0 lloc a l&#8217;esgl\u00e9sia St. Etheldreda&#8217;s Roman Catholic Church i servir\u00e0 de mostra representativa de la Festa en el mercat brit\u00e0nic<\/h4>\n<hr \/>\n<p>[\/vc_column_text][\/vc_column][\/vc_row][vc_row el_id=&#8221;TEXTO_NOTICIA&#8221;][vc_column][vc_column_text css=&#8221;&#8221;]L&#8217;alcalde, Pablo Ruz, ha anunciat que el Misteri d\u2019Elx oferir\u00e0 un concert a la ciutat de Londres el pr\u00f2xim 17 de juliol, coincidint amb la celebraci\u00f3 del 25 aniversari de la Festa com a Patrimoni de la Humanitat reconegut per la Unesco i com a promoci\u00f3 i projecci\u00f3 a tot el m\u00f3n.<\/p>\n<p>L&#8217;esgl\u00e9sia cat\u00f2lica St. Etheldreda&#8217;s Roman Catholic Church, situada en el centre de Londres i pr\u00f2xima a l&#8217;Abadia de Westminster, ser\u00e0 el lloc que aculla este concert d&#8217;una duraci\u00f3 aproximada de 60 minuts en el qual participaran al voltant de 40 membres de la Capella i l&#8217;Escolania, que interpretaran alguns dels moments m\u00e9s representatius de la Festa.<\/p>\n<p>\u201c\u00c9s un comprom\u00eds d&#8217;este govern municipal difondre i donar a con\u00e9ixer la nostra joia m\u00e9s universal, el Misteri d\u2019Elx, per tot el m\u00f3n i un any despr\u00e9s de portar-lo a l&#8217;Esgl\u00e9sia de Saint \u00c9tienne du Mont de Par\u00eds, ara \u00e9s el torn de Londres\u201d, ha assenyalat Ruz, que ha assegurat que \u201c\u00e9s un honor poder portar la Festa a esta ciutat i amb el suport de l&#8217;Institut Cervantes de Londres\u201d.<\/p>\n<p>El concert no ser\u00e0 escenificat i la m\u00fasica anir\u00e0 acompanyada d&#8217;imatges de la Festa relacionades amb cada un dels moments de la interpretaci\u00f3. A m\u00e9s, incorporaran textos tradu\u00efts a l&#8217;angl\u00e9s.<\/p>\n<p>L&#8217;expedici\u00f3 a Londres estar\u00e0 formada per membres de la corporaci\u00f3 municipal, cantors i escolans juntament amb els representants del Patronat del Misteri d\u2019Elx, a m\u00e9s all\u00ed acudiran membres de l&#8217;Institut Cervantes de Londres, de l&#8217;Ambaixada Espanyola en la capital brit\u00e0nica i responsables de turisme del pa\u00eds.[\/vc_column_text][\/vc_column][\/vc_row][vc_row el_id=&#8221;DESTACADO_NOTICIA&#8221;][vc_column][vc_column_text css=&#8221;&#8221; el_class=&#8221;cuadronoticia&#8221;]<\/p>\n<h5>Elx tamb\u00e9 realitzar\u00e0 una presentaci\u00f3 com a dest\u00ed en la capital brit\u00e0nica davant professionals de turisme, agents de viatges i premsa especialitzada<\/h5>\n<p>[\/vc_column_text][\/vc_column][\/vc_row][vc_row el_id=&#8221;TEXTO_FIN_NOTICIA&#8221;][vc_column][vc_column_text css=&#8221;&#8221;]Per part seua, el president de la Junta Rectora del Patronat del Misteri d\u2019Elx, Francisco Borja, ha assegurat que \u201cvolem fer el m\u00e9s gran possible per la Festa i continuar sorprenent Europa amb este concert despr\u00e9s de Par\u00eds o Roma\u201d.<\/p>\n<p>De manera pr\u00e8via al concert, com ja va oc\u00f3rrer l&#8217;any passat a Par\u00eds, tamb\u00e9 hi haur\u00e0 una presentaci\u00f3 d&#8217;Elx com a destinaci\u00f3 tur\u00edstica en l&#8217;Institut Cervantes de Londres, que estar\u00e0 dirigida a professionals del turisme, agents de viatges i premsa especialitzada.<\/p>\n<p>L&#8217;edil de Turisme, Irene Ru\u00edz, ha afirmat que estes accions a Londres s&#8217;inclouen dins de la subvenci\u00f3 de la Generalitat Valenciana a trav\u00e9s del conveni amb Turisme Comunitat Valenciana, per a la promoci\u00f3 d&#8217;Elx com a dest\u00ed, que van acompanyades de m\u00e9s iniciatives durant tot l&#8217;any.<\/p>\n<p>Al mateix temps, es realitzar\u00e0 una campanya de comunicaci\u00f3 en mitjans en l\u00ednia i offline durant les setmanes pr\u00e8vies al concert per a promoure Elx com a destinaci\u00f3 tur\u00edstica a Londres. En este sentit, Ru\u00edz ha assenyalat que el mercat brit\u00e0nic \u00e9s el principal emissor de turistes cap al nostre dest\u00ed internacionalment, ja que en dos anys el creixement ha sigut del 20% a nivell de nombre de turistes i de pernoctacions.<\/p>\n<hr \/>\n<p>[\/vc_column_text][\/vc_column][\/vc_row][vc_row][vc_column width=&#8221;1\/2&#8243;]<audio class=\"sc_audio\" src=\"https:\/\/soundcloud.com\/ayuntamiento-de-elche\/el-misteri-delx-dar-un?si=9033345b53db475bb81985172b616daf&#038;utm_source=clipboard&#038;utm_medium=text&#038;utm_campaign=social_sharing\" width=\"\" height=\"\" style=\"````\"><\/audio>[\/vc_column][vc_column width=&#8221;1\/2&#8243;]<audio class=\"sc_audio\" src=\"https:\/\/soundcloud.com\/ayuntamiento-de-elche\/el-misteri-delx-dar-un-1?si=08e985c8ff9942f9b0b00c337adb5064&#038;utm_source=clipboard&#038;utm_medium=text&#038;utm_campaign=social_sharing\" width=\"\" height=\"\" style=\"````\"><\/audio>[\/vc_column][\/vc_row]<\/p>\n<\/div>","protected":false},"excerpt":{"rendered":"<p>[vc_row el_id=&#8221;SUBTITULAR_NOTICIA&#8221;][vc_column][vc_column_text css=&#8221;&#8221;] L&#8217;actuaci\u00f3 tindr\u00e0 lloc a l&#8217;esgl\u00e9sia St. Etheldreda&#8217;s Roman Catholic Church i servir\u00e0 de mostra representativa de la Festa en el mercat brit\u00e0nic [\/vc_column_text][\/vc_column][\/vc_row][vc_row el_id=&#8221;TEXTO_NOTICIA&#8221;][vc_column][vc_column_text css=&#8221;&#8221;]L&#8217;alcalde, Pablo Ruz, [&hellip;]<\/p>\n","protected":false},"author":167,"featured_media":355902,"comment_status":"closed","ping_status":"closed","sticky":false,"template":"","format":"standard","meta":{"footnotes":""},"categories":[391,1312,228],"tags":[],"class_list":["post-355920","post","type-post","status-publish","format-standard","has-post-thumbnail","hentry","category-home-va","category-noticias-va","category-turisme-va"],"_links":{"self":[{"href":"https:\/\/www.elche.es\/va\/wp-json\/wp\/v2\/posts\/355920","targetHints":{"allow":["GET"]}}],"collection":[{"href":"https:\/\/www.elche.es\/va\/wp-json\/wp\/v2\/posts"}],"about":[{"href":"https:\/\/www.elche.es\/va\/wp-json\/wp\/v2\/types\/post"}],"author":[{"embeddable":true,"href":"https:\/\/www.elche.es\/va\/wp-json\/wp\/v2\/users\/167"}],"replies":[{"embeddable":true,"href":"https:\/\/www.elche.es\/va\/wp-json\/wp\/v2\/comments?post=355920"}],"version-history":[{"count":2,"href":"https:\/\/www.elche.es\/va\/wp-json\/wp\/v2\/posts\/355920\/revisions"}],"predecessor-version":[{"id":355922,"href":"https:\/\/www.elche.es\/va\/wp-json\/wp\/v2\/posts\/355920\/revisions\/355922"}],"wp:featuredmedia":[{"embeddable":true,"href":"https:\/\/www.elche.es\/va\/wp-json\/wp\/v2\/media\/355902"}],"wp:attachment":[{"href":"https:\/\/www.elche.es\/va\/wp-json\/wp\/v2\/media?parent=355920"}],"wp:term":[{"taxonomy":"category","embeddable":true,"href":"https:\/\/www.elche.es\/va\/wp-json\/wp\/v2\/categories?post=355920"},{"taxonomy":"post_tag","embeddable":true,"href":"https:\/\/www.elche.es\/va\/wp-json\/wp\/v2\/tags?post=355920"}],"curies":[{"name":"wp","href":"https:\/\/api.w.org\/{rel}","templated":true}]}}