{"id":355990,"date":"2026-04-27T14:04:12","date_gmt":"2026-04-27T12:04:12","guid":{"rendered":"https:\/\/www.elche.es\/2026\/04\/comenca-la-instal%c2%b7lacio-de-tendals-vela-per-a-dotar-dombra-als-carrers-comercials-en-els-mesos-de-calor\/"},"modified":"2026-04-27T14:04:22","modified_gmt":"2026-04-27T12:04:22","slug":"comenca-la-instal%c2%b7lacio-de-tendals-vela-per-a-dotar-dombra-als-carrers-comercials-en-els-mesos-de-calor","status":"publish","type":"post","link":"https:\/\/www.elche.es\/va\/2026\/04\/comenca-la-instal%c2%b7lacio-de-tendals-vela-per-a-dotar-dombra-als-carrers-comercials-en-els-mesos-de-calor\/","title":{"rendered":"Comen\u00e7a la instal\u00b7laci\u00f3 de tendals vela per a dotar d&#8217;ombra als carrers comercials en els mesos de calor"},"content":{"rendered":"<div class=\"wpb-content-wrapper\"><p>[vc_row el_id=&#8221;SUBTITULAR_NOTICIA&#8221;][vc_column][vc_column_text css=&#8221;&#8221;]<\/p>\n<hr \/>\n<h4>Els treballs han iniciat amb la col\u00b7locaci\u00f3 de tensors i aix\u00f2 permetr\u00e0 que els tendals estiguen instal\u00b7lats per al mes de maig<\/h4>\n<hr \/>\n<p>[\/vc_column_text][\/vc_column][\/vc_row][vc_row el_id=&#8221;TEXTO_NOTICIA&#8221;][vc_column][vc_column_text css=&#8221;&#8221;]<strong>L&#8217;Ajuntament d&#8217;Elx<\/strong> ha iniciat este dilluns els treballs per a la <strong>instal\u00b7laci\u00f3<\/strong> de <strong>tendals<\/strong> <strong>vela<\/strong> en diferents carrers comercials del centre hist\u00f2ric de la ciutat, una actuaci\u00f3 inclosa en el <strong>pla d&#8217;ombra<\/strong> amb l&#8217;objectiu de millorar en confort t\u00e8rmic durant els mesos m\u00e9s calorosos de l&#8217;any i alhora, dinamitzar l&#8217;activitat econ\u00f2mica.[\/vc_column_text][\/vc_column][\/vc_row][vc_row type=&#8221;flexslider_slide&#8221; interval=&#8221;5&#8243; source=&#8221;media_library&#8221; images=&#8221;&#8221; img_size=&#8221;full&#8221; external_img_size=&#8221;&#8221; onclick=&#8221;link_image&#8221; custom_links_target=&#8221;_self&#8221; el_class=&#8221;galerianoticia&#8221; title=&#8221;&#8221; custom_srcs=&#8221;&#8221; custom_links=&#8221;&#8221;][vc_column][vc_gallery type=&#8221;flexslider_slide&#8221; interval=&#8221;5&#8243; images=&#8221;355966,355968,355970&#8243; img_size=&#8221;full&#8221; css=&#8221;&#8221; el_class=&#8221;galerianoticia&#8221;][\/vc_column][\/vc_row][vc_row][vc_column][vc_column_text css=&#8221;&#8221;]Els treballs han comen\u00e7at amb la col\u00b7locaci\u00f3 dels tensors en carrers com <strong>Hospital, Corredora, Bisbe Tormo o carrer Ample<\/strong> i com a novetat enguany en <strong>carrer Major de la Vila<\/strong>. Est\u00e0 previst que la instal\u00b7laci\u00f3 completa estiga llesta per al mes<strong> de maig<\/strong> i romanguen als carrers <strong>fins a finals del mes d&#8217;octubre.<\/strong>[\/vc_column_text][\/vc_column][\/vc_row][vc_row el_id=&#8221;DESTACADO_NOTICIA&#8221;][vc_column][vc_column_text css=&#8221;&#8221; el_class=&#8221;cuadronoticia&#8221;]<\/p>\n<h5>L&#8217;actuaci\u00f3 s&#8217;emmarca en el pla d&#8217;ombra per a millorar el confort t\u00e8rmic i afavorir l&#8217;activitat comercial<\/h5>\n<p>[\/vc_column_text][\/vc_column][\/vc_row][vc_row el_id=&#8221;TEXTO_FIN_NOTICIA&#8221;][vc_column][vc_column_text css=&#8221;&#8221;]<strong>El regidor de Servicis P\u00fablics<\/strong>, Claudio Guilabert, ha apuntat que esta iniciativa \u201cforma part del comprom\u00eds d&#8217;este equip de govern amb dotar d&#8217;ombra els nostres carrers, no sols amb la plantaci\u00f3 d&#8217;arbratge, sin\u00f3 tamb\u00e9 amb estos tendals\u201d. A m\u00e9s, ha assegurat que \u201c<strong>la nostra prioritat \u00e9s continuar estenent este sistema perqu\u00e8 \u00e9s una cosa que la ciutadania ens demana<\/strong>, especialment per a afavorir el tr\u00e0nsit per als vianants i l&#8217;activitat comercial durant l&#8217;estiu\u201d.<\/p>\n<p>D&#8217;altra banda, Guilabert ha explicat que \u201cestem treballant en un estudi t\u00e8cnic per a ampliar esta actuaci\u00f3 a altres carrers i barris del municipi de manera progressiva arribant a Altabix, Carr\u00fas o el Pla, aix\u00ed com a les pedanies, tot i que sempre <strong>s&#8217;han de tenir en compte les caracter\u00edstiques estructurals de les fa\u00e7anes dels edificis on van ancorats estos tendals\u201d<\/strong>.<\/p>\n<hr \/>\n<p>[\/vc_column_text][\/vc_column][\/vc_row][vc_row][vc_column width=&#8221;1\/6&#8243;][\/vc_column][vc_column width=&#8221;2\/3&#8243;]<audio class=\"sc_audio\" src=\"https:\/\/soundcloud.com\/ayuntamiento-de-elche\/comienza-la-instalacion-de?si=126a1cf0e0f744939a39636c62d6b871&#038;utm_source=clipboard&#038;utm_medium=text&#038;utm_campaign=social_sharing\" width=\"\" height=\"\" style=\"````\"><\/audio>[\/vc_column][vc_column width=&#8221;1\/6&#8243;][\/vc_column][\/vc_row]<\/p>\n<\/div>","protected":false},"excerpt":{"rendered":"<p>[vc_row el_id=&#8221;SUBTITULAR_NOTICIA&#8221;][vc_column][vc_column_text css=&#8221;&#8221;] Els treballs han iniciat amb la col\u00b7locaci\u00f3 de tensors i aix\u00f2 permetr\u00e0 que els tendals estiguen instal\u00b7lats per al mes de maig [\/vc_column_text][\/vc_column][\/vc_row][vc_row el_id=&#8221;TEXTO_NOTICIA&#8221;][vc_column][vc_column_text css=&#8221;&#8221;]L&#8217;Ajuntament d&#8217;Elx ha [&hellip;]<\/p>\n","protected":false},"author":167,"featured_media":355971,"comment_status":"closed","ping_status":"closed","sticky":false,"template":"","format":"standard","meta":{"footnotes":""},"categories":[391,1312,1277],"tags":[],"class_list":["post-355990","post","type-post","status-publish","format-standard","has-post-thumbnail","hentry","category-home-va","category-noticias-va","category-via-publica-va"],"_links":{"self":[{"href":"https:\/\/www.elche.es\/va\/wp-json\/wp\/v2\/posts\/355990","targetHints":{"allow":["GET"]}}],"collection":[{"href":"https:\/\/www.elche.es\/va\/wp-json\/wp\/v2\/posts"}],"about":[{"href":"https:\/\/www.elche.es\/va\/wp-json\/wp\/v2\/types\/post"}],"author":[{"embeddable":true,"href":"https:\/\/www.elche.es\/va\/wp-json\/wp\/v2\/users\/167"}],"replies":[{"embeddable":true,"href":"https:\/\/www.elche.es\/va\/wp-json\/wp\/v2\/comments?post=355990"}],"version-history":[{"count":2,"href":"https:\/\/www.elche.es\/va\/wp-json\/wp\/v2\/posts\/355990\/revisions"}],"predecessor-version":[{"id":355992,"href":"https:\/\/www.elche.es\/va\/wp-json\/wp\/v2\/posts\/355990\/revisions\/355992"}],"wp:featuredmedia":[{"embeddable":true,"href":"https:\/\/www.elche.es\/va\/wp-json\/wp\/v2\/media\/355971"}],"wp:attachment":[{"href":"https:\/\/www.elche.es\/va\/wp-json\/wp\/v2\/media?parent=355990"}],"wp:term":[{"taxonomy":"category","embeddable":true,"href":"https:\/\/www.elche.es\/va\/wp-json\/wp\/v2\/categories?post=355990"},{"taxonomy":"post_tag","embeddable":true,"href":"https:\/\/www.elche.es\/va\/wp-json\/wp\/v2\/tags?post=355990"}],"curies":[{"name":"wp","href":"https:\/\/api.w.org\/{rel}","templated":true}]}}