{"id":355993,"date":"2026-04-27T14:20:57","date_gmt":"2026-04-27T12:20:57","guid":{"rendered":"https:\/\/www.elche.es\/2026\/04\/elx-acull-la-processo-de-la-creu-de-maig-el-proxim-dia-9\/"},"modified":"2026-04-27T14:21:06","modified_gmt":"2026-04-27T12:21:06","slug":"elx-acull-la-processo-de-la-creu-de-maig-el-proxim-dia-9","status":"publish","type":"post","link":"https:\/\/www.elche.es\/va\/2026\/04\/elx-acull-la-processo-de-la-creu-de-maig-el-proxim-dia-9\/","title":{"rendered":"Elx acull la process\u00f3 de la Creu de Maig el pr\u00f2xim dia 9"},"content":{"rendered":"<div class=\"wpb-content-wrapper\"><p>[vc_row el_id=&#8221;SUBTITULAR_NOTICIA&#8221;][vc_column][vc_column_text css=&#8221;&#8221;]<\/p>\n<hr \/>\n<h4>Esta iniciativa impulsada per la Joventut Confrare de la Setmana Santa va comen\u00e7ar en 2025 amb motiu de la celebraci\u00f3 de l&#8217;Any Jubilar<\/h4>\n<hr \/>\n<p>[\/vc_column_text][\/vc_column][\/vc_row][vc_row el_id=&#8221;TEXTO_NOTICIA&#8221;][vc_column][vc_column_text css=&#8221;&#8221;]La Comissi\u00f3 de Joventut de la Junta Major de Confraries i Germandats de la Setmana Santa d&#8217;Elx, amb el suport de la Regidoria de Festejos, ha organitzat un programa d&#8217;activitats amb motiu de la Creu de Maig que comencen este dijous 30 d&#8217;abril amb el preg\u00f3 a c\u00e0rrec d&#8217;Adri\u00e1n Cuenca de Castillo en l&#8217;edifici Trinquet de la Universitat Cardenal Herrera CEU i que conclou amb la process\u00f3 del dia 9 des de la parr\u00f2quia de Sant Joan Baptista.<\/p>\n<p>L&#8217;edil de Festejos, Inma Mora, ha destacat la labor de Joventut Confrare i la Junta Major en la posada en marxa d&#8217;esta iniciativa de la Creu de Maig que va arrancar en 2025 amb motiu de la celebraci\u00f3 de l&#8217;Any Jubilar i que davant la bona resposta rebuda s&#8217;ha decidit continuar enguany, amb l&#8217;objectiu que es consolide en el calendari festiu de la ciutat.<\/p>\n<p>El responsable de la Joventut Confrare, Pablo Albentosa, ha explicat les activitats comencen el dia 30 amb el preg\u00f3, per\u00f2 el gruix de les activitats es dur\u00e0 a terme els dies 8 i 9 de maig. Aix\u00ed, el divendres 8 tindr\u00e0 lloc a les 21.00 hores una vig\u00edlia d&#8217;oraci\u00f3 en la parr\u00f2quia de Sant Joan i un sopar de germanor a l&#8217;aire lliure en Porta Xiquica de Sant Joan.[\/vc_column_text][\/vc_column][\/vc_row][vc_row el_id=&#8221;DESTACADO_NOTICIA&#8221;][vc_column][vc_column_text css=&#8221;&#8221; el_class=&#8221;cuadronoticia&#8221;]<\/p>\n<h5>El programa d&#8217;activitat arranca el dia 30 d&#8217;abril amb el preg\u00f3 a c\u00e0rrec d&#8217;Adri\u00e1n Cuenca de Castillo<\/h5>\n<p>[\/vc_column_text][\/vc_column][\/vc_row][vc_row el_id=&#8221;TEXTO_FIN_NOTICIA&#8221;][vc_column][vc_column_text css=&#8221;&#8221;]El dissabte dia 9 es realitzar\u00e0 un acte d&#8217;agermanament amb la Joventut Confrare d&#8217;Alacant, a m\u00e9s d&#8217;activitats infantils organitzades per la confraria de la Samaritana i les germanors de Maria Sant\u00edssima de la Caritat i Merc\u00e8.<\/p>\n<p>A la vesprada, a partir de les 17.00 hores, se celebrar\u00e0 la process\u00f3 de la Creu de Maig, que partir\u00e0 des de la parr\u00f2quia de Sant Joan Baptista i estar\u00e0 presidida per un pas al\u00b7leg\u00f2ric de la Santa Creu amb un \u00e0ngel i una corona de flors, que ser\u00e0 portat per quatre quadrilles de portants. Estar\u00e0 acompanyat per l&#8217;Agrupaci\u00f3 Musical de la Nostra Senyora de la Pietat d&#8217;Oliva.<\/p>\n<p>Una vegada la process\u00f3 arribe a la Bas\u00edlica de Santa Maria, els j\u00f3vens realitzaran una oraci\u00f3 i ofrena a la Verge de l&#8217;Assumpci\u00f3, per a despr\u00e9s tornar a la parr\u00f2quia de Sant Joan.<\/p>\n<p>L&#8217;edil de Festejos ha convidat els il\u00b7licitans a participar en estes activitats de la Creu de Maig i a assistir a la process\u00f3 del dia 9.<\/p>\n<hr \/>\n<p>[\/vc_column_text][\/vc_column][\/vc_row][vc_row][vc_column width=&#8221;1\/6&#8243;][\/vc_column][vc_column width=&#8221;2\/3&#8243;]<audio class=\"sc_audio\" src=\"https:\/\/soundcloud.com\/ayuntamiento-de-elche\/elche-acoge-la-procesion-de-la?si=fa774857be4d4eda96440e3fa260c7fd&#038;utm_source=clipboard&#038;utm_medium=text&#038;utm_campaign=social_sharing\" width=\"\" height=\"\" style=\"````\"><\/audio>[\/vc_column][vc_column width=&#8221;1\/6&#8243;][\/vc_column][\/vc_row]<\/p>\n<\/div>","protected":false},"excerpt":{"rendered":"<p>[vc_row el_id=&#8221;SUBTITULAR_NOTICIA&#8221;][vc_column][vc_column_text css=&#8221;&#8221;] Esta iniciativa impulsada per la Joventut Confrare de la Setmana Santa va comen\u00e7ar en 2025 amb motiu de la celebraci\u00f3 de l&#8217;Any Jubilar [\/vc_column_text][\/vc_column][\/vc_row][vc_row el_id=&#8221;TEXTO_NOTICIA&#8221;][vc_column][vc_column_text css=&#8221;&#8221;]La Comissi\u00f3 [&hellip;]<\/p>\n","protected":false},"author":167,"featured_media":355975,"comment_status":"closed","ping_status":"closed","sticky":false,"template":"","format":"standard","meta":{"footnotes":""},"categories":[191,391,1312],"tags":[],"class_list":["post-355993","post","type-post","status-publish","format-standard","has-post-thumbnail","hentry","category-festes-va","category-home-va","category-noticias-va"],"_links":{"self":[{"href":"https:\/\/www.elche.es\/va\/wp-json\/wp\/v2\/posts\/355993","targetHints":{"allow":["GET"]}}],"collection":[{"href":"https:\/\/www.elche.es\/va\/wp-json\/wp\/v2\/posts"}],"about":[{"href":"https:\/\/www.elche.es\/va\/wp-json\/wp\/v2\/types\/post"}],"author":[{"embeddable":true,"href":"https:\/\/www.elche.es\/va\/wp-json\/wp\/v2\/users\/167"}],"replies":[{"embeddable":true,"href":"https:\/\/www.elche.es\/va\/wp-json\/wp\/v2\/comments?post=355993"}],"version-history":[{"count":2,"href":"https:\/\/www.elche.es\/va\/wp-json\/wp\/v2\/posts\/355993\/revisions"}],"predecessor-version":[{"id":355995,"href":"https:\/\/www.elche.es\/va\/wp-json\/wp\/v2\/posts\/355993\/revisions\/355995"}],"wp:featuredmedia":[{"embeddable":true,"href":"https:\/\/www.elche.es\/va\/wp-json\/wp\/v2\/media\/355975"}],"wp:attachment":[{"href":"https:\/\/www.elche.es\/va\/wp-json\/wp\/v2\/media?parent=355993"}],"wp:term":[{"taxonomy":"category","embeddable":true,"href":"https:\/\/www.elche.es\/va\/wp-json\/wp\/v2\/categories?post=355993"},{"taxonomy":"post_tag","embeddable":true,"href":"https:\/\/www.elche.es\/va\/wp-json\/wp\/v2\/tags?post=355993"}],"curies":[{"name":"wp","href":"https:\/\/api.w.org\/{rel}","templated":true}]}}