{"id":356040,"date":"2026-04-28T13:29:12","date_gmt":"2026-04-28T11:29:12","guid":{"rendered":"https:\/\/www.elche.es\/2026\/04\/el-gran-teatre-programa-los-pel-dia-internacional-de-la-dansa-i-el-musical-familiar-idols-la-revolucion-k-pop\/"},"modified":"2026-04-28T13:29:22","modified_gmt":"2026-04-28T11:29:22","slug":"el-gran-teatre-programa-los-pel-dia-internacional-de-la-dansa-i-el-musical-familiar-idols-la-revolucion-k-pop","status":"publish","type":"post","link":"https:\/\/www.elche.es\/va\/2026\/04\/el-gran-teatre-programa-los-pel-dia-internacional-de-la-dansa-i-el-musical-familiar-idols-la-revolucion-k-pop\/","title":{"rendered":"El Gran Teatre programa L&#8217;os pel Dia Internacional de la Dansa i el musical familiar \u00a1Idols! La revoluci\u00f3n K-POP"},"content":{"rendered":"<div class=\"wpb-content-wrapper\"><p>[vc_row el_id=&#8221;SUBTITULAR_NOTICIA&#8221;][vc_column][vc_column_text css=&#8221;&#8221;]<\/p>\n<hr \/>\n<h4><strong>L\u2019Escorxador acull <em>Virtual Sadness<\/em>, una proposta esc\u00e8nica sobre l&#8217;impacte de la tecnologia en les emocions<\/strong><\/h4>\n<hr \/>\n<p>[\/vc_column_text][\/vc_column][\/vc_row][vc_row el_id=&#8221;TEXTO_NOTICIA&#8221;][vc_column][vc_column_text css=&#8221;&#8221;]<\/p>\n<div data-olk-copy-source=\"MessageBody\">El Gran Teatre centra la programaci\u00f3 cultural dels pr\u00f2xims dies amb motiu del Dia Internacional de la Dansa. El dijous 30 d&#8217;abril, a les 20.30 hores, la companyia Marroch presenta\u00a0<i>L&#8217;os<\/i>, una pe\u00e7a contempor\u00e0nia que aborda l&#8217;ansietat a trav\u00e9s del moviment i l&#8217;expressi\u00f3 corporal. L&#8217;obra explora els conflictes interns i les tensions emocionals amb una posada en escena intensa i evocadora. Les entrades, amb un preu de 16 euros, es poden adquirir en la taquilla del Gran Teatre i en vivaticket.es.<\/div>\n<p><\/p>\n<div><\/div>\n<p><\/p>\n<div>L&#8217;agenda continuar\u00e0 el dissabte 2 de maig amb l&#8217;espectacle familiar\u00a0<i>\u00a1Idolos! La revoluci\u00f3n K-POP<\/i>, amb funcions a les 17.00 i 20.00 hores. Es tracta d&#8217;una proposta esc\u00e8nica dirigida a tots els p\u00fablics que combina m\u00fasica, coreografies i un potent disseny visual en un format de gran espectacle. Les entrades tenen un preu de 18, 22 i 24 euros.<\/div>\n<p><\/p>\n<div>Per part seua, L\u2019Escorxador acull el dimecres 29 d&#8217;abril, a les 18.00 hores,\u00a0<i>Virtual Sadness<\/i>, de la companyia Carla Sister\u00e9, dins del Festival Abril en Dansa. La pe\u00e7a reflexiona sobre la relaci\u00f3 entre la tecnologia i les emocions, i planteja una experi\u00e8ncia esc\u00e8nica que connecta a int\u00e8rprets professionals amb participants locals.<\/div>\n<p><\/p>\n<div><\/div>\n<p><\/p>\n<div>La programaci\u00f3 cultural es completa amb m\u00e0gia familiar a La Llotja amb\u00a0<i>Magia del and\u00e9n 9 y 3\/4<\/i>, sessions de la Filmoteca al Cine Od\u00e8on, cinema infantil amb\u00a0<i>Evolution<\/i>, l&#8217;exposici\u00f3\u00a0<i>L&#8217;empremta de Dion\u00eds\u00a0<\/i>en el MAHE a m\u00e9s d&#8217;activitats especials pel Dia de la Mare. La mostra\u00a0<i>Bangladesh: La dignitat d&#8217;un poble\u00a0<\/i>en la Llotja Medieval, la retrospectiva de Jos\u00e9 Garc\u00eda Poveda a la Sala Kursaal, la Setmana Bach, activitats en barris i pedanies i l&#8217;obertura del Museu de la Vinguda de la Verge. A m\u00e9s d&#8217;exposicions com\u00a0<i>Palmer-Art<\/i>\u00a0en l\u2019Hort dels Pontos o la dedicada a Elx en la d\u00e8cada de 1970 en el Museu Escolar de Pu\u00e7ol.<\/div>\n<p>[\/vc_column_text][\/vc_column][\/vc_row][vc_row el_id=&#8221;DESTACADO_NOTICIA&#8221;][vc_column][\/vc_column][\/vc_row][vc_row el_id=&#8221;TEXTO_FIN_NOTICIA&#8221;][vc_column][vc_column_text css=&#8221;&#8221;]<\/p>\n<p data-start=\"224\" data-end=\"273\">GRAN TEATRE<br data-start=\"235\" data-end=\"238\" \/>C\/ Kursaal, 1, 03203 Elx, Alacant<\/p>\n<p><\/p>\n<p data-start=\"275\" data-end=\"521\">DANSA: <em>L&#8217;os<\/em>, amb la Cia. Marroch<br data-start=\"309\" data-end=\"312\" \/>Dijous 30 d&#8217;abril a les 20.30 h<br data-start=\"344\" data-end=\"347\" \/>Commemoraci\u00f3 Dia Internacional de la Dansa<br \/>\nPreu: 16 \u20ac (descomptes aplicables)<br \/>\nDuraci\u00f3: 55 minuts<br \/>\nVenda d&#8217;entrades en la taquilla del Gran Teatre i vivaticket.es<\/p>\n<p>Informaci\u00f3: No penses en un os rosa. Et resulta dif\u00edcil, veritat? \u00c9s molt probable que en este moment la imatge d\u2019un os rosa aparega al teu cap una i una altra vegada. Com m\u00e9s et proposes no pensar en all\u00f2, m\u00e9s s\u2019inundar\u00e0 la teua ment d\u2019este pensament que intentes evitar. No deixes de veure\u2019l, de sentir que et perseguix, \u00e9s un os, gran i rosa. Les mans suen, la respiraci\u00f3 s\u2019accelera i nom\u00e9s vols fugir. Et diuen que no \u00e9s per a sempre, que l\u2019os un dia desapareixer\u00e0. <em>L\u2019os<\/em> \u00e9s una pe\u00e7a de dansa contempor\u00e0nia que explora de manera visceral i emotiva el complex fenomen de l\u2019ansietat. L\u2019obra dona vida als conflictes interns, les tensions f\u00edsiques i les lluites emocionals que experimenten aquells que enfronten este trastorn tan prevalent en la nostra societat actual.<\/p>\n<hr data-start=\"1318\" data-end=\"1321\" \/><\/p>\n<p data-start=\"1323\" data-end=\"1584\">TEATRE MUSICAL FAMILIAR: <em>\u00a1Idols! La revoluci\u00f3n K-POP<\/em>, amb la Cia. CTME &amp; Pekebaila Kids<br data-start=\"1410\" data-end=\"1413\" \/>Dissabte 2 de maig a les 17.00 i 20.00 h<br \/>\nPreu: 18, 22 i 24 \u20ac (sense descomptes)<br \/>\nDuraci\u00f3: 75 minuts<br \/>\nVenda d&#8217;entrades en la taquilla del Gran Teatre i vivaticket.es<\/p>\n<p>Informaci\u00f3: En un futur dist\u00f2pic on el so ha sigut prohibit i el ritme convertit en una arma demon\u00edaca, el perill\u00f3s WI-MA i els Season S\u00c1JAS busquen dominar el m\u00f3n. Tres joves artistes -les Guerreres del Ritme- unides per l\u2019amistat i el poder del K-POP, descobrixen que la seua m\u00fasica pot:<\/p>\n<ul>\n<li>Despertar<\/li>\n<li>Alliberar<\/li>\n<li>Canviar-ho tot<\/li>\n<\/ul>\n<p>Salven un m\u00f3n sencer\u2026 amb el ritme com a arma.<\/p>\n<p>EN ESCENA<\/p>\n<ul>\n<li>Tres protagonistes<\/li>\n<li>Set IDOLS<\/li>\n<li>Veus en directe<\/li>\n<li>Coreografies d\u2019alt voltatge<\/li>\n<li>Disseny visual de gran espectacle<\/li>\n<\/ul>\n<p><\/p>\n<p data-start=\"1586\" data-end=\"1934\">Una experi\u00e8ncia que ning\u00fa a Espanya ha pogut calcar ni replicar.<\/p>\n<p><\/p>\n<hr data-start=\"2200\" data-end=\"2203\" \/><\/p>\n<p data-start=\"2205\" data-end=\"2469\">DANSA: <em>La Terreta Balla, <\/em>XV Festival Abril en Dansa<br data-start=\"2256\" data-end=\"2259\" \/>Diumenge 3 de maig a les 19.00 h<br \/>\nCommemoraci\u00f3 Dia Internacional de la Dansa<br \/>\nPreu: 10, 12 i 15 \u20ac (sense descomptes)<br \/>\nDuraci\u00f3: 90 minuts<br \/>\nVenda d&#8217;entrades en la taquilla del Gran Teatre i vivaticket.es<\/p>\n<p>Informaci\u00f3: <em>La Terreta Balla<\/em> \u00e9s un programa molt emotiu dins del context del Festival Abril en Dansa. Des d\u2019este lloc acostem artistes de la dansa de la prov\u00edncia d\u2019Alacant, que han deixat la nostra comunitat o el nostre pa\u00eds, per a formar-se i continuar les seues traject\u00f2ries art\u00edstiques en uns altres llocs.<\/p>\n<p><em>La Terreta Balla<\/em> s\u2019ha convertit en un lloc de trobada i un espai \u00fanic per a veure, compartir i gaudir el treball de tants ballarins i ballarines que s\u2019han format en la prov\u00edncia, el desenrotllament i traject\u00f2ria art\u00edstica dels quals els ha portat a emigrar a uns altres llocs.<\/p>\n<hr data-start=\"3061\" data-end=\"3064\" \/><\/p>\n<p data-start=\"3066\" data-end=\"3119\">L\u2019ESCORXADOR<br data-start=\"3078\" data-end=\"3081\" \/>C\/ Curtidors, 23, 03203 Elx, Alacant<\/p>\n<p><\/p>\n<p data-start=\"3121\" data-end=\"3398\">DANSA: <em>Virtual Sadness<\/em>, amb la Cia. Carla Sister\u00e9. Festival Abril en Dansa<br data-start=\"3195\" data-end=\"3198\" \/>Dimecres 29 d&#8217;abril a les 18.00 h<br \/>\nLloc: Espai Esc\u00e8nic<br \/>\nEntrada \u00fanica de 10 \u20ac a la venda en la taquilla del Gran Teatre, vivaticket.com i taquilla de L\u2019Escorxador una hora abans de l&#8217;espectacle<\/p>\n<p>Informaci\u00f3: <em>Virtual Sadness<\/em> \u00e9s una pe\u00e7a esc\u00e8nica que reflexiona sobre l&#8217;impacte de la tecnologia en la nostra manera de relacionar-nos i sentir. A trav\u00e9s del cos i el moviment, l&#8217;obra transita entre la connexi\u00f3 i la desconnexi\u00f3, les coses reals i les virtuals. La pe\u00e7a incorpora voluntaris en escena, que s\u00f3n les mateixes persones que participen pr\u00e8viament en el taller associat al projecte. Esta col\u00b7laboraci\u00f3 genera una experi\u00e8ncia compartida entre int\u00e8rprets professionals i participants locals, refor\u00e7ant el vincle entre la creaci\u00f3 art\u00edstica i la comunitat.<\/p>\n<hr data-start=\"3972\" data-end=\"3975\" \/><\/p>\n<p data-start=\"3977\" data-end=\"4049\">LA LLOTJA<br data-start=\"3986\" data-end=\"3989\" \/>Carrer Jos\u00e9 Mar\u00eda Casta\u00f1o Mart\u00ednez, 13, 03202 Elx, Alacant<\/p>\n<p><\/p>\n<p data-start=\"4051\" data-end=\"4366\">M\u00c0GIA\/IL\u00b7LUSIONISME: Joan Vidal Ilusionista. <em>Magia del and\u00e9n 9 y 3\/4<\/em><br data-start=\"4117\" data-end=\"4120\" \/>Divendres 1 de maig a les 18.30 h<br \/>\nEntrada anticipada: 12 \u20ac + gastos<br \/>\nDuraci\u00f3: 75 minuts<br \/>\nEdat: +3<br \/>\nVenda d&#8217;entrades: entradium.com i a La Llotja, una hora abans de l&#8217;espectacle (per a les entrades que no s&#8217;hagen venut amb anterioritat)<\/p>\n<p>Informaci\u00f3: Eres fan de Harry Potter? Llavors no et pots perdre este fant\u00e0stic xou de m\u00e0gia. Un espectacle per a tota la fam\u00edlia en el qual la podr\u00e0s gaudir d&#8217;una m\u00e0gia de pel\u00b7l\u00edcula. Llibres m\u00e0gics, pocions misterioses, dibuixos impossibles, objectes que volen, fins i tot objectes que apareixen i desapareixen en pronunciar les paraules m\u00e0giques al comp\u00e0s de la vareta. Tot aix\u00f2 i molt m\u00e9s \u00e9s el que podr\u00e0s veure en este espectacle de m\u00e0gia apte per a tots els p\u00fabics i, sobretot, per a aquells fans de la saga Harry Potter.<\/p>\n<hr data-start=\"4902\" data-end=\"4905\" \/><\/p>\n<p data-start=\"4907\" data-end=\"4971\">CINE ODEON<br data-start=\"4917\" data-end=\"4920\" \/>Carrer Juan Ram\u00f3n Jim\u00e9nez, 18, 03295 Elx, Alacant<\/p>\n<p><\/p>\n<p data-start=\"4973\" data-end=\"5246\">FILMOTECA: <em>Los miserables. El origen<\/em><br data-start=\"5009\" data-end=\"5012\" \/>Del dimecres 29 d&#8217;abril al diumenge 3 de maig<br \/>\nDivendres 1 de maig no hi ha projeccions<br \/>\nHorari: 17.30, 20.00 i 20.30 h<br \/>\nDomingo: 17.30 i 20.00 h<br \/>\nSala A<br \/>\nNacionalitat: Fran\u00e7a<br \/>\nDuraci\u00f3: 98 minuts<br \/>\nEdat recomanada: +16 anys<\/p>\n<p>Sinopsi: 1815. Jean Valjean ix del presidi, destrossat, rebutjat per tots. Vagant sense rumb, troba refugi a casa d\u2019un clergue, la seua germana i el seu servent. Davant esta m\u00e0 tendida, Jean Valjean vacil\u00b7la i, en eixa nit suspesa, haur\u00e0 de triar en qui vol convertirse.<\/p>\n<p><em>Informaci\u00f3 general de la filmoteca<\/em><\/p>\n<p><em>Entrada general: 3 \u20ac<\/em><\/p>\n<p><em>Dimecres (dia de l&#8217;espectador): 1,50 \u20ac (gratis amb la targeta daurada de l&#8217;Ajuntament)<\/em><\/p>\n<p><em>Dijous: gratis per a estudiants de secund\u00e0ria, batxillerat i de la Universitat d&#8217;Elx menors de 30 anys (acreditant-ho amb el carnet del centre educatiu).<\/em><\/p>\n<p><em>Filmoteca en VOSE: dijous, en les projeccions de les 20.00 i 22.30 h, la pel\u00b7l\u00edcula ser\u00e0 en versi\u00f3 original subtitulada.<\/em><\/p>\n<p data-start=\"5248\" data-end=\"5532\"><em>Informaci\u00f3 i venda d&#8217;entrades en <\/em><em>taquilla del cine Odeon, 45 minuts abans de cada sessi\u00f3<\/em>.<\/p>\n<p><\/p>\n<hr data-start=\"6063\" data-end=\"6066\" \/><\/p>\n<p data-start=\"6068\" data-end=\"6190\">CINE INFANTIL: <em>Evolution<\/em><br data-start=\"6092\" data-end=\"6095\" \/>Dissabte 2 i diumenge 3 de maig<br \/>\nHorari: 17.30 h<br \/>\nNacionalitat: Espanya<br \/>\nDuraci\u00f3: 94 minuts<\/p>\n<p>Sinopsi: Quan una substancia alien\u00edgena mescla l\u2019ADN de Zoe amb el de les seues mascotes, crear\u00e0 un incre\u00efble equip d\u2019animals intel\u00b7ligents liderats per una xica salvatge.<\/p>\n<hr data-start=\"6367\" data-end=\"6370\" \/><\/p>\n<p data-start=\"6372\" data-end=\"6462\">MAHE. MUSEU ARQUEOL\u00d2GIC I D&#8217;HIST\u00d2RIA D&#8217;ELX<br data-start=\"6419\" data-end=\"6422\" \/>Carrer Diagonal del Palau 1, 03202 Elx<\/p>\n<p><\/p>\n<p data-start=\"6464\" data-end=\"6584\">EXPOSICI\u00d3: <em>L&#8217;empremta de Dion\u00eds<\/em><br data-start=\"6497\" data-end=\"6500\" \/>Del divendres 10 d&#8217;abril al diumenge 11 d&#8217;octubre<br \/>\nSala d&#8217;exposicions temporals<\/p>\n<p>Informaci\u00f3: Al llarg dels \u00faltims huit mil anys, el vi ha acompanyat el desenrotllament de la humanitat com a aliment, s\u00edmbol i element cultural. Des de les primeres civilitzacions agr\u00edcoles, cultivar la vinya va significar assentar-se en un territori, cuidar la terra i esperar el pas de les estacions. Aix\u00ed, el treball agr\u00edcola es va convertir en cultura. L&#8217;exposici\u00f3 L\u2019empremta de Dion\u00eds brinda una excepcional ocasi\u00f3 d&#8217;aproximar-se a la cultura del vi des d&#8217;un punt de vista hist\u00f2ric, arqueol\u00f2gic i art\u00edstic, gr\u00e0cies a una de les millors col\u00b7leccions que existixen en el m\u00f3n relacionades amb esta tem\u00e0tica, la col\u00b7lecci\u00f3 del Museu Vivanco de la Cultura del Vi. Considerat per la UNESCO com un dels millors museus, posse\u00efx una valuosa col\u00b7lecci\u00f3 d&#8217;elevada qualitat cient\u00edfica i patrimonial que combina objectes arqueol\u00f2gics, etnol\u00f2gics i art\u00edstics que es relacionen d&#8217;un mode o un altre amb el vi. La selecci\u00f3 d&#8217;objectes i obres d&#8217;art realitzada pels comissaris de l&#8217;exposici\u00f3, Santiago Vivanco S\u00e1enz i Miguel F. P\u00e9rez Blasco, permet rec\u00f3rrer aspectes econ\u00f2mics, religiosos, art\u00edstics i culturals, amb peces mesopot\u00e0miques, eg\u00edpcies, gregues i romanes, i en les quals tamb\u00e9 s&#8217;han inserit algunes peces arqueol\u00f2giques destacades de la pr\u00f2pia col\u00b7lecci\u00f3 del Museu Arqueol\u00f2gic i d&#8217;Hist\u00f2ria d&#8217;Elx (MAHE). Des del punt de vista art\u00edstic, obres d\u2019An\u00edbal Carraci, Andrea Mantegna, Giulio Romano, Josep de Ribera, Manuel Benedito, Eduardo Rosales, Picasso o Dal\u00ed permeten aproximar el visitant a l&#8217;evoluci\u00f3 de la imatge mitol\u00f2gica del d\u00e9u de vi, Dion\u00eds \/ Bacus a trav\u00e9s de la Hist\u00f2ria.<\/p>\n<p data-start=\"101\" data-end=\"313\">TALLER: Taller Especial Familiar en el MAHE. Dia de la Mare<br data-start=\"161\" data-end=\"164\" \/>Dissabte 2 de maig a les 11.00 i 12.00 h<br \/>\nAcc\u00e9s gratu\u00eft<br \/>\nReserva: tel\u00e8fons 966 658 203 i 623 986 250 i correu <a class=\"decorated-link cursor-pointer\" rel=\"noopener\" data-start=\"277\" data-end=\"311\">actividadeselche@capsulacultura.es<\/a><\/p>\n<p><\/p>\n<p data-start=\"315\" data-end=\"372\">Informaci\u00f3: descobrix la hist\u00f2ria en femen\u00ed d&#8217;Elx.<\/p>\n<p><\/p>\n<hr data-start=\"374\" data-end=\"377\" \/><\/p>\n<p data-start=\"379\" data-end=\"492\">CONTACONTES MUSICAL: <em>La peque\u00f1a dama<\/em><br data-start=\"417\" data-end=\"420\" \/>Diumenge 3 de maig a les 12.00 h<br \/>\nInscripcions gratu\u00eftes: 966 658 203<\/p>\n<p><\/p>\n<hr data-start=\"494\" data-end=\"497\" \/><\/p>\n<p data-start=\"499\" data-end=\"553\">LLOTJA MEDIEVAL<br data-start=\"513\" data-end=\"516\" \/>Pla\u00e7a de Baix 1, 03202 Elx, Alacant<\/p>\n<p><\/p>\n<p data-start=\"555\" data-end=\"785\">EXPOSICI\u00d3: <em>Bangladesh: La dignitat d&#8217;un poble,<\/em> de la Fundaci\u00f3 FASFI<br data-start=\"626\" data-end=\"629\" \/>Del dissabte 18 d&#8217;abril al diumenge 10 de maig<br \/>\nHorari: De dimarts a dissabte de 10.00 a 14.00 h i de 15.00 a 18.00 h. Diumenges i festius de 10.00 a 14.00 h<\/p>\n<p>Informaci\u00f3: Esta exposici\u00f3 s&#8217;emmarca dins dels actes celebrats pel 75 aniversari del col\u00b7legi Jesu\u00eftines a Elx.<\/p>\n<p data-start=\"787\" data-end=\"1040\">Una mostra que exposa a trav\u00e9s de fotografies la realitat i resili\u00e8ncia del voluntariat i d&#8217;una ciutat com Bangladesh<\/p>\n<p><\/p>\n<hr data-start=\"1042\" data-end=\"1045\" \/><\/p>\n<p data-start=\"1047\" data-end=\"1139\">SALA KURSAAL &#8211; GRAN TEATRE<br data-start=\"1073\" data-end=\"1076\" \/>C\/ Kursaal, 1, 03203 Elx, Alacant<br data-start=\"1110\" data-end=\"1113\" \/>Acc\u00e9s des de la Glorieta<\/p>\n<p><\/p>\n<p data-start=\"1141\" data-end=\"1419\">EXPOSICI\u00d3 RETROSPECTIVA: <em>Jos\u00e9 Garc\u00eda Poveda. Investigador i docent<\/em><br data-start=\"1209\" data-end=\"1212\" \/>Del divendres 17 d&#8217;abril al diumenge 31 de maig<br \/>\nInauguraci\u00f3: divendres 17 d&#8217;abril a les 20.00 h<br \/>\nHorari: De dimarts a dissabte de 10.00 a 14.00 h i de 15.00 a 18.00 h. Diumenges i festius de 10.00 a 14.00 h<\/p>\n<p>Informaci\u00f3: L&#8217;exposici\u00f3 retrospectiva de Jos\u00e9 Garc\u00eda Poveda (el Pin\u00f3s, 1948), \u00e9s un homenatge i reconeixement a un dels artistes que forma part de la hist\u00f2ria contempor\u00e0nia del dibuix i la pintura il\u00b7licitana. Una fant\u00e0stica col\u00b7lecci\u00f3 d&#8217;obres que representa el seu excepcional i inconfusible univers creatiu, que oferix incomparables paisatges, retrats i vibrants composicions que l\u2019identifiquen i que han obtingut importants premis al llarg de la seua \u00e0mplia carrera.<\/p>\n<hr data-start=\"1901\" data-end=\"1904\" \/><\/p>\n<p data-start=\"1906\" data-end=\"1971\">LES CLARISSES<br data-start=\"1918\" data-end=\"1921\" \/>Passeig de les Eres de Santa Ll\u00facia, 03202 Elx, Alacant<\/p>\n<p><\/p>\n<p data-start=\"1973\" data-end=\"2099\">TAULA DE DEBAT: c<em>icle Estatut de l&#8217;Artista<\/em><br data-start=\"2015\" data-end=\"2018\" \/>Dijous 30 d&#8217;abril a les 19.00 h<br \/>\nHorari: De 19.00 a 21.00 h, aproximadament<\/p>\n<p>Informaci\u00f3: Segona sessi\u00f3 d\u2019este cicle, al voltant de les arts esc\u00e8niques. Amb l\u2019il\u00b7luminador Juanjo Llorens, el ballar\u00ed i core\u00f2graf Gustavo Ram\u00edrez i el m\u00fasic Luis Ivars.<\/p>\n<p data-start=\"2101\" data-end=\"2339\">Organitza l\u2019Institut Alacant\u00ed de Cultura Juan Gil-Albert.<\/p>\n<p><\/p>\n<hr data-start=\"2341\" data-end=\"2344\" \/><\/p>\n<p data-start=\"2346\" data-end=\"2366\">BARRIS I PEDANIES<\/p>\n<p><\/p>\n<p data-start=\"2368\" data-end=\"2522\">HUMOR\/MON\u00d2LEG: <em>Mar\u00eda Abad i Sergio Navarro<\/em><\/p>\n<p>Pu\u00e7ol. Zona col\u00b7legi, al costat del Museu<br \/>Dissabte 2 de maig a les 20.00 h<br \/>Entrada lliure fins a completar aforament<\/p>\n<p>M\u00daSICA\/CONCERT: <em>Boleros en el coraz\u00f3n<\/em>, amb el Duo Somaris<br \/>Santa Anna. Centre C\u00edvic<br \/>Dissabte 2 de maig a les 21.00 h<br \/>Entrada lliure fins a completar aforament<\/p>\n<hr data-start=\"2685\" data-end=\"2688\" \/>\n<p>XVI SETMANA BACH. DEL 25 D&#8217;ABRIL AL 2 DE MAIG<\/p>\n<p>CONCERT DID\u00c0CTIC: Amb l&#8217;Orquestra Musik\u00e9 Hemera<br \/>Esgl\u00e9sia de Sant Josep<br \/>Dissabte 25 d&#8217;abril a les 18.00 h<br \/>Entrada lliure fins a completar aforament<\/p>\n<p>CONCERT DE GUITARRA: Amb l&#8217;int\u00e8rpret Mario Pino Mateos<br \/>Centre Cultural Les Clarisses<br \/>Dimarts 28 d&#8217;abril a les 19.30 h<br \/>Entrada lliure fins a completar aforament<\/p>\n<p>CONCERT DE GUITARRA DID\u00c0CTIC PER A ESCOLARS: Amb l&#8217;int\u00e8rpret Mario Pino Mateos<br \/>Centre Cultural Les Clarisses<br \/>Dimecres 29 d&#8217;abril a les 12.00 h<br \/>Entrada lliure fins a completar aforament<\/p>\n<p>CONCERT D&#8217;\u00d2RGAN: Amb l&#8217;organista Nuno Kawaguchi i la cantant Almudena Agraz<br \/>Bas\u00edlica de Santa Maria<br \/>Dijous 30 d&#8217;abril a les 21.00 h<br \/>Entrada lliure fins a completar aforament<\/p>\n<p>CONCERT DE CLAUSURA: Amb l&#8217;Orquestra Musik\u00e9 Hemera<br \/>Bas\u00edlica de Santa Maria<br \/>Dijous 30 d&#8217;abril a les 21.00 h<br \/>Entrada lliure fins a completar aforament<\/p>\n<p>Informaci\u00f3: Un any m\u00e9s, i del dissabte 25 d&#8217;abril al dissabte 2 de maig, se celebra este cicle de concerts entorn de la figura d&#8217;un dels majors genis de la hist\u00f2ria de la m\u00fasica, Johann Sebastian Bach.<\/p>\n<p>Tot el programa en <a class=\"decorated-link\" href=\"https:\/\/www.visitelche.com\/wp-content\/uploads\/2026\/04\/XVI-Semana-Bach-Elche_Programa-completo.pdf\" target=\"_new\" rel=\"noopener\" data-start=\"3818\" data-end=\"3915\">https:\/\/www.visitelche.com\/wp-content\/uploads\/2026\/04\/XVI-Semana-Bach-Elche_Programa-completo.pdf<\/a><\/p>\n<hr data-start=\"3919\" data-end=\"3922\" \/><\/p>\n<p data-start=\"3924\" data-end=\"3991\">MUSEU DE LA VINGUDA DE LA VERGE<br data-start=\"3955\" data-end=\"3958\" \/>Hort de les Portes Encarnades<\/p>\n<p><\/p>\n<p data-start=\"3993\" data-end=\"4160\">Horari: dijous i divendres de 10.00 a 13.00 h i de 17.00 a 19.00 h<br data-start=\"4058\" data-end=\"4061\" \/>Dissabtes i diumenges de 10.00 a 13.00 h<br data-start=\"4098\" data-end=\"4101\" \/>Obertura de portes: dijous 23 d&#8217;abril<br data-start=\"4140\" data-end=\"4143\" \/>Acc\u00e9s gratu\u00eft<\/p>\n<div data-olk-copy-source=\"MessageBody\">Informaci\u00f3: el museu oferix un recorregut per la hist\u00f2ria de la Vinguda de la Verge, vinculada a l&#8217;arribada de la Verge de l&#8217;Assumpci\u00f3 a les costes il\u00b7licitanes l&#8217;any 1370. L&#8217;espai expositiu permet con\u00e9ixer el context hist\u00f2ric i religi\u00f3s en el qual sorgix esta tradici\u00f3, aix\u00ed com l&#8217;evoluci\u00f3 fins a convertir-se en una de les celebracions m\u00e9s multitudin\u00e0ries del municipi.<\/div>\n<p><\/p>\n<div>El nou espai expositiu reunix documents hist\u00f2rics, recreacions, peces originals i indument\u00e0ria vinculada a la festivitat, i oferix una visi\u00f3 completa tant del seu origen medieval com del seu desenrotllament contemporani. A trav\u00e9s de diferents recursos interpretatius, els visitants podran comprendre el valor patrimonial d&#8217;esta celebraci\u00f3 i l&#8217;estreta relaci\u00f3 que t\u00e9 amb el Misteri d\u2019Elx.<\/div>\n<p><\/p>\n<div>El museu es distribu\u00efx en diverses sales expositives organitzades entorn d&#8217;una escala central, on s&#8217;aborden aspectes com els gegants i capgrossos, la m\u00fasica tradicional, la romeria del 28 de desembre, la figura de Francesc Cant\u00f3 o l&#8217;evoluci\u00f3 de l&#8217;antic Ajuntament. A m\u00e9s, l&#8217;edifici compta amb despatxos, arxiu\u00a0documental i terrasses exteriors, on tamb\u00e9 se situar\u00e0 la seu de la Societat Vinguda de la Verge.<\/div>\n<hr data-start=\"5378\" data-end=\"5381\" \/><\/p>\n<p data-start=\"5383\" data-end=\"5439\">MUSEU ESCOLAR DE PU\u00c7OL<br data-start=\"5405\" data-end=\"5408\" \/>Partida de Pu\u00e7ol 8, 03296 Elx<\/p>\n<p><\/p>\n<p data-start=\"5441\" data-end=\"5643\">EXPOSICI\u00d3: <em>Elx en la d\u00e8cada de 1970. Una ciutat en transici\u00f3<\/em><br data-start=\"5505\" data-end=\"5508\" \/>Del divendres 6 de febrer al diumenge 24 de maig<br data-start=\"5554\" data-end=\"5557\" \/>Horari: de dilluns a divendres de 9.00 a 17.00 h. Dissabtes i diumenges d&#8217;11.00 a 14.00 h<\/p>\n<p><\/p>\n<p data-start=\"5645\" data-end=\"6088\">Informaci\u00f3: substituir la terra i la graveta per empedrat i quitr\u00e0, desplegar blocs alts de formig\u00f3 en s\u00e8rie, al\u00e7ar complexos industrials al costat de palmerars i rec\u00f3rrer els carrers replets de senyals, llums i comer\u00e7os amb el SEAT 600, que era un dels majors s\u00edmbols de la cultura espanyola en les <strong>d\u00e8cades de 1960 i 1970<\/strong>, va ser un clar signe de canvi en la societat il\u00b7licitana i, per tant, en la vida urbana del municipi. <strong>Aquella Elx, fortament apegada a les seues tradicions, que encara mantenia una important pres\u00e8ncia del rural, havia desenrotllat una ind\u00fastria de l&#8217;espardenya, articles de cautx\u00fa i cal\u00e7at<\/strong>. Davant este horitz\u00f3 esperan\u00e7ador, es van crear nous barris i naus industrials. Per\u00f2 la construcci\u00f3 va induir a l&#8217;especulaci\u00f3 i altres problemes mediambientals, com ara la tala indiscriminada d&#8217;horts de palmera que van afectar notablement el paisatge aut\u00f2cton i tradicional d&#8217;Elx.<\/p>\n<p><\/p>\n<hr data-start=\"6575\" data-end=\"6578\" \/><\/p>\n<p data-start=\"6580\" data-end=\"6629\">HORT DELS PONTOS<br data-start=\"6596\" data-end=\"6599\" \/>Cam\u00ed de l&#8217;Alm\u00e0ssera 5, 03203, Elx<\/p>\n<p><\/p>\n<p data-start=\"6631\" data-end=\"6723\">EXPOSICI\u00d3: <em>Palmer-Art,<\/em> d&#8217;Antonio Agull\u00f3<br data-start=\"6672\" data-end=\"6675\" \/>Del dissabte 28 de mar\u00e7 al diumenge 30 d\u2019agost<\/p>\n<p>[\/vc_column_text][\/vc_column][\/vc_row][vc_row][vc_column width=&#8221;1\/6&#8243;][\/vc_column][vc_column width=&#8221;2\/3&#8243;][\/vc_column][vc_column width=&#8221;1\/6&#8243;][\/vc_column][\/vc_row]<\/p>\n<\/div>","protected":false},"excerpt":{"rendered":"<p>[vc_row el_id=&#8221;SUBTITULAR_NOTICIA&#8221;][vc_column][vc_column_text css=&#8221;&#8221;] L\u2019Escorxador acull Virtual Sadness, una proposta esc\u00e8nica sobre l&#8217;impacte de la tecnologia en les emocions [\/vc_column_text][\/vc_column][\/vc_row][vc_row el_id=&#8221;TEXTO_NOTICIA&#8221;][vc_column][vc_column_text css=&#8221;&#8221;] El Gran Teatre centra la programaci\u00f3 cultural dels pr\u00f2xims [&hellip;]<\/p>\n","protected":false},"author":203,"featured_media":356016,"comment_status":"closed","ping_status":"closed","sticky":false,"template":"","format":"standard","meta":{"footnotes":""},"categories":[193,391,1312],"tags":[],"class_list":["post-356040","post","type-post","status-publish","format-standard","has-post-thumbnail","hentry","category-cultura-va","category-home-va","category-noticias-va"],"_links":{"self":[{"href":"https:\/\/www.elche.es\/va\/wp-json\/wp\/v2\/posts\/356040","targetHints":{"allow":["GET"]}}],"collection":[{"href":"https:\/\/www.elche.es\/va\/wp-json\/wp\/v2\/posts"}],"about":[{"href":"https:\/\/www.elche.es\/va\/wp-json\/wp\/v2\/types\/post"}],"author":[{"embeddable":true,"href":"https:\/\/www.elche.es\/va\/wp-json\/wp\/v2\/users\/203"}],"replies":[{"embeddable":true,"href":"https:\/\/www.elche.es\/va\/wp-json\/wp\/v2\/comments?post=356040"}],"version-history":[{"count":2,"href":"https:\/\/www.elche.es\/va\/wp-json\/wp\/v2\/posts\/356040\/revisions"}],"predecessor-version":[{"id":356042,"href":"https:\/\/www.elche.es\/va\/wp-json\/wp\/v2\/posts\/356040\/revisions\/356042"}],"wp:featuredmedia":[{"embeddable":true,"href":"https:\/\/www.elche.es\/va\/wp-json\/wp\/v2\/media\/356016"}],"wp:attachment":[{"href":"https:\/\/www.elche.es\/va\/wp-json\/wp\/v2\/media?parent=356040"}],"wp:term":[{"taxonomy":"category","embeddable":true,"href":"https:\/\/www.elche.es\/va\/wp-json\/wp\/v2\/categories?post=356040"},{"taxonomy":"post_tag","embeddable":true,"href":"https:\/\/www.elche.es\/va\/wp-json\/wp\/v2\/tags?post=356040"}],"curies":[{"name":"wp","href":"https:\/\/api.w.org\/{rel}","templated":true}]}}