{"id":356084,"date":"2026-04-29T07:41:49","date_gmt":"2026-04-29T05:41:49","guid":{"rendered":"https:\/\/www.elche.es\/2026\/04\/arriba-una-nova-programacio-a-clarisses-amb-musica-classica-concerts-entre-velas-i-humor\/"},"modified":"2026-04-29T11:39:18","modified_gmt":"2026-04-29T09:39:18","slug":"arriba-una-nova-programacio-a-clarisses-amb-musica-classica-concerts-entre-velas-i-humor","status":"publish","type":"post","link":"https:\/\/www.elche.es\/va\/2026\/04\/arriba-una-nova-programacio-a-clarisses-amb-musica-classica-concerts-entre-velas-i-humor\/","title":{"rendered":"Arriba una nova programaci\u00f3 a Clarisses amb m\u00fasica cl\u00e0ssica, concerts Entre Velas i humor"},"content":{"rendered":"<div class=\"wpb-content-wrapper\"><p>[vc_row el_id=&#8221;SUBTITULAR_NOTICIA&#8221;][vc_column][vc_column_text css=&#8221;&#8221;]<\/p>\n<hr \/>\n<p><strong>Durant els mesos de maig, juny i juliol estan previstes m\u00e9s d&#8217;una vintena d&#8217;espectacles per a tots els p\u00fablics i tots els gustos<\/strong><\/p>\n<hr \/>\n<p>[\/vc_column_text][\/vc_column][\/vc_row][vc_row el_id=&#8221;TEXTO_NOTICIA&#8221;][vc_column][vc_column_text css=&#8221;&#8221;]L&#8217;Ajuntament d&#8217;Elx, a trav\u00e9s de la Regidoria de Cultura, ha presentat la programaci\u00f3 en el Centre Cultural de Clarisses per als mesos de maig, juny i juliol amb m\u00e9s d&#8217;una vintena d&#8217;espectacles per a tots els p\u00fablics i tots els gustos.<\/p>\n<p>\u201cArriba la primavera i amb esta una de les programacions que s&#8217;han convertit en un referent per al nostre municipi, un espai que s&#8217;ha convertit en l&#8217;epicentre cultural i una visita obligada\u201d ha assenyalat l&#8217;edil de l&#8217;\u00e0rea, Irene Ruiz, que ha afegit que \u201cdes de hui mateix fins a principis de juliol, este espai s&#8217;omplir\u00e0 de m\u00fasica, interpretacions, riures i, en definitiva, de cultura\u201d.<\/p>\n<p>La programaci\u00f3 comen\u00e7a amb el cicle Cl\u00e0ssica Clarisses este dimarts 28 d&#8217;abril amb un recital de guitarra dins de la Setmana Bach. Durant tots els dijous de maig, el Conservatori Superior d&#8217;Alacant actuar\u00e0 amb recitals de grups i de piano. El divendres 5 de juny Les Clarisses acollir\u00e0 un concert especial del Cor Femen\u00ed Leucante i el dia dissabte 20 del mateix mes es tancar\u00e0 el cicle amb la nova edici\u00f3 del Festival de Guitarra Ciutat d\u2019Elx.[\/vc_column_text][\/vc_column][\/vc_row][vc_row source=&#8221;media_library&#8221; image=&#8221;&#8221; img_size=&#8221;medium&#8221; external_img_size=&#8221;&#8221; add_caption=&#8221;&#8221; alignment=&#8221;center&#8221; style=&#8221;&#8221; external_style=&#8221;&#8221; border_color=&#8221;grey&#8221; external_border_color=&#8221;grey&#8221; onclick=&#8221;link_image&#8221; img_link_target=&#8221;_self&#8221; el_class=&#8221;fotounicanoticiavertical&#8221; title=&#8221;&#8221; custom_src=&#8221;&#8221; caption=&#8221;&#8221; link=&#8221;&#8221; img_link_large=&#8221;&#8221;][vc_column][vc_single_image image=&#8221;356107&#8243; img_size=&#8221;medium&#8221; alignment=&#8221;center&#8221; onclick=&#8221;link_image&#8221; css=&#8221;&#8221; el_class=&#8221;fotounicanoticiavertical&#8221;][\/vc_column][\/vc_row][vc_row el_id=&#8221;DESTACADO_NOTICIA&#8221;][vc_column][vc_column_text css=&#8221;&#8221; el_class=&#8221;cuadronoticia&#8221;]<strong>Les actuacions comencen este 28 d&#8217;abril amb un recital de guitarra incl\u00f2s en la Setmana Bach i s&#8217;allargaran fins a principis del mes de juliol<\/strong>[\/vc_column_text][\/vc_column][\/vc_row][vc_row el_id=&#8221;TEXTO_FIN_NOTICIA&#8221;][vc_column][vc_column_text css=&#8221;&#8221;]A m\u00e9s, se celebrar\u00e0 el quint aniversari dels Concerts M\u00ednims. Una iniciativa consolidada i de gran \u00e8xit gr\u00e0cies a la qual artistes com a Alondra Bentley, Guadalupe Plata i la banda internacional Hnos. Guti\u00e9rrez passaran pel Pati dels Tarongers.<\/p>\n<p>En esta nova edici\u00f3, tindran lloc sis concerts Entre Velas en les nits de maig i juny. Als grans \u00e8xits d&#8217;<em>Abba<\/em> i<em> Mecano<\/em>, s&#8217;unix <em>Baladas de Leyenda<\/em>.<\/p>\n<p>Finalment, per a les nits d&#8217;estiu en Clarisses, tamb\u00e9 s&#8217;han programat actuacions humor\u00edstiques amb grans c\u00f2mics com Carol Tom\u00e1s, el xou de Jes\u00fas Manzano i Paco Calavera. El cicle d&#8217;humor el tancaran els c\u00f2mics de Magma Comedy.<\/p>\n<p>Tant els cicles de m\u00fasica cl\u00e0ssica com els Concerts M\u00ednims seran totalment gratu\u00efts pr\u00e8via recollida d&#8217;invitaci\u00f3, que estar\u00e0 disponible en Clarisses una hora abans del comen\u00e7ament de cada concert.<\/p>\n<p>Les actuacions d&#8217;Entre Velas tenen un preu de 10 euros i els espectacles d&#8217;humor entre 10 i 12 euros. Dels dos podran adquirir-se les entrades presencialment en les taquilles del Gran Teatre o a trav\u00e9s de vivaticket.es, en el cas d&#8217;Entre Velas, i en entradium.com, en el cas de les actuacions humor\u00edstiques.<\/p>\n<hr \/>\n<p>[\/vc_column_text][\/vc_column][\/vc_row][vc_row][vc_column width=&#8221;1\/6&#8243;][\/vc_column][vc_column width=&#8221;2\/3&#8243;]<audio class=\"sc_audio\" src=\"https:\/\/soundcloud.com\/ayuntamiento-de-elche\/llega-una-nueva-programacion-a?si=c116697f32d6433e9147fcfa7f9455ab&#038;utm_source=clipboard&#038;utm_medium=text&#038;utm_campaign=social_sharing\" width=\"\" height=\"\" style=\"````\"><\/audio>[\/vc_column][vc_column width=&#8221;1\/6&#8243;][\/vc_column][\/vc_row]<\/p>\n<\/div>","protected":false},"excerpt":{"rendered":"<p>[vc_row el_id=&#8221;SUBTITULAR_NOTICIA&#8221;][vc_column][vc_column_text css=&#8221;&#8221;] Durant els mesos de maig, juny i juliol estan previstes m\u00e9s d&#8217;una vintena d&#8217;espectacles per a tots els p\u00fablics i tots els gustos [\/vc_column_text][\/vc_column][\/vc_row][vc_row el_id=&#8221;TEXTO_NOTICIA&#8221;][vc_column][vc_column_text css=&#8221;&#8221;]L&#8217;Ajuntament d&#8217;Elx, [&hellip;]<\/p>\n","protected":false},"author":167,"featured_media":356032,"comment_status":"closed","ping_status":"closed","sticky":false,"template":"","format":"standard","meta":{"footnotes":""},"categories":[193,391,1312],"tags":[],"class_list":["post-356084","post","type-post","status-publish","format-standard","has-post-thumbnail","hentry","category-cultura-va","category-home-va","category-noticias-va"],"_links":{"self":[{"href":"https:\/\/www.elche.es\/va\/wp-json\/wp\/v2\/posts\/356084","targetHints":{"allow":["GET"]}}],"collection":[{"href":"https:\/\/www.elche.es\/va\/wp-json\/wp\/v2\/posts"}],"about":[{"href":"https:\/\/www.elche.es\/va\/wp-json\/wp\/v2\/types\/post"}],"author":[{"embeddable":true,"href":"https:\/\/www.elche.es\/va\/wp-json\/wp\/v2\/users\/167"}],"replies":[{"embeddable":true,"href":"https:\/\/www.elche.es\/va\/wp-json\/wp\/v2\/comments?post=356084"}],"version-history":[{"count":4,"href":"https:\/\/www.elche.es\/va\/wp-json\/wp\/v2\/posts\/356084\/revisions"}],"predecessor-version":[{"id":356111,"href":"https:\/\/www.elche.es\/va\/wp-json\/wp\/v2\/posts\/356084\/revisions\/356111"}],"wp:featuredmedia":[{"embeddable":true,"href":"https:\/\/www.elche.es\/va\/wp-json\/wp\/v2\/media\/356032"}],"wp:attachment":[{"href":"https:\/\/www.elche.es\/va\/wp-json\/wp\/v2\/media?parent=356084"}],"wp:term":[{"taxonomy":"category","embeddable":true,"href":"https:\/\/www.elche.es\/va\/wp-json\/wp\/v2\/categories?post=356084"},{"taxonomy":"post_tag","embeddable":true,"href":"https:\/\/www.elche.es\/va\/wp-json\/wp\/v2\/tags?post=356084"}],"curies":[{"name":"wp","href":"https:\/\/api.w.org\/{rel}","templated":true}]}}